{"id":16477,"date":"2023-10-11T00:02:34","date_gmt":"2023-10-10T21:02:34","guid":{"rendered":"https:\/\/marmarayerelhizmet.com\/?p=16477"},"modified":"2023-10-11T00:53:18","modified_gmt":"2023-10-10T21:53:18","slug":"karesi-iha-ussu-egitim-merkezi-olacak","status":"publish","type":"post","link":"https:\/\/marmarayerelhizmet.com\/index.php\/2023\/10\/11\/karesi-iha-ussu-egitim-merkezi-olacak\/","title":{"rendered":"Karesi \u0130HA \u00dcss\u00fc E\u011fitim Merkezi Olacak"},"content":{"rendered":"<p><strong><span style=\"font-family: arial, helvetica, sans-serif; font-size: 14px;\">Karesi Belediyesi \u0130nsans\u0131z Hava Arac\u0131 Uygulamal\u0131 E\u011fitim ve Teknoloji Merkezi in\u015faat \u00e7al\u0131\u015fmalar\u0131 h\u0131zla devam ediyor. \u00d6n\u00fcm\u00fczdeki aylarda faaliyete al\u0131nmas\u0131 planlanan merkez ayn\u0131 zamanda gen\u00e7ler i\u00e7inde e\u011fitim alan\u0131 olacak.<\/span><\/strong><\/p>\n<p><span style=\"font-family: arial, helvetica, sans-serif; font-size: 14px;\">\u0130lklere imza atarak fark\u0131ndal\u0131k olu\u015fturmak, teknolojinin y\u00f6n verdi\u011fi do\u011frultuda hizmetler yapmak ve en \u00f6nemlisi \u00fclkenin gelece\u011fi gen\u00e7lere \u00e7a\u011f\u0131n anlam\u0131n\u0131 ta\u015f\u0131yan bir miras b\u0131rakmak ad\u0131na Karesi Belediyesi yeni bir projeyi daha hayata ge\u00e7iriyor. Karesi\u2019de \u201cKaresi Belediyesi \u0130nsans\u0131z Hava Arac\u0131 Uygulamal\u0131 E\u011fitim ve Teknoloji Merkezi\u201d projesi i\u00e7in ihale s\u00fcreci tamamlan\u0131rken, in\u015faat \u00e7al\u0131\u015fmalar\u0131 da ba\u015flad\u0131. T\u00fcrkiye\u2019de bir ilk olacak uygulama ile Karesi, \u0130nsans\u0131z Hava Arac\u0131 Uygulamal\u0131 E\u011fitim ve Teknoloji Merkezi haline gelecek. Tesis, i\u00e7inde kurulacak G\u00fcne\u015f Enerjisi Santrali ile elektrik ihtiyac\u0131n\u0131 da kendi kendine kar\u015f\u0131layacak.<\/span><br \/>\n<span style=\"font-family: arial, helvetica, sans-serif; font-size: 14px;\">Son olarak Karesi Belediye Ba\u015fkan\u0131 Din\u00e7er Orkan ve AK Parti Bal\u0131kesir Milletvekili Mustafa Canbey \u00fcs in\u015faat\u0131nda incelemelerde bulunmu\u015ftu.<br \/>\n<\/span><br \/>\n<strong><span style=\"font-family: arial, helvetica, sans-serif; font-size: 14px;\">GEN\u00c7LER PROJELER \u00dcRETEB\u0130LECEK<\/span><\/strong><br \/>\n<span style=\"font-family: arial, helvetica, sans-serif; font-size: 14px;\">\u0130nsans\u0131z Hava Arac\u0131 (\u0130HA) teorik ve uygulamal\u0131 e\u011fitim s\u0131n\u0131flar\u0131, \u0130ni\u015f ve kalk\u0131\u015f pistleri, kapal\u0131 u\u00e7u\u015f alanlar\u0131 ile pist ve off-road RC ara\u00e7 yar\u0131\u015f alanlar\u0131n\u0131n yer alaca\u011f\u0131 Karesi Belediyesi \u0130nsans\u0131z Hava Arac\u0131 Uygulamal\u0131 E\u011fitim ve Teknoloji Merkezi kurulmas\u0131 y\u00f6nelik T\u00fcrkiye\u2019de bir ilk olacak merkez ile Karesi, \u0130HA \u00dcss\u00fc haline gelmesi planlan\u0131yor. 20.797 m2 alana kurulan \u0130HA \u00fcss\u00fcnde idari ofis, uygulamal\u0131 e\u011fitim merkezi, \u0130HA \u00fcretim at\u00f6lyesi, yatay \u0130HA ini\u015f pisti, d\u00fc\u015fey \u0130HA ini\u015f pisti yap\u0131lacak olup, yap\u0131m s\u00fcreci devam ediyor. \u0130lerleyen s\u00fcre\u00e7te de RC ara\u00e7 yar\u0131\u015f pisti RC ara\u00e7 off-road pisti ile tesisimizin elektrik enerjisinin sa\u011flanaca\u011f\u0131 GES \u00fcnitelerinden olu\u015fmas\u0131 planlan\u0131yor.<\/span><br \/>\n<span style=\"font-family: arial, helvetica, sans-serif; font-size: 14px;\">Proje yerle\u015fkesinde \u0130HA teknolojilerine y\u00f6nelik teorik ve uygulamal\u0131 e\u011fitimler, sertifika programlar\u0131, \u0130HA model \u00fcretimi ve U\u00e7u\u015f Yaz\u0131l\u0131mlar\u0131 Geli\u015ftirme gibi e\u011fitimler s\u00f6z konusu olacak. Yerle\u015fke e\u011flence imkan\u0131 tan\u0131rken bir yandan da teknoloji \u00fczerine e\u011fitim alm\u0131\u015f gen\u00e7lerin ald\u0131klar\u0131 e\u011fitimleri katma de\u011ferlere d\u00f6n\u00fc\u015ft\u00fcrecek inovatif projelerini yapabilmelerine imkan tan\u0131yacak. Yerle\u015fke hem yak\u0131n hem de uzak \u00e7evredeki gen\u00e7 ve ilgi duyan herkese hizmet verebilir bir vizyon ile hayata ge\u00e7ecek ve ayr\u0131ca hem ulusal hem de uluslararas\u0131 yar\u0131\u015flara ev sahipli\u011fi yapabilir bir anlay\u0131\u015f ile hizmet verecek.<\/span><\/p>\n","protected":false},"excerpt":{"rendered":"<p>Karesi Belediyesi \u0130nsans\u0131z Hava Arac\u0131 Uygulamal\u0131 E\u011fitim ve Teknoloji Merkezi in\u015faat \u00e7al\u0131\u015fmalar\u0131 h\u0131zla devam ediyor. \u00d6n\u00fcm\u00fczdeki aylarda faaliyete al\u0131nmas\u0131 planlanan<\/p>\n","protected":false},"author":3,"featured_media":16479,"comment_status":"open","ping_status":"open","sticky":false,"template":"","format":"standard","meta":{"colormag_page_container_layout":"default_layout","colormag_page_sidebar_layout":"default_layout","footnotes":""},"categories":[1,5,8],"tags":[],"class_list":["post-16477","post","type-post","status-publish","format-standard","has-post-thumbnail","hentry","category-genel","category-gundem","category-siyaset"],"_links":{"self":[{"href":"https:\/\/marmarayerelhizmet.com\/index.php\/wp-json\/wp\/v2\/posts\/16477","targetHints":{"allow":["GET"]}}],"collection":[{"href":"https:\/\/marmarayerelhizmet.com\/index.php\/wp-json\/wp\/v2\/posts"}],"about":[{"href":"https:\/\/marmarayerelhizmet.com\/index.php\/wp-json\/wp\/v2\/types\/post"}],"author":[{"embeddable":true,"href":"https:\/\/marmarayerelhizmet.com\/index.php\/wp-json\/wp\/v2\/users\/3"}],"replies":[{"embeddable":true,"href":"https:\/\/marmarayerelhizmet.com\/index.php\/wp-json\/wp\/v2\/comments?post=16477"}],"version-history":[{"count":0,"href":"https:\/\/marmarayerelhizmet.com\/index.php\/wp-json\/wp\/v2\/posts\/16477\/revisions"}],"wp:featuredmedia":[{"embeddable":true,"href":"https:\/\/marmarayerelhizmet.com\/index.php\/wp-json\/wp\/v2\/media\/16479"}],"wp:attachment":[{"href":"https:\/\/marmarayerelhizmet.com\/index.php\/wp-json\/wp\/v2\/media?parent=16477"}],"wp:term":[{"taxonomy":"category","embeddable":true,"href":"https:\/\/marmarayerelhizmet.com\/index.php\/wp-json\/wp\/v2\/categories?post=16477"},{"taxonomy":"post_tag","embeddable":true,"href":"https:\/\/marmarayerelhizmet.com\/index.php\/wp-json\/wp\/v2\/tags?post=16477"}],"curies":[{"name":"wp","href":"https:\/\/api.w.org\/{rel}","templated":true}]}}