{"id":16423,"date":"2023-10-09T23:55:50","date_gmt":"2023-10-09T20:55:50","guid":{"rendered":"https:\/\/marmarayerelhizmet.com\/?p=16423"},"modified":"2023-10-10T00:19:09","modified_gmt":"2023-10-09T21:19:09","slug":"abden-filistine-insani-yardim","status":"publish","type":"post","link":"https:\/\/marmarayerelhizmet.com\/index.php\/2023\/10\/09\/abden-filistine-insani-yardim\/","title":{"rendered":"AB&#8217;den, Filistin\u2019e \u0130nsani Yard\u0131m"},"content":{"rendered":"<p><strong><span style=\"font-family: arial, helvetica, sans-serif; font-size: 14px;\">Avrupa Birli\u011fi (AB) Komisyonu, \u0130srail ve Filistin aras\u0131ndaki \u00e7at\u0131\u015fmalar\u0131n patlak vermesinin ard\u0131ndan Filistin\u2019e yap\u0131lan mali yard\u0131mlar\u0131 g\u00f6zden ge\u00e7irilece\u011fini fakat insani yard\u0131mlar\u0131n devam edece\u011fini aktard\u0131.<br \/>\n<\/span><\/strong><br \/>\n<span style=\"font-family: arial, helvetica, sans-serif; font-size: 14px;\">\u0130srail ve Filistin aras\u0131ndaki \u00e7at\u0131\u015fmalar devam ederken, Avrupa Birli\u011fi (AB) Komisyonu, Filistin\u2019e yap\u0131lan mali yard\u0131mlar\u0131 g\u00f6zden ge\u00e7irme karar\u0131 ald\u0131. AB Komisyonu taraf\u0131ndan yap\u0131lan a\u00e7\u0131klamada, \u201cKomisyon, Hamas&#8217;\u0131n hafta sonu \u0130srail&#8217;e kar\u015f\u0131 ger\u00e7ekle\u015ftirdi\u011fi sald\u0131r\u0131lar\u0131 kesin bir \u015fekilde k\u0131n\u0131yor. Bu olaylar\u0131n ard\u0131ndan Komisyon bug\u00fcn, AB&#8217;nin Filistin&#8217;e yapt\u0131\u011f\u0131 mali yard\u0131m\u0131n acil olarak g\u00f6zden ge\u00e7irilmeye ba\u015fland\u0131\u011f\u0131n\u0131 duyuruyor. Mevcut g\u00fcvenlik \u00f6nlemlerine ek olarak, bu incelemenin amac\u0131, hi\u00e7bir AB fonunun dolayl\u0131 olarak herhangi bir ter\u00f6r \u00f6rg\u00fct\u00fcn\u00fcn \u0130srail&#8217;e kar\u015f\u0131 sald\u0131r\u0131 d\u00fczenlemesine olanak vermemesini sa\u011flamakt\u0131r\u2019\u2019 ifadeleri kullan\u0131ld\u0131.<br \/>\n<\/span><br \/>\n<strong><span style=\"font-family: arial, helvetica, sans-serif; font-size: 14px;\">AB ko\u015fullara g\u00f6re karar verecek<\/span><\/strong><br \/>\n<span style=\"font-family: arial, helvetica, sans-serif; font-size: 14px;\">AB yard\u0131mlar\u0131n\u0131n sahada ya\u015fanacak geli\u015fmelere g\u00f6re yeniden \u015fekillenece\u011fi vurgulanan a\u00e7\u0131klamada, \u201cKomisyon, sahadaki de\u011fi\u015fen ko\u015fullar \u0131\u015f\u0131\u011f\u0131nda, Filistin halk\u0131na ve Filistin y\u00f6netimine y\u00f6nelik destek programlar\u0131n\u0131n ayarlanmas\u0131 gerekip gerekmedi\u011fini de ayn\u0131 \u015fekilde inceleyecek. Komisyon bu incelemeyi m\u00fcmk\u00fcn olan en k\u0131sa s\u00fcrede ger\u00e7ekle\u015ftirecek ve gerekli her t\u00fcrl\u00fc takip eylemini \u00fcye devletler ve ortaklarla koordine edecektir\u201d denildi.<br \/>\n<\/span><br \/>\n<strong><span style=\"font-family: arial, helvetica, sans-serif; font-size: 14px;\">\u0130nceleme insani yard\u0131mlar\u0131 kapsam\u0131yor<\/span><\/strong><br \/>\n<span style=\"font-family: arial, helvetica, sans-serif; font-size: 14px;\">Filistin i\u00e7in \u00f6ng\u00f6r\u00fclm\u00fc\u015f bir \u00f6demenin bulunmamas\u0131 nedeniyle AB Komisyonu taraf\u0131ndan ba\u015flat\u0131lan inceleme nedeniyle herhangi bir ask\u0131ya alma durumu s\u00f6z konusu olmad\u0131\u011f\u0131 belirtilen a\u00e7\u0131klamada, incelemenin ise insani yard\u0131mlar\u0131 kapsamad\u0131\u011f\u0131 aktar\u0131larak, \u201cBu s\u00fcre\u00e7te herhangi bir \u00f6deme \u00f6ng\u00f6r\u00fclmedi\u011fi i\u00e7in \u00f6demelerin durdurulmas\u0131 da s\u00f6z konusu olmayacak. Bu inceleme, Avrupa Sivil Koruma ve \u0130nsani Yard\u0131m Operasyonlar\u0131 (ECHO) kapsam\u0131nda sa\u011flanan insani yard\u0131mlar\u0131 kapsamamaktad\u0131r\u2019\u2019 denildi.<br \/>\n<\/span><br \/>\n<strong><span style=\"font-family: arial, helvetica, sans-serif; font-size: 14px;\">\u201cYard\u0131mlar\u0131n kesilmesi Filistin halk\u0131n\u0131 cezaland\u0131rmak olur\u201d<\/span><\/strong><br \/>\n<span style=\"font-family: arial, helvetica, sans-serif; font-size: 14px;\">AB Komisyonu\u2019nun karar\u0131na de\u011finen AB D\u0131\u015f \u0130li\u015fkiler Y\u00fcksek Temsilcisi ve AB Komisyonu Ba\u015fkan Yard\u0131mc\u0131s\u0131 Josep Borrell, AB\u2019nin Filistin\u2019e mali yard\u0131mlar\u0131n\u0131n kesilmesi taleplerine kar\u015f\u0131 \u00e7\u0131kt\u0131. Borrell, \u201cAvrupa Komisyonu taraf\u0131ndan duyurulan AB&#8217;nin Filistin&#8217;e y\u00f6nelik yard\u0131m\u0131n\u0131n g\u00f6zden ge\u00e7irilmesi, Komisyon&#8217;un bas\u0131n a\u00e7\u0131klamas\u0131nda da belirtildi\u011fi gibi vadesi gelen \u00f6demeleri ask\u0131ya almayacak. T\u00fcm Filistin halk\u0131n\u0131 cezaland\u0131racak \u015fekilde \u00f6demelerin ask\u0131ya al\u0131nmas\u0131, AB&#8217;nin b\u00f6lgedeki \u00e7\u0131karlar\u0131na zarar verecek ve ter\u00f6ristleri daha da cesaretlendirecektir\u2019\u2019 ifadelerini kulland\u0131.<\/span><br \/>\n<span style=\"font-family: arial, helvetica, sans-serif; font-size: 14px;\">AB Komisyonunun Filistin\u2019e y\u00f6nelik mali yard\u0131mlar\u0131 yar\u0131n yap\u0131lacak olan AB D\u0131\u015fi\u015fleri Bakanlar\u0131 Toplant\u0131s\u0131&#8217;nda g\u00fcndeme gelmesi bekleniyor.<\/span><\/p>\n","protected":false},"excerpt":{"rendered":"<p>Avrupa Birli\u011fi (AB) Komisyonu, \u0130srail ve Filistin aras\u0131ndaki \u00e7at\u0131\u015fmalar\u0131n patlak vermesinin ard\u0131ndan Filistin\u2019e yap\u0131lan mali yard\u0131mlar\u0131 g\u00f6zden ge\u00e7irilece\u011fini fakat insani<\/p>\n","protected":false},"author":3,"featured_media":16425,"comment_status":"open","ping_status":"open","sticky":false,"template":"","format":"standard","meta":{"colormag_page_container_layout":"default_layout","colormag_page_sidebar_layout":"default_layout","footnotes":""},"categories":[1,5],"tags":[],"class_list":["post-16423","post","type-post","status-publish","format-standard","has-post-thumbnail","hentry","category-genel","category-gundem"],"_links":{"self":[{"href":"https:\/\/marmarayerelhizmet.com\/index.php\/wp-json\/wp\/v2\/posts\/16423","targetHints":{"allow":["GET"]}}],"collection":[{"href":"https:\/\/marmarayerelhizmet.com\/index.php\/wp-json\/wp\/v2\/posts"}],"about":[{"href":"https:\/\/marmarayerelhizmet.com\/index.php\/wp-json\/wp\/v2\/types\/post"}],"author":[{"embeddable":true,"href":"https:\/\/marmarayerelhizmet.com\/index.php\/wp-json\/wp\/v2\/users\/3"}],"replies":[{"embeddable":true,"href":"https:\/\/marmarayerelhizmet.com\/index.php\/wp-json\/wp\/v2\/comments?post=16423"}],"version-history":[{"count":0,"href":"https:\/\/marmarayerelhizmet.com\/index.php\/wp-json\/wp\/v2\/posts\/16423\/revisions"}],"wp:featuredmedia":[{"embeddable":true,"href":"https:\/\/marmarayerelhizmet.com\/index.php\/wp-json\/wp\/v2\/media\/16425"}],"wp:attachment":[{"href":"https:\/\/marmarayerelhizmet.com\/index.php\/wp-json\/wp\/v2\/media?parent=16423"}],"wp:term":[{"taxonomy":"category","embeddable":true,"href":"https:\/\/marmarayerelhizmet.com\/index.php\/wp-json\/wp\/v2\/categories?post=16423"},{"taxonomy":"post_tag","embeddable":true,"href":"https:\/\/marmarayerelhizmet.com\/index.php\/wp-json\/wp\/v2\/tags?post=16423"}],"curies":[{"name":"wp","href":"https:\/\/api.w.org\/{rel}","templated":true}]}}