{"id":16278,"date":"2023-10-06T16:43:24","date_gmt":"2023-10-06T13:43:24","guid":{"rendered":"https:\/\/marmarayerelhizmet.com\/?p=16278"},"modified":"2023-10-06T16:43:24","modified_gmt":"2023-10-06T13:43:24","slug":"fiyat-farkina-vatandas-tepki-gosterdi","status":"publish","type":"post","link":"https:\/\/marmarayerelhizmet.com\/index.php\/2023\/10\/06\/fiyat-farkina-vatandas-tepki-gosterdi\/","title":{"rendered":"Fiyat Fark\u0131na Vatanda\u015f Tepki G\u00f6sterdi"},"content":{"rendered":"<p><strong><span style=\"font-family: arial, helvetica, sans-serif; font-size: 14px;\">Tar\u0131m Kredi marketleri i\u00e7me suyu fiyat\u0131nda zincir marketleri sollad\u0131. Kooperatif marketlerde sat\u0131lan su ile zincir marketlerde sat\u0131lan ayn\u0131 markaya ait sulardaki fiyat fark\u0131 g\u00f6ze \u00e7arpt\u0131. Bir zincir markette 4,95 TL olan yar\u0131m litrelik i\u00e7me suyunun \u0130stanbul&#8217;daki Tar\u0131m Kredi marketlerinde 5,90 TL\u2019ye sat\u0131ld\u0131\u011f\u0131 g\u00f6r\u00fcld\u00fc. 1 TL&#8217;lik fiyat fark\u0131 vatanda\u015flar\u0131n tepkisini \u00e7ekti.<br \/>\n<\/span><\/strong><br \/>\n<span style=\"font-family: arial, helvetica, sans-serif; font-size: 14px;\">\u0130lk \u015fubesini Mart 2017\u2019de a\u00e7an Kooperatif marketler t\u00fcketicilere yayg\u0131n bir a\u011f ile hizmet sunabilmek ve uygun al\u0131\u015fveri\u015f sunma amac\u0131yla yurt genelinde \u015fube say\u0131s\u0131n\u0131 art\u0131rmay\u0131 hedefliyor. Tar\u0131m Kredi Kooperatifi marketlerinde bulunan \u00fcr\u00fcnlerin daha ucuz olmas\u0131 vatanda\u015flar taraf\u0131ndan bilinirken, son zamanlarda tersi y\u00f6n\u00fcnde bir hal ald\u0131. \u00d6zellikle s\u00f6z konusu \u015fubelerde baz\u0131 temel g\u0131da \u00fcr\u00fcnlerindeki fiyatlar, hem yerel hem de zincir marketlerde bulunan baz\u0131 \u00fcr\u00fcnlerin fiyatlar\u0131n\u0131 sollad\u0131.<\/span><br \/>\n<span style=\"font-family: arial, helvetica, sans-serif; font-size: 14px;\">\u0130stanbul&#8217;da ucuz al\u0131\u015fveri\u015f i\u00e7in kurulan Tar\u0131m Kredi kooperatifleri marketlerinde i\u00e7me suyu cep yak\u0131yor. Vatanda\u015flar da fiyat fark\u0131ndan \u015fikayet etti. \u0130stanbul Bah\u00e7elievler&#8217;de bulunan bir zincir markette 4,95 TL olan yar\u0131m litrelik i\u00e7me suyunun ayn\u0131 markayla Tar\u0131m Kredi Kooperatif markette 5,90 TL\u2019ye sat\u0131ld\u0131\u011f\u0131 g\u00f6r\u00fcld\u00fc. Ayn\u0131 markan\u0131n \u00fcr\u00fcn\u00fc olan su fiyat\u0131ndaki 1 TL\u2019ye yak\u0131n fiyat fark\u0131na vatanda\u015flar tepki g\u00f6stererek incelenmesi gerekti\u011fini s\u00f6yledi. Ayn\u0131 cadde \u00fczerinde bulunan farkl\u0131 bir markaya ait en ucuz 0,5 litrelik su ise bir ba\u015fka zincir markette 2,25 TL&#8217;den sat\u0131l\u0131yor.<br \/>\n<\/span><br \/>\n<strong><span style=\"font-family: arial, helvetica, sans-serif; font-size: 14px;\">Vatanda\u015flar bu duruma isyan etti<\/span><\/strong><br \/>\n<span style=\"font-family: arial, helvetica, sans-serif; font-size: 14px;\">Metin G\u00fcl\u015fen isimli vatanda\u015f, \u201cBaz\u0131 marketlerde su 6 lirayken, baz\u0131 marketlerde 3 liradan sat\u0131l\u0131yor. Ben baz\u0131 marketlerde 1,5 litrelik suyu 7 liraya al\u0131rken, baz\u0131 marketlerde 0,5 litre olan su 6 liraya sat\u0131l\u0131yor. Ayn\u0131 marka olmas\u0131na ra\u011fmen marketlere g\u00f6re fiyat farklar\u0131 \u00e7ok fazla. Bu durumun denetlenmesi gerekiyor\u201d dedi.<\/span><br \/>\n<span style=\"font-family: arial, helvetica, sans-serif; font-size: 14px;\">Muzaffer Ulutekin ise, baz\u0131 marketlerde k\u00fc\u00e7\u00fck suyun 3 liradan sat\u0131ld\u0131\u011f\u0131n\u0131, baz\u0131 marketlerde ise 5 liraya sat\u0131ld\u0131\u011f\u0131n\u0131 s\u00f6yledi.<\/span><br \/>\n<span style=\"font-family: arial, helvetica, sans-serif; font-size: 14px;\">Bir ba\u015fka vatanda\u015f Ozan Karakaya, &#8220;Az \u00f6nce Tar\u0131m Kredi marketinden 5,90 liraya ald\u0131\u011f\u0131m suyu, ayn\u0131 marka olmas\u0131na ra\u011fmen ba\u015fka bir markette 4 veya 3 liradan sat\u0131ld\u0131\u011f\u0131n\u0131 g\u00f6rd\u00fcm&#8221; diye konu\u015ftu.<\/span><\/p>\n","protected":false},"excerpt":{"rendered":"<p>Tar\u0131m Kredi marketleri i\u00e7me suyu fiyat\u0131nda zincir marketleri sollad\u0131. Kooperatif marketlerde sat\u0131lan su ile zincir marketlerde sat\u0131lan ayn\u0131 markaya ait<\/p>\n","protected":false},"author":3,"featured_media":16280,"comment_status":"open","ping_status":"open","sticky":false,"template":"","format":"standard","meta":{"colormag_page_container_layout":"default_layout","colormag_page_sidebar_layout":"default_layout","footnotes":""},"categories":[3,1,5],"tags":[],"class_list":["post-16278","post","type-post","status-publish","format-standard","has-post-thumbnail","hentry","category-ekonomi","category-genel","category-gundem"],"_links":{"self":[{"href":"https:\/\/marmarayerelhizmet.com\/index.php\/wp-json\/wp\/v2\/posts\/16278","targetHints":{"allow":["GET"]}}],"collection":[{"href":"https:\/\/marmarayerelhizmet.com\/index.php\/wp-json\/wp\/v2\/posts"}],"about":[{"href":"https:\/\/marmarayerelhizmet.com\/index.php\/wp-json\/wp\/v2\/types\/post"}],"author":[{"embeddable":true,"href":"https:\/\/marmarayerelhizmet.com\/index.php\/wp-json\/wp\/v2\/users\/3"}],"replies":[{"embeddable":true,"href":"https:\/\/marmarayerelhizmet.com\/index.php\/wp-json\/wp\/v2\/comments?post=16278"}],"version-history":[{"count":0,"href":"https:\/\/marmarayerelhizmet.com\/index.php\/wp-json\/wp\/v2\/posts\/16278\/revisions"}],"wp:featuredmedia":[{"embeddable":true,"href":"https:\/\/marmarayerelhizmet.com\/index.php\/wp-json\/wp\/v2\/media\/16280"}],"wp:attachment":[{"href":"https:\/\/marmarayerelhizmet.com\/index.php\/wp-json\/wp\/v2\/media?parent=16278"}],"wp:term":[{"taxonomy":"category","embeddable":true,"href":"https:\/\/marmarayerelhizmet.com\/index.php\/wp-json\/wp\/v2\/categories?post=16278"},{"taxonomy":"post_tag","embeddable":true,"href":"https:\/\/marmarayerelhizmet.com\/index.php\/wp-json\/wp\/v2\/tags?post=16278"}],"curies":[{"name":"wp","href":"https:\/\/api.w.org\/{rel}","templated":true}]}}