{"id":16274,"date":"2023-10-06T13:56:45","date_gmt":"2023-10-06T10:56:45","guid":{"rendered":"https:\/\/marmarayerelhizmet.com\/?p=16274"},"modified":"2023-10-06T13:56:45","modified_gmt":"2023-10-06T10:56:45","slug":"her-semte-bir-kutuphane","status":"publish","type":"post","link":"https:\/\/marmarayerelhizmet.com\/index.php\/2023\/10\/06\/her-semte-bir-kutuphane\/","title":{"rendered":"&#8216;Her Semte Bir K\u00fct\u00fcphane&#8217;"},"content":{"rendered":"<p><strong><span style=\"font-family: arial, helvetica, sans-serif; font-size: 14px;\">\u201cHer semte bir k\u00fct\u00fcphane\u201d projesi kapsam\u0131nda Beyo\u011flu\u2019ndaki k\u00fct\u00fcphanelere bir yenisi eklendi. Sinanpa\u015fa Millet K\u00fct\u00fcphanesi\u2019nin a\u00e7\u0131l\u0131\u015f\u0131na kat\u0131lan \u0130stanbul Valisi Davut G\u00fcl, \u201cBu k\u00fct\u00fcphaneler \u00e7ok \u00f6nemli bir sosyal ihtiyac\u0131 gidermi\u015f olacak\u201d diyerek \u00e7ocuklar\u0131n k\u00f6t\u00fc al\u0131\u015fkanl\u0131klardan uzak bir \u015fekilde yeti\u015fmelerine yapaca\u011f\u0131 katk\u0131ya dikkat \u00e7ekti.<br \/>\n<\/span><\/strong><br \/>\n<span style=\"font-family: arial, helvetica, sans-serif; font-size: 14px;\">Beyo\u011flu\u2019nda \u201cHer semte bir k\u00fct\u00fcphane\u201d hedefiyle ger\u00e7ekle\u015ftirilen proje kapsam\u0131nda Sinanpa\u015fa Millet K\u00fct\u00fcphanesi hizmete a\u00e7\u0131ld\u0131. Saat 11.00\u2019de yap\u0131lan a\u00e7\u0131l\u0131\u015fa, \u0130stanbul Valisi Davut G\u00fcl, Beyo\u011flu Kaymakam\u0131 Can Aksoy, Beyo\u011flu Belediye Ba\u015fkan\u0131 Haydar Ali Y\u0131ld\u0131z ve \u00e7ok say\u0131da \u00f6\u011frenci ile aileleri kat\u0131ld\u0131. Burada konu\u015fan Vali Davut G\u00fcl, bu ve benzeri k\u00fct\u00fcphanelerin \u00e7ocuklar\u0131n k\u00f6t\u00fc al\u0131\u015fkanl\u0131klardan uzak, iyi bir \u015fekilde yeti\u015fmeleri anlam\u0131nda b\u00fcy\u00fck bir sosyal ihtiyac\u0131 kar\u015f\u0131layaca\u011f\u0131n\u0131 s\u00f6yledi.<\/span><\/p>\n<p><strong><span style=\"font-family: arial, helvetica, sans-serif; font-size: 14px;\">\u201cBu k\u00fct\u00fcphaneler \u00e7ok \u00f6nemli bir sosyal ihtiyac\u0131 gidermi\u015f olacak\u201d<\/span><\/strong><br \/>\n<span style=\"font-family: arial, helvetica, sans-serif; font-size: 14px;\">K\u00fct\u00fcphanenin \u00e7ocuklara sa\u011flayaca\u011f\u0131 katk\u0131lara dikkat \u00e7eken Vali G\u00fcl, \u201cBiz hangi anneyle konu\u015fsak \u00e7ocu\u011funun \u00e7ok iyi yeti\u015fmesini, k\u00f6t\u00fc al\u0131\u015fkanl\u0131klar\u0131n\u0131n olmamas\u0131n\u0131 ve arkada\u015f \u00e7evresinin de d\u00fczg\u00fcn \u00e7ocuklardan olu\u015fmas\u0131n\u0131 ister. Bizler de istiyoruz. Bu k\u00fct\u00fcphaneler o anlamda da \u00e7ok \u00f6nemli bir sosyal ihtiyac\u0131 gidermi\u015f olacak. Y\u00fcr\u00fcme mesafesinde spor tesisi, y\u00fcr\u00fcme mesafesinde k\u00fct\u00fcphane, cumartesi-pazar ba\u015fta olmak \u00fczere mesai saatleri d\u0131\u015f\u0131nda da kullan\u0131labilecek okullar\u0131m\u0131z; \u00f6zetle de \u00e7ocu\u011fun kitap okudu\u011fu, m\u00fcmk\u00fcnse bir enstr\u00fcman \u00e7ald\u0131\u011f\u0131, sosyal-k\u00fclt\u00fcrel faaliyetlere kat\u0131ld\u0131\u011f\u0131 bir \u00f6\u011frenci profili istiyoruz. Beyo\u011flu Belediyesinin bunu bir\u00e7ok mahallede yapt\u0131\u011f\u0131n\u0131 g\u00f6r\u00fcyoruz. Bunun daha \u00e7ok yayg\u0131nla\u015fmas\u0131 laz\u0131m. Hem belediye ba\u015fkan\u0131m\u0131za, belediyedeki ekibine, hi\u00e7 \u015f\u00fcphesiz bu g\u00fczelli\u011fi bug\u00fcn yaln\u0131z b\u0131rakmayan mahalleliye, \u00f6zellikle han\u0131mefendilere tek tek te\u015fekk\u00fcr ediyorum\u201d dedi.<\/span><\/p>\n<p><strong><span style=\"font-family: arial, helvetica, sans-serif; font-size: 14px;\">\u201cSay\u0131lar\u0131n\u0131n artarak \u00e7o\u011falmas\u0131n\u0131 diliyorum\u201d<\/span><\/strong><br \/>\n<span style=\"font-family: arial, helvetica, sans-serif; font-size: 14px;\">Bug\u00fcnk\u00fc a\u00e7\u0131l\u0131\u015f\u0131n son derece anlaml\u0131 ve \u00f6nemli oldu\u011funu s\u00f6yleyen Beyo\u011flu Kaymakam\u0131 Can Aksoy da, \u201cBug\u00fcn, Say\u0131n Cumhurba\u015fkan\u0131m\u0131z\u0131n yeti\u015fmi\u015f oldu\u011fu mahallede b\u00f6yle bir Millet K\u00fct\u00fcphanesinin a\u00e7\u0131l\u0131\u015f\u0131na kat\u0131lman\u0131n bahtiyarl\u0131\u011f\u0131n\u0131 ya\u015f\u0131yorum. Camimizin bah\u00e7esinde olmas\u0131 da b\u00fcy\u00fck bir mutluluk. \u0130n\u015fallah say\u0131lar\u0131n\u0131n artarak \u00e7o\u011falmas\u0131n\u0131 diliyorum. Ben de belediye ba\u015fkan\u0131m\u0131za ve ekibine bu anlaml\u0131 projeden dolay\u0131 te\u015fekk\u00fcr ediyorum\u201d diye konu\u015ftu.<\/span><\/p>\n<p><strong><span style=\"font-family: arial, helvetica, sans-serif; font-size: 14px;\">\u201cB\u00fcy\u00fck k\u00fct\u00fcphaneleri 15\u2019e b\u00f6ld\u00fcm ve b\u00fct\u00fcn mahallelere da\u011f\u0131tt\u0131m\u201d<\/span><\/strong><br \/>\n<span style=\"font-family: arial, helvetica, sans-serif; font-size: 14px;\">Beyo\u011flu Belediye Ba\u015fkan\u0131 Haydar Ali Y\u0131ld\u0131z ise, \u201c\u00dc\u00e7 \u015feye \u00f6nem verdim; \u00e7ocuklar\u0131m\u0131z i\u00e7in okul, k\u00fct\u00fcphane ve spor sahas\u0131. K\u0131skand\u0131\u011f\u0131m belediye ba\u015fkanlar\u0131na dedim ki sizin yapt\u0131\u011f\u0131n\u0131z o b\u00fcy\u00fck b\u00fcy\u00fck k\u00fct\u00fcphaneleri k\u0131skand\u0131m ama ben biraz zekam\u0131 zorlad\u0131m, asl\u0131nda zorunluluktan zekadan de\u011fil, sizin yapt\u0131\u011f\u0131n\u0131z b\u00fcy\u00fck k\u00fct\u00fcphaneleri 15\u2019e b\u00f6ld\u00fcm ve b\u00fct\u00fcn mahallelere da\u011f\u0131tt\u0131m. Art\u0131k belediye ba\u015fkanlar\u0131na bunu bu \u015fekilde tavsiye ediyorum. Bir \u00e7ocu\u011fu okula veya spor salonuna g\u00f6nderirken \u00e7ocuk paltosunu giyecek, ayakkab\u0131s\u0131n\u0131 giyecek, haz\u0131rl\u0131k yapacak, o il\u00e7enin belli bir noktas\u0131na otob\u00fcsle ya da minib\u00fcsle gidecek top sahas\u0131na veya k\u00fct\u00fcphaneye gidecek ama bizim k\u00fct\u00fcphanemize ve top sahas\u0131na \u00e7ocuk aya\u011f\u0131nda terli\u011fi, s\u0131rt\u0131nda h\u0131rkas\u0131yla gidebilecek. Anas\u0131, babas\u0131, ninesi balkondan onu g\u00f6rebilecek, \u00e7ocuk k\u00fct\u00fcphaneye gidiyor diye. Bunlar \u00e7ocuk mahalleden kopmas\u0131n diye. Rahmetli Erbakan Hocam\u0131z, merhum ba\u015fbakan derdi ki, \u201c\u00c7ocuklar\u0131n oyun yerlerini camilere yak\u0131n yap\u0131n, ezan sesiyle b\u00fcy\u00fcs\u00fcnler. Dikkat ettiyseniz bizim cami, k\u00fct\u00fcphane, spor sahalar\u0131m\u0131z hep yan yana. \u00c7ocuklar\u0131m\u0131z gelece\u011fini, ge\u00e7mi\u015fini bilerek ya\u015fas\u0131nlar. Bu \u00e7ocuklar T\u00fcrkiye\u2019nin gelece\u011fi\u201d ifadelerini kulland\u0131.<\/span><br \/>\n<span style=\"font-family: arial, helvetica, sans-serif; font-size: 14px;\">Konu\u015fmalar\u0131n ard\u0131ndan Vali Davut G\u00fcl, \u00e7ocuklarla birlikte a\u00e7\u0131l\u0131\u015f kurdelesini kesti. Daha sonra k\u00fct\u00fcphaneyi dola\u015farak inceleyen G\u00fcl, burada da \u00e7ocuklarla sohbet edip k\u00fct\u00fcphaneden ayr\u0131ld\u0131.<\/span><\/p>\n","protected":false},"excerpt":{"rendered":"<p>\u201cHer semte bir k\u00fct\u00fcphane\u201d projesi kapsam\u0131nda Beyo\u011flu\u2019ndaki k\u00fct\u00fcphanelere bir yenisi eklendi. Sinanpa\u015fa Millet K\u00fct\u00fcphanesi\u2019nin a\u00e7\u0131l\u0131\u015f\u0131na kat\u0131lan \u0130stanbul Valisi Davut G\u00fcl,<\/p>\n","protected":false},"author":3,"featured_media":16276,"comment_status":"open","ping_status":"open","sticky":false,"template":"","format":"standard","meta":{"colormag_page_container_layout":"default_layout","colormag_page_sidebar_layout":"default_layout","footnotes":""},"categories":[45,1,5,8],"tags":[],"class_list":["post-16274","post","type-post","status-publish","format-standard","has-post-thumbnail","hentry","category-egitim","category-genel","category-gundem","category-siyaset"],"_links":{"self":[{"href":"https:\/\/marmarayerelhizmet.com\/index.php\/wp-json\/wp\/v2\/posts\/16274","targetHints":{"allow":["GET"]}}],"collection":[{"href":"https:\/\/marmarayerelhizmet.com\/index.php\/wp-json\/wp\/v2\/posts"}],"about":[{"href":"https:\/\/marmarayerelhizmet.com\/index.php\/wp-json\/wp\/v2\/types\/post"}],"author":[{"embeddable":true,"href":"https:\/\/marmarayerelhizmet.com\/index.php\/wp-json\/wp\/v2\/users\/3"}],"replies":[{"embeddable":true,"href":"https:\/\/marmarayerelhizmet.com\/index.php\/wp-json\/wp\/v2\/comments?post=16274"}],"version-history":[{"count":0,"href":"https:\/\/marmarayerelhizmet.com\/index.php\/wp-json\/wp\/v2\/posts\/16274\/revisions"}],"wp:featuredmedia":[{"embeddable":true,"href":"https:\/\/marmarayerelhizmet.com\/index.php\/wp-json\/wp\/v2\/media\/16276"}],"wp:attachment":[{"href":"https:\/\/marmarayerelhizmet.com\/index.php\/wp-json\/wp\/v2\/media?parent=16274"}],"wp:term":[{"taxonomy":"category","embeddable":true,"href":"https:\/\/marmarayerelhizmet.com\/index.php\/wp-json\/wp\/v2\/categories?post=16274"},{"taxonomy":"post_tag","embeddable":true,"href":"https:\/\/marmarayerelhizmet.com\/index.php\/wp-json\/wp\/v2\/tags?post=16274"}],"curies":[{"name":"wp","href":"https:\/\/api.w.org\/{rel}","templated":true}]}}