{"id":16155,"date":"2023-10-04T00:28:54","date_gmt":"2023-10-03T21:28:54","guid":{"rendered":"https:\/\/marmarayerelhizmet.com\/?p=16155"},"modified":"2023-10-04T00:28:33","modified_gmt":"2023-10-03T21:28:33","slug":"orkandan-vatandaslara-tesekkur","status":"publish","type":"post","link":"https:\/\/marmarayerelhizmet.com\/index.php\/2023\/10\/04\/orkandan-vatandaslara-tesekkur\/","title":{"rendered":"Orkan&#8217;dan Vatanda\u015flara Te\u015fekk\u00fcr"},"content":{"rendered":"<p><strong><span style=\"font-family: arial, helvetica, sans-serif; font-size: 14px;\">G\u00f6reve ba\u015flad\u0131\u011f\u0131 g\u00fcnden buyana s\u0131k s\u0131k mahalle ziyaretlerini s\u00fcrd\u00fcren Karesi Belediye Ba\u015fkan\u0131 Din\u00e7er Orkan, son olarak Pa\u015faalan\u0131 Mahallesi\u2019nde esnaf ve vatanda\u015flarla bir araya geldi. Ba\u015fkan Orkan, \u201c\u00c7al\u0131\u015fmalar\u0131m\u0131za katk\u0131 sunan t\u00fcm mahalle sakinlerimize te\u015fekk\u00fcr ediyorum\u201d dedi.<\/span><\/strong><\/p>\n<p><span style=\"font-family: arial, helvetica, sans-serif; font-size: 14px;\">Karesi Belediye Ba\u015fkan\u0131 Din\u00e7er Orkan, vatanda\u015flarla bir araya gelmeye devam ediyor. G\u00f6reve ba\u015flad\u0131\u011f\u0131 g\u00fcnden bu yana ara vermeden mahalle, esnaf ve vatanda\u015f ziyaretlerine ara vermeden devam eden Ba\u015fkan Orkan, son ziyaretini Pa\u015faalan\u0131 Mahallesi\u2019ne ger\u00e7ekle\u015ftirdi. Sorunlar\u0131, beklentileri ve devam eden \u00e7al\u0131\u015fmalar\u0131 yerinde g\u00f6zlemleyerek her ya\u015fta mahalle sakinleri ile bir araya gelmeye b\u00fcy\u00fck \u00f6nem veren Karesi Belediye Ba\u015fkan\u0131 Din\u00e7er Orkan, esnaf ve vatanda\u015flarla bir araya geldi. Ba\u015fkan Orkan\u2019\u0131n ger\u00e7ekle\u015ftirdi\u011fi inceleme ziyaretinde kendisine birim m\u00fcd\u00fcrleri e\u015flik etti.<br \/>\n<\/span><br \/>\n<strong><span style=\"font-family: arial, helvetica, sans-serif; font-size: 14px;\">BA\u015eKAN ORKAN: \u201cVATANDA\u015eLARIMIZLA \u0130ST\u0130\u015eARELERDE BULUNUYORUZ\u201d<\/span><\/strong><br \/>\n<span style=\"font-family: arial, helvetica, sans-serif; font-size: 14px;\">Ziyaretlerde muhtarlardan sokaktaki vatanda\u015flara, han\u0131mlardan gen\u00e7lere ve \u00e7ocuklara kadar her kesimden vatanda\u015fla g\u00f6r\u00fc\u015fme f\u0131rsat\u0131 bulduklar\u0131n\u0131 belirten Ba\u015fkan Orkan, \u201cG\u00f6reve geldi\u011fimiz ilk g\u00fcnden itibaren kap\u0131m\u0131z her bir vatanda\u015f\u0131m\u0131za a\u00e7\u0131k oldu. Ancak bunu asla yeterli g\u00f6rmedik. Bize ula\u015famayan vatanda\u015flar\u0131m\u0131za biz ula\u015f\u0131yor, vatanda\u015flar\u0131m\u0131z\u0131 dinliyor, \u00f6nceliklerini \u00f6\u011freniyor, sorunlar\u0131 yerinde tespit ediyor, \u00e7\u00f6z\u00fcm yollar\u0131n\u0131 onlarla yapt\u0131\u011f\u0131m\u0131z fikir al\u0131\u015fveri\u015fleriyle de\u011ferlendiriyoruz. Bu ziyaretleri, taleplerin ve devam eden \u00e7al\u0131\u015fmalar\u0131n yerinde tespiti, yeni ba\u015flayacak \u00e7al\u0131\u015fmalar\u0131n fizibilitesi ve planlamas\u0131 ile vatanda\u015flar\u0131m\u0131zla isti\u015fareler bak\u0131m\u0131ndan olduk\u00e7a fazla \u00f6nemsiyoruz. Kap\u0131m\u0131z vatanda\u015flar\u0131m\u0131za bundan sonra da her zaman a\u00e7\u0131k olacak. Di\u011fer taraftan da bu mahalle ziyaretlerimizde devam edecek\u201d diye konu\u015ftu.<\/span><\/p>\n<p>&nbsp;<\/p>\n","protected":false},"excerpt":{"rendered":"<p>G\u00f6reve ba\u015flad\u0131\u011f\u0131 g\u00fcnden buyana s\u0131k s\u0131k mahalle ziyaretlerini s\u00fcrd\u00fcren Karesi Belediye Ba\u015fkan\u0131 Din\u00e7er Orkan, son olarak Pa\u015faalan\u0131 Mahallesi\u2019nde esnaf ve<\/p>\n","protected":false},"author":3,"featured_media":16157,"comment_status":"open","ping_status":"open","sticky":false,"template":"","format":"standard","meta":{"colormag_page_container_layout":"default_layout","colormag_page_sidebar_layout":"default_layout","footnotes":""},"categories":[1,5,8],"tags":[],"class_list":["post-16155","post","type-post","status-publish","format-standard","has-post-thumbnail","hentry","category-genel","category-gundem","category-siyaset"],"_links":{"self":[{"href":"https:\/\/marmarayerelhizmet.com\/index.php\/wp-json\/wp\/v2\/posts\/16155","targetHints":{"allow":["GET"]}}],"collection":[{"href":"https:\/\/marmarayerelhizmet.com\/index.php\/wp-json\/wp\/v2\/posts"}],"about":[{"href":"https:\/\/marmarayerelhizmet.com\/index.php\/wp-json\/wp\/v2\/types\/post"}],"author":[{"embeddable":true,"href":"https:\/\/marmarayerelhizmet.com\/index.php\/wp-json\/wp\/v2\/users\/3"}],"replies":[{"embeddable":true,"href":"https:\/\/marmarayerelhizmet.com\/index.php\/wp-json\/wp\/v2\/comments?post=16155"}],"version-history":[{"count":0,"href":"https:\/\/marmarayerelhizmet.com\/index.php\/wp-json\/wp\/v2\/posts\/16155\/revisions"}],"wp:featuredmedia":[{"embeddable":true,"href":"https:\/\/marmarayerelhizmet.com\/index.php\/wp-json\/wp\/v2\/media\/16157"}],"wp:attachment":[{"href":"https:\/\/marmarayerelhizmet.com\/index.php\/wp-json\/wp\/v2\/media?parent=16155"}],"wp:term":[{"taxonomy":"category","embeddable":true,"href":"https:\/\/marmarayerelhizmet.com\/index.php\/wp-json\/wp\/v2\/categories?post=16155"},{"taxonomy":"post_tag","embeddable":true,"href":"https:\/\/marmarayerelhizmet.com\/index.php\/wp-json\/wp\/v2\/tags?post=16155"}],"curies":[{"name":"wp","href":"https:\/\/api.w.org\/{rel}","templated":true}]}}