{"id":16151,"date":"2023-10-03T17:38:25","date_gmt":"2023-10-03T14:38:25","guid":{"rendered":"https:\/\/marmarayerelhizmet.com\/?p=16151"},"modified":"2023-10-03T17:38:25","modified_gmt":"2023-10-03T14:38:25","slug":"kultur-sanat-sezonu-aciliyor","status":"publish","type":"post","link":"https:\/\/marmarayerelhizmet.com\/index.php\/2023\/10\/03\/kultur-sanat-sezonu-aciliyor\/","title":{"rendered":"K\u00fclt\u00fcr Sanat Sezonu A\u00e7\u0131l\u0131yor"},"content":{"rendered":"<p><strong><span style=\"font-family: arial, helvetica, sans-serif; font-size: 14px;\">Esenler Belediyesi k\u00fclt\u00fcr-sanat sezonlar\u0131n\u0131 tarihi bir ki\u015fili\u011fe atfetme gelene\u011fini bu y\u0131l da s\u00fcrd\u00fcr\u00fcyor. Esenler\u2019de 2023-2024 K\u00fclt\u00fcr-Sanat Sezonu, Fatih Sultan Mehmet Han taraf\u0131ndan Ayasofya Medresesi\u2019ne m\u00fcderris olarak tayin edilen T\u00fcrk astronom, dil bilimci ve matematik\u00e7i Ali Ku\u015f\u00e7u\u2019ya ithaf edildi.<br \/>\n<\/span><\/strong><br \/>\n<span style=\"font-family: arial, helvetica, sans-serif; font-size: 14px;\">K\u00fclt\u00fcr &#8211; sanat sezonlar\u0131n\u0131 tarihi bir ki\u015fili\u011fe ithaf etme gelene\u011fini devam ettiren Esenler Belediyesi, yeni d\u00f6nemi do\u011fumunun 620. y\u0131l\u0131nda T\u00fcrk astronom, dil bilimci ve matematik\u00e7i Ali Ku\u015f\u00e7u\u2019ya atfediyor. Birbirinden zengin ve \u00f6zel i\u00e7eriklere sahip etkinliklerin ger\u00e7ekle\u015fece\u011fi yeni sezonda Esenler, yine ad\u0131ndan s\u00f6z ettirecek \u00e7al\u0131\u015fmalara imza atacak. Esenler\u2019de bu y\u0131l da sezona \u00f6zel pek \u00e7ok etkinlikle her ya\u015ftan vatanda\u015f, k\u00fclt\u00fcr sanat\u0131n farkl\u0131 renkleriyle tan\u0131\u015fma f\u0131rsat\u0131 yakalayacak. Esenler\u2019de 2023-2024 k\u00fclt\u00fcr sanat sezonu, \u00f6mr\u00fcn\u00fc ilme adam\u0131\u015f ve bilim d\u00fcnyas\u0131nda ses getiren bulu\u015flara imza atm\u0131\u015f Ali Ku\u015f\u00e7u\u2019nun izinde ger\u00e7ekle\u015fecek. Fizik\u00e7i, filozof ve kelam alimi Ali Ku\u015f\u00e7u\u2019nun her bir vasf\u0131n\u0131n ayr\u0131 ayr\u0131 projelerle ele al\u0131naca\u011f\u0131 yeni sezona birbirinden de\u011ferli isimler katk\u0131 sunacak. Esenler\u2019de bu sezon, her ya\u015ftan vatanda\u015f k\u00fclt\u00fcr sanat\u0131n yan\u0131 s\u0131ra bilim d\u00fcnyas\u0131yla tan\u0131\u015farak ke\u015ffetmenin tad\u0131na varacak. Ali Ku\u015f\u00e7u\u2019nun t\u00fcm y\u00f6nleriyle ele al\u0131naca\u011f\u0131 yeni sezonun start\u0131, 5 Ekim Per\u015fembe saat 19.30\u2019da, Y\u0131ld\u0131z Teknik \u00dcniversitesi Tarihi Hamam\u2019da d\u00fczenlenecek a\u00e7\u0131l\u0131\u015f program\u0131yla verilecek. Programda kanun sanat\u00e7\u0131s\u0131 ve bestekar G\u00f6ksel Baktagir, icra edece\u011fi eserlerle kat\u0131l\u0131mc\u0131lara m\u00fczik ziyafeti sunacak.<br \/>\n<\/span><br \/>\n<strong><span style=\"font-family: arial, helvetica, sans-serif; font-size: 14px;\">\u0130slam d\u00fc\u015f\u00fcncesine \u0131\u015f\u0131k tutulacak<\/span><\/strong><br \/>\n<span style=\"font-family: arial, helvetica, sans-serif; font-size: 14px;\">Fikir, sanat ve bilim d\u00fcnyam\u0131za y\u00f6n veren \u015fahsiyetleri, toplumun her kesimine tan\u0131tma misyonuyla hareket eden Esenler Belediyesi bu y\u0131l \u201c\u0130slam D\u00fc\u015f\u00fcncesinin Seyri\u201d adl\u0131 seminer dizisine ev sahipli\u011fi yapacak. \u0130slam d\u00fc\u015f\u00fcncesinin ser\u00fcvenine ve k\u00fclt\u00fcr d\u00fcnyam\u0131z\u0131n derinliklerine \u0131\u015f\u0131k tutacak seminer program\u0131 ile 200\u2019\u00fc a\u015fk\u0131n ara\u015ft\u0131rmac\u0131n\u0131n katk\u0131s\u0131yla 6 cilt olarak okurla bulu\u015fan \u201c\u0130slam D\u00fc\u015f\u00fcnce Atlas\u0131\u201d \u00e7ok y\u00f6nl\u00fc olarak ele al\u0131nacak. Yeni sezonda festivaller, s\u00f6yle\u015filer, sergiler, konserler, fuarlar, anma programlar\u0131, yar\u0131\u015fmalar, seminerler, e\u011fitimler tiyatrolar, film g\u00f6sterimleri, sezona \u00f6zel k\u00fclt\u00fcr turlar\u0131 ve daha pek \u00e7ok \u00f6zg\u00fcn projeyle Esenler yine fark\u0131n\u0131 ortaya koyacak.<br \/>\n<\/span><br \/>\n<strong><span style=\"font-family: arial, helvetica, sans-serif; font-size: 14px;\">Sezona \u00f6zel s\u00fcrpriz projeler<\/span><\/strong><br \/>\n<span style=\"font-family: arial, helvetica, sans-serif; font-size: 14px;\">Esenler Belediyesi\u2019nin yay\u0131n organ\u0131 \u015eehir Ekran\u0131 TV\u2019de de sezona \u00f6zel i\u00e7erikler merakl\u0131lar\u0131yla bulu\u015facak. Kanalda Ali Ku\u015f\u00e7u\u2019nun bilim d\u00fcnyas\u0131na olan katk\u0131lar\u0131 13 b\u00f6l\u00fcml\u00fck programla ele al\u0131nacak. Miniklerin severek takip etti\u011fi \u015eehir ve \u00c7ocuk Kanal\u0131\u2019nda da yine Ali Ku\u015f\u00e7u ve bilim ile ilgili e\u011fitici i\u00e7eriklere yer verilecek. Esenler\u2019de \u00e7ok say\u0131da k\u00fclt\u00fcr sanat etkinli\u011fine ev sahipli\u011fi yapan Dr. Kadir Topba\u015f K\u00fclt\u00fcr Sanat Merkezi\u2019nde sezonun ruhunu yans\u0131tan \u00e7al\u0131\u015fmalara yer verilecek. Uzay ve g\u00f6k bilimi ile ilgili s\u00fcrpriz projeler de bu sezon merakl\u0131lar\u0131yla bulu\u015facak.<\/span><\/p>\n","protected":false},"excerpt":{"rendered":"<p>Esenler Belediyesi k\u00fclt\u00fcr-sanat sezonlar\u0131n\u0131 tarihi bir ki\u015fili\u011fe atfetme gelene\u011fini bu y\u0131l da s\u00fcrd\u00fcr\u00fcyor. Esenler\u2019de 2023-2024 K\u00fclt\u00fcr-Sanat Sezonu, Fatih Sultan Mehmet<\/p>\n","protected":false},"author":3,"featured_media":16153,"comment_status":"open","ping_status":"open","sticky":false,"template":"","format":"standard","meta":{"colormag_page_container_layout":"default_layout","colormag_page_sidebar_layout":"default_layout","footnotes":""},"categories":[1,5,6,8],"tags":[],"class_list":["post-16151","post","type-post","status-publish","format-standard","has-post-thumbnail","hentry","category-genel","category-gundem","category-kultur-sanat","category-siyaset"],"_links":{"self":[{"href":"https:\/\/marmarayerelhizmet.com\/index.php\/wp-json\/wp\/v2\/posts\/16151","targetHints":{"allow":["GET"]}}],"collection":[{"href":"https:\/\/marmarayerelhizmet.com\/index.php\/wp-json\/wp\/v2\/posts"}],"about":[{"href":"https:\/\/marmarayerelhizmet.com\/index.php\/wp-json\/wp\/v2\/types\/post"}],"author":[{"embeddable":true,"href":"https:\/\/marmarayerelhizmet.com\/index.php\/wp-json\/wp\/v2\/users\/3"}],"replies":[{"embeddable":true,"href":"https:\/\/marmarayerelhizmet.com\/index.php\/wp-json\/wp\/v2\/comments?post=16151"}],"version-history":[{"count":0,"href":"https:\/\/marmarayerelhizmet.com\/index.php\/wp-json\/wp\/v2\/posts\/16151\/revisions"}],"wp:featuredmedia":[{"embeddable":true,"href":"https:\/\/marmarayerelhizmet.com\/index.php\/wp-json\/wp\/v2\/media\/16153"}],"wp:attachment":[{"href":"https:\/\/marmarayerelhizmet.com\/index.php\/wp-json\/wp\/v2\/media?parent=16151"}],"wp:term":[{"taxonomy":"category","embeddable":true,"href":"https:\/\/marmarayerelhizmet.com\/index.php\/wp-json\/wp\/v2\/categories?post=16151"},{"taxonomy":"post_tag","embeddable":true,"href":"https:\/\/marmarayerelhizmet.com\/index.php\/wp-json\/wp\/v2\/tags?post=16151"}],"curies":[{"name":"wp","href":"https:\/\/api.w.org\/{rel}","templated":true}]}}