{"id":16136,"date":"2023-10-03T12:52:02","date_gmt":"2023-10-03T09:52:02","guid":{"rendered":"https:\/\/marmarayerelhizmet.com\/?p=16136"},"modified":"2023-10-03T12:52:02","modified_gmt":"2023-10-03T09:52:02","slug":"yarismaya-basvurular-basladi-3","status":"publish","type":"post","link":"https:\/\/marmarayerelhizmet.com\/index.php\/2023\/10\/03\/yarismaya-basvurular-basladi-3\/","title":{"rendered":"Yar\u0131\u015fmaya Ba\u015fvurular Ba\u015flad\u0131"},"content":{"rendered":"<p><strong><span style=\"font-family: arial, helvetica, sans-serif; font-size: 14px;\">Esenler Film Festivali \u00e7er\u00e7evesinde d\u00fczenlenecek olan K\u0131sa Film Yar\u0131\u015fmas\u0131\u2019na ba\u015fvurular ba\u015flad\u0131. Bu y\u0131l 4\u2019nc\u00fc kez film co\u015fkusunu doyas\u0131ya ya\u015fatacak festivalde toplam \u00f6d\u00fcl ise 125 bin liraya \u00e7\u0131kar\u0131ld\u0131. \u201cSerbest\u201d konulu K\u0131sa Film Yar\u0131\u015fmas\u0131\u2019na ba\u015fvurular 12 Kas\u0131m 2023 tarihinde sona erecek.<br \/>\n<\/span><\/strong><br \/>\n<span style=\"font-family: arial, helvetica, sans-serif; font-size: 14px;\">Esenler Belediyesi bu y\u0131l 15-19 Aral\u0131k 2023 tarihleri aras\u0131nda ger\u00e7ekle\u015fecek Esenler Film Festivali \u00e7er\u00e7evesinde K\u0131sa Film Yar\u0131\u015fmas\u0131\u2019n\u0131n 4\u2019\u00fcnc\u00fcs\u00fcne ev sahipli\u011fi yapacak. 3 y\u0131ld\u0131r sinema co\u015fkusunu doyas\u0131ya ya\u015fatan Esenler Film G\u00fcnleri, 4\u2019\u00fcnc\u00fc y\u0131l\u0131nda festivale d\u00f6n\u00fc\u015f\u00fcrken gen\u00e7 yetenekleri cesaretlendirmeye devam edecek. Bu y\u0131l K\u0131sa Film Yar\u0131\u015fmas\u0131&#8217;nda y\u00f6netmenler, \u201cSerbest\u201d konulu filmleriyle yar\u0131\u015facak. \u0130lk 10\u2019a girip finalist olarak yar\u0131\u015facak t\u00fcm filmlere, toplam 125 bin liral\u0131k \u00f6d\u00fcl verilecek. J\u00fcri koltu\u011funda \u00f6nemli isimlerin yer ald\u0131\u011f\u0131 yar\u0131\u015fmaya son ba\u015fvurular ise 12 Kas\u0131m 2023\u2019e kadar yap\u0131lacak.<\/span><\/p>\n<p><strong><span style=\"font-family: arial, helvetica, sans-serif; font-size: 14px;\">Toplam 125 bin lira \u00f6d\u00fcl<\/span><\/strong><br \/>\n<span style=\"font-family: arial, helvetica, sans-serif; font-size: 14px;\">T\u00fcrkiye\u2019de k\u0131sa filmin geli\u015fimine katk\u0131da bulunmak ve yeni yeteneklere imkan sa\u011flamak amac\u0131yla ger\u00e7ekle\u015ftirilen Esenler K\u0131sa Film Yar\u0131\u015fmas\u0131\u2019nda birincili\u011fi elde eden filme 40 bin lira, ikinciye 30 bin lira, \u00fc\u00e7\u00fcnc\u00fcye ise 20 bin lira \u00f6d\u00fcl verilecek. \u0130lk 10\u2019a kalan 7 filme ise motivasyon deste\u011fi olarak 5\u2019er bin liral\u0131k g\u00f6sterim telifi takdim edilecek. Adaylar yar\u0131\u015fmaya 15 dakikal\u0131k bir filmle kat\u0131lma hakk\u0131na sahip olacak.<\/span><\/p>\n<p><strong><span style=\"font-family: arial, helvetica, sans-serif; font-size: 14px;\">K\u0131sa film yap\u0131m\u0131 \u00f6zendirilecek<\/span><\/strong><br \/>\n<span style=\"font-family: arial, helvetica, sans-serif; font-size: 14px;\">K\u0131sa film yap\u0131m\u0131n\u0131 \u00f6zendirmek ve sinema end\u00fcstrisinin geli\u015fimine katk\u0131 sa\u011flamak amac\u0131yla hayata ge\u00e7irilen K\u0131sa Film Yar\u0131\u015fmas\u0131\u2019n\u0131n 4\u2019\u00fcnc\u00fc y\u0131l\u0131nda, yar\u0131\u015fman\u0131n j\u00fcri koltu\u011funa ise sekt\u00f6rden \u00f6nemli isimler oturacak. Yar\u0131\u015fmaya ba\u015fvurular, www.esenlerfilmfestivali.com adresi \u00fczerinden yap\u0131lacak. Adaylar yar\u0131\u015fma ile ilgili detayl\u0131 bilgiye internet sitesi \u00fczerinden ula\u015f\u0131labilecek.<\/span><\/p>\n","protected":false},"excerpt":{"rendered":"<p>Esenler Film Festivali \u00e7er\u00e7evesinde d\u00fczenlenecek olan K\u0131sa Film Yar\u0131\u015fmas\u0131\u2019na ba\u015fvurular ba\u015flad\u0131. Bu y\u0131l 4\u2019nc\u00fc kez film co\u015fkusunu doyas\u0131ya ya\u015fatacak festivalde<\/p>\n","protected":false},"author":3,"featured_media":16138,"comment_status":"open","ping_status":"open","sticky":false,"template":"","format":"standard","meta":{"colormag_page_container_layout":"default_layout","colormag_page_sidebar_layout":"default_layout","footnotes":""},"categories":[1,5,6,8],"tags":[],"class_list":["post-16136","post","type-post","status-publish","format-standard","has-post-thumbnail","hentry","category-genel","category-gundem","category-kultur-sanat","category-siyaset"],"_links":{"self":[{"href":"https:\/\/marmarayerelhizmet.com\/index.php\/wp-json\/wp\/v2\/posts\/16136","targetHints":{"allow":["GET"]}}],"collection":[{"href":"https:\/\/marmarayerelhizmet.com\/index.php\/wp-json\/wp\/v2\/posts"}],"about":[{"href":"https:\/\/marmarayerelhizmet.com\/index.php\/wp-json\/wp\/v2\/types\/post"}],"author":[{"embeddable":true,"href":"https:\/\/marmarayerelhizmet.com\/index.php\/wp-json\/wp\/v2\/users\/3"}],"replies":[{"embeddable":true,"href":"https:\/\/marmarayerelhizmet.com\/index.php\/wp-json\/wp\/v2\/comments?post=16136"}],"version-history":[{"count":0,"href":"https:\/\/marmarayerelhizmet.com\/index.php\/wp-json\/wp\/v2\/posts\/16136\/revisions"}],"wp:featuredmedia":[{"embeddable":true,"href":"https:\/\/marmarayerelhizmet.com\/index.php\/wp-json\/wp\/v2\/media\/16138"}],"wp:attachment":[{"href":"https:\/\/marmarayerelhizmet.com\/index.php\/wp-json\/wp\/v2\/media?parent=16136"}],"wp:term":[{"taxonomy":"category","embeddable":true,"href":"https:\/\/marmarayerelhizmet.com\/index.php\/wp-json\/wp\/v2\/categories?post=16136"},{"taxonomy":"post_tag","embeddable":true,"href":"https:\/\/marmarayerelhizmet.com\/index.php\/wp-json\/wp\/v2\/tags?post=16136"}],"curies":[{"name":"wp","href":"https:\/\/api.w.org\/{rel}","templated":true}]}}