{"id":16090,"date":"2023-10-02T13:15:14","date_gmt":"2023-10-02T10:15:14","guid":{"rendered":"https:\/\/marmarayerelhizmet.com\/?p=16090"},"modified":"2023-10-02T13:15:14","modified_gmt":"2023-10-02T10:15:14","slug":"iskurdan-kariyer-danismanligi","status":"publish","type":"post","link":"https:\/\/marmarayerelhizmet.com\/index.php\/2023\/10\/02\/iskurdan-kariyer-danismanligi\/","title":{"rendered":"\u0130\u015eKUR&#8217;dan Kariyer Dan\u0131\u015fmanl\u0131\u011f\u0131"},"content":{"rendered":"<p><strong><span style=\"font-family: arial, helvetica, sans-serif; font-size: 14px;\">\u0130\u015eKUR i\u015f ve meslek dan\u0131\u015fmanlar\u0131, Cumhurba\u015fkanl\u0131\u011f\u0131 \u0130nsan Kaynaklar\u0131 Ofisi taraf\u0131ndan geli\u015ftirilen Yetenek Kap\u0131s\u0131 Platformu\u2019nda hizmet vermeye ba\u015flad\u0131.<br \/>\n<\/span><\/strong><br \/>\n<span style=\"font-family: arial, helvetica, sans-serif; font-size: 14px;\">\u0130\u015f ve meslek dan\u0131\u015fmanlar\u0131, \u00dcniversite Kariyer Merkezlerince sunulan hizmetleri t\u00fcm \u00f6\u011frenci ve mezunlar i\u00e7in ula\u015f\u0131labilir hale getirmek, gen\u00e7lerin i\u015f g\u00fcc\u00fc piyasas\u0131 ile etkile\u015fimlerini g\u00fc\u00e7lendirmek ve istihdam edilebilirliklerini desteklemek amac\u0131yla Cumhurba\u015fkanl\u0131\u011f\u0131 \u0130nsan Kaynaklar\u0131 Ofisi taraf\u0131ndan geli\u015ftirilen Yetenek Kap\u0131s\u0131 Platformu\u2019nda hizmet vermeye ba\u015flad\u0131. Gen\u00e7lerin kendilerini tan\u0131malar\u0131na, ki\u015fisel ve mesleki \u00f6zelliklerini fark etmelerine, meslekler hakk\u0131nda bilgi edinmelerine ve edindikleri bilgileri bireysel bazda de\u011ferlendirerek kendilerine uygun i\u015f ve meslek se\u00e7imi konusunda karar vermelerine yard\u0131mc\u0131 olmak \u00fczere \u00e7al\u0131\u015fan i\u015f ve meslek dan\u0131\u015fmanlar\u0131, Yetenek Kap\u0131s\u0131 \u00fczerinden t\u00fcm \u00fcniversite \u00f6\u011frencilerine ve mezunlar\u0131na hizmet verecek.<\/span><\/p>\n<p><strong><span style=\"font-family: arial, helvetica, sans-serif; font-size: 14px;\">345 i\u015f ve meslek dan\u0131\u015fman\u0131 Yetenek Kap\u0131s\u0131 Platformu\u2019nda tan\u0131mland\u0131<\/span><\/strong><br \/>\n<span style=\"font-family: arial, helvetica, sans-serif; font-size: 14px;\">\u00dcniversite \u00f6\u011frencilerine kariyer dan\u0131\u015fmanl\u0131\u011f\u0131 sa\u011flamak \u00fczere 345 i\u015f ve meslek dan\u0131\u015fman\u0131 Yetenek Kap\u0131s\u0131 Platformu\u2019na tan\u0131mland\u0131 ve platformun \u201cKariyer Dan\u0131\u015fmanl\u0131\u011f\u0131 Mod\u00fcl\u00fc\u201d \u00fczerinden programlar \u00dcniversite Kariyer Merkezleri ile koordineli \u015fekilde eri\u015fime a\u00e7\u0131ld\u0131. \u0130lerleyen g\u00fcnlerde kapsam\u0131 geni\u015fletilerek devam edece\u011fi belirtilen bu i\u015f birli\u011fiyle dan\u0131\u015fmanlar, bireysel ve mesleki geli\u015fim a\u00e7\u0131s\u0131ndan kritik \u00f6neme sahip kariyer dan\u0131\u015fmanl\u0131\u011f\u0131 hizmetini zaman ve mek\u00e2n gibi s\u0131n\u0131rlara tabi olmadan sunmaya, 10 y\u0131l\u0131 a\u015fk\u0131n tecr\u00fcbelerini gen\u00e7ler ile daha etkin ve eri\u015filebilir \u015fekilde payla\u015fmaya devam edecek. Bug\u00fcn itibar\u0131yla 81 ildeki t\u00fcm<\/span><br \/>\n<span style=\"font-family: arial, helvetica, sans-serif; font-size: 14px;\">\u00fcniversitelerin \u00f6\u011frencileri ve mezunlar\u0131, Yetenek Kap\u0131s\u0131\u2019na kendi internet sitesi adresinden ula\u015fabilecek ve \u00fcniversitelerinde g\u00f6revlendirilen i\u015f ve meslek dan\u0131\u015fmanlar\u0131ndan randevu alarak y\u00fcz y\u00fcze ya da \u00e7evrim i\u00e7i olarak g\u00f6r\u00fc\u015fmelerini ger\u00e7ekle\u015ftirebilecek.<\/span><\/p>\n","protected":false},"excerpt":{"rendered":"<p>\u0130\u015eKUR i\u015f ve meslek dan\u0131\u015fmanlar\u0131, Cumhurba\u015fkanl\u0131\u011f\u0131 \u0130nsan Kaynaklar\u0131 Ofisi taraf\u0131ndan geli\u015ftirilen Yetenek Kap\u0131s\u0131 Platformu\u2019nda hizmet vermeye ba\u015flad\u0131. \u0130\u015f ve meslek<\/p>\n","protected":false},"author":3,"featured_media":16092,"comment_status":"open","ping_status":"open","sticky":false,"template":"","format":"standard","meta":{"colormag_page_container_layout":"default_layout","colormag_page_sidebar_layout":"default_layout","footnotes":""},"categories":[3,1,5],"tags":[],"class_list":["post-16090","post","type-post","status-publish","format-standard","has-post-thumbnail","hentry","category-ekonomi","category-genel","category-gundem"],"_links":{"self":[{"href":"https:\/\/marmarayerelhizmet.com\/index.php\/wp-json\/wp\/v2\/posts\/16090","targetHints":{"allow":["GET"]}}],"collection":[{"href":"https:\/\/marmarayerelhizmet.com\/index.php\/wp-json\/wp\/v2\/posts"}],"about":[{"href":"https:\/\/marmarayerelhizmet.com\/index.php\/wp-json\/wp\/v2\/types\/post"}],"author":[{"embeddable":true,"href":"https:\/\/marmarayerelhizmet.com\/index.php\/wp-json\/wp\/v2\/users\/3"}],"replies":[{"embeddable":true,"href":"https:\/\/marmarayerelhizmet.com\/index.php\/wp-json\/wp\/v2\/comments?post=16090"}],"version-history":[{"count":0,"href":"https:\/\/marmarayerelhizmet.com\/index.php\/wp-json\/wp\/v2\/posts\/16090\/revisions"}],"wp:featuredmedia":[{"embeddable":true,"href":"https:\/\/marmarayerelhizmet.com\/index.php\/wp-json\/wp\/v2\/media\/16092"}],"wp:attachment":[{"href":"https:\/\/marmarayerelhizmet.com\/index.php\/wp-json\/wp\/v2\/media?parent=16090"}],"wp:term":[{"taxonomy":"category","embeddable":true,"href":"https:\/\/marmarayerelhizmet.com\/index.php\/wp-json\/wp\/v2\/categories?post=16090"},{"taxonomy":"post_tag","embeddable":true,"href":"https:\/\/marmarayerelhizmet.com\/index.php\/wp-json\/wp\/v2\/tags?post=16090"}],"curies":[{"name":"wp","href":"https:\/\/api.w.org\/{rel}","templated":true}]}}