{"id":16086,"date":"2023-10-02T10:12:08","date_gmt":"2023-10-02T07:12:08","guid":{"rendered":"https:\/\/marmarayerelhizmet.com\/?p=16086"},"modified":"2023-10-02T13:13:01","modified_gmt":"2023-10-02T10:13:01","slug":"balikesirli-ogrenciler-batmana-gitti","status":"publish","type":"post","link":"https:\/\/marmarayerelhizmet.com\/index.php\/2023\/10\/02\/balikesirli-ogrenciler-batmana-gitti\/","title":{"rendered":"Bal\u0131kesirli \u00d6\u011frenciler Batman&#8217;a Gitti"},"content":{"rendered":"<p><span style=\"font-family: arial, helvetica, sans-serif; font-size: 14px;\"><strong>Mill\u00ee E\u011fitim Bakanl\u0131\u011f\u0131 taraf\u0131ndan ba\u015flat\u0131lan \u201cEvliya \u00c7elebi \u00d6\u011frenci De\u011fi\u015fim Program\u0131\u201d ile Bal\u0131kesir Anadolu \u0130mam Hatip Lisesi \u00f6\u011frencileri, farkl\u0131 k\u00fclt\u00fcrel zenginlikleri tan\u0131ma ve sosyal sorumluluk \u00e7al\u0131\u015fmalar\u0131nda yer alma f\u0131rsat\u0131 yakalad\u0131.<\/strong><\/span><\/p>\n<p><span style=\"font-family: arial, helvetica, sans-serif; font-size: 14px;\">Milli E\u011fitim Bakanl\u0131\u011f\u0131 Din \u00d6\u011fretimi Genel M\u00fcd\u00fcrl\u00fc\u011f\u00fcn\u00fcn \u201cEvliya \u00c7elebi \u00d6\u011frenci De\u011fi\u015fim Program\u0131\u201d \u00e7er\u00e7evesinde; Bal\u0131kesir Anadolu \u0130mam Hatip Lisesi taraf\u0131ndan haz\u0131rlanan \u201cKuv\u00e2-y\u0131 Milliye \u015eehri\u2019nden Medeniyetler Be\u015fi\u011fi Bereketli Hilale\u201d projesi de\u011fi\u015fim program\u0131na kabul edildi. Okul M\u00fcd\u00fcr\u00fc Fatih Y\u0131lmaz ve proje \u00f6\u011frencileri; de\u011fi\u015fim program\u0131 kapsam\u0131nda Batman iline yapacaklar\u0131 yolculuk \u00f6ncesinde \u0130l Mill\u00ee E\u011fitim M\u00fcd\u00fcr\u00fc Ali Tatl\u0131\u2019y\u0131 ziyaret ederek proje ile ilgili yap\u0131lacak \u00e7al\u0131\u015fmalar hakk\u0131nda bilgi verdi.<\/span><\/p>\n<p><span style=\"font-family: arial, helvetica, sans-serif; font-size: 14px;\">Seyyah Evliya \u00c7elebi\u2019nin ismi verilen de\u011fi\u015fim program\u0131yla \u00f6\u011frencilerin; mill\u00ee, manevi ve insani de\u011ferlerle ku\u015fanmas\u0131, farkl\u0131 y\u00f6releri sosyo k\u00fclt\u00fcrel a\u00e7\u0131dan tan\u0131mas\u0131, tarihi ve k\u00fclt\u00fcrel miras bilinci kazanarak sosyal, k\u00fclt\u00fcrel, sanatsal, sportif ve bilimsel faaliyetlere kat\u0131lmas\u0131 hedefleniyor. Okullar\u0131n e\u011fitim, sosyal ve k\u00fclt\u00fcrel alanlarda i\u015f birli\u011finde bulunmas\u0131, farkl\u0131 uygulama ve tecr\u00fcbelerin payla\u015f\u0131lmas\u0131 da \u00e7al\u0131\u015fman\u0131n kazan\u0131mlar\u0131 aras\u0131nda yer al\u0131yor.<\/span><\/p>\n<p><span style=\"font-family: arial, helvetica, sans-serif; font-size: 14px;\">\u00d6\u011frenciler de\u011fi\u015fim program\u0131 ile Batman\u2019da toplumsal sorumluluk ve g\u00f6n\u00fcll\u00fcl\u00fck faaliyetleri ile Rasim \u00d6zden\u00f6ren ve Hayrettin Karaman\u2019a y\u00f6nelik etkinlikler de ger\u00e7ekle\u015ftirecek. Proje s\u00fcresince edindikleri bilgi, beceri ve kazan\u0131mlar\u0131n\u0131 aktaracaklar\u0131 video \u00e7ekimleri ile haz\u0131rlanmas\u0131 planlanan Evliya \u00c7elebi \u00d6\u011frenci De\u011fi\u015fim Program\u0131 Belgeseli\u2019ne de katk\u0131da bulunacak.<\/span><\/p>\n","protected":false},"excerpt":{"rendered":"<p>Mill\u00ee E\u011fitim Bakanl\u0131\u011f\u0131 taraf\u0131ndan ba\u015flat\u0131lan \u201cEvliya \u00c7elebi \u00d6\u011frenci De\u011fi\u015fim Program\u0131\u201d ile Bal\u0131kesir Anadolu \u0130mam Hatip Lisesi \u00f6\u011frencileri, farkl\u0131 k\u00fclt\u00fcrel zenginlikleri<\/p>\n","protected":false},"author":3,"featured_media":16088,"comment_status":"open","ping_status":"open","sticky":false,"template":"","format":"standard","meta":{"colormag_page_container_layout":"default_layout","colormag_page_sidebar_layout":"default_layout","footnotes":""},"categories":[45,1,5],"tags":[],"class_list":["post-16086","post","type-post","status-publish","format-standard","has-post-thumbnail","hentry","category-egitim","category-genel","category-gundem"],"_links":{"self":[{"href":"https:\/\/marmarayerelhizmet.com\/index.php\/wp-json\/wp\/v2\/posts\/16086","targetHints":{"allow":["GET"]}}],"collection":[{"href":"https:\/\/marmarayerelhizmet.com\/index.php\/wp-json\/wp\/v2\/posts"}],"about":[{"href":"https:\/\/marmarayerelhizmet.com\/index.php\/wp-json\/wp\/v2\/types\/post"}],"author":[{"embeddable":true,"href":"https:\/\/marmarayerelhizmet.com\/index.php\/wp-json\/wp\/v2\/users\/3"}],"replies":[{"embeddable":true,"href":"https:\/\/marmarayerelhizmet.com\/index.php\/wp-json\/wp\/v2\/comments?post=16086"}],"version-history":[{"count":0,"href":"https:\/\/marmarayerelhizmet.com\/index.php\/wp-json\/wp\/v2\/posts\/16086\/revisions"}],"wp:featuredmedia":[{"embeddable":true,"href":"https:\/\/marmarayerelhizmet.com\/index.php\/wp-json\/wp\/v2\/media\/16088"}],"wp:attachment":[{"href":"https:\/\/marmarayerelhizmet.com\/index.php\/wp-json\/wp\/v2\/media?parent=16086"}],"wp:term":[{"taxonomy":"category","embeddable":true,"href":"https:\/\/marmarayerelhizmet.com\/index.php\/wp-json\/wp\/v2\/categories?post=16086"},{"taxonomy":"post_tag","embeddable":true,"href":"https:\/\/marmarayerelhizmet.com\/index.php\/wp-json\/wp\/v2\/tags?post=16086"}],"curies":[{"name":"wp","href":"https:\/\/api.w.org\/{rel}","templated":true}]}}