{"id":16078,"date":"2023-10-02T13:10:15","date_gmt":"2023-10-02T10:10:15","guid":{"rendered":"https:\/\/marmarayerelhizmet.com\/?p=16078"},"modified":"2023-10-02T13:10:15","modified_gmt":"2023-10-02T10:10:15","slug":"500-yillik-sanat-yok-oluyor","status":"publish","type":"post","link":"https:\/\/marmarayerelhizmet.com\/index.php\/2023\/10\/02\/500-yillik-sanat-yok-oluyor\/","title":{"rendered":"500 Y\u0131ll\u0131k Sanat Yok Oluyor"},"content":{"rendered":"<p><strong><span style=\"font-family: arial, helvetica, sans-serif; font-size: 14px;\">\u00c7anakkale\u2019nin Ayvac\u0131k il\u00e7esinde, Osmanl\u0131\u2019dan kalma 500 y\u0131ll\u0131k k\u00f6k boya ile yap\u0131lan el dokumas\u0131 hal\u0131c\u0131l\u0131k k\u00fclt\u00fcr\u00fc yok olma tehlikesiyle kar\u015f\u0131 kar\u015f\u0131ya. \u0130\u015f adam\u0131 Mehmet \u00dcnal \u015eahin, i\u00e7erisinde 100 y\u0131ll\u0131k ge\u00e7mi\u015fi bulunan, \u00fczerine i\u015flenen motif ve desenlerle bir\u00e7ok duygu ve h<\/span><\/strong><strong><span style=\"font-family: arial, helvetica, sans-serif; font-size: 14px;\">ikayeyi i\u00e7inde bar\u0131nd\u0131ran 500\u2019\u00fcn \u00fczerinde Ayvac\u0131k hal\u0131lar\u0131na g\u00f6z\u00fc gibi bak\u0131yor. Ayvac\u0131k hal\u0131lar\u0131n\u0131 gelecek nesillere aktarmak isteyen \u015eahin&#8217;in, y\u0131lda bir kez g\u00fcne\u015fe \u00e7\u0131kard\u0131\u011f\u0131 hal\u0131lar\u0131 g\u00f6rsel \u015f\u00f6len olu\u015fturuyor.<br \/>\n<\/span><\/strong><br \/>\n<span style=\"font-family: arial, helvetica, sans-serif; font-size: 14px;\">Ayvac\u0131k&#8217;ta, \u00fcretimi \u00e7ok zahmetli olan ve k\u00f6k boya kullan\u0131ld\u0131\u011f\u0131 i\u00e7in renkleri solmayan Osmanl\u0131&#8217;dan kalma yakla\u015f\u0131k 500 y\u0131ll\u0131k el dokumas\u0131 hal\u0131c\u0131l\u0131\u011f\u0131 unutulmaya y\u00fcz tuttu. \u0130\u015f adam\u0131 Mehmet \u00dcnal \u015eahin, yok olma tehlikesiyle kar\u015f\u0131 kar\u015f\u0131ya kalan Ayvac\u0131k\u2019taki el dokumas\u0131 hal\u0131c\u0131l\u0131\u011f\u0131 k\u00fclt\u00fcr\u00fcn\u00fc ya\u015fatmak ve gelecek nesillere aktarmak i\u00e7in 500\u2019\u00fcn \u00fczerinde olu\u015fturdu\u011fu Ayvac\u0131k hal\u0131lar\u0131 koleksiyonuna g\u00f6z\u00fc gibi bak\u0131yor. \u015eahin, hal\u0131lar\u0131 y\u0131lda bir kez g\u00fcne\u015fe \u00e7\u0131kar\u0131yor. \u00c7eyrek, seccade, taban, kelle boyunda i\u00e7erisinde 100 y\u0131ll\u0131k ge\u00e7mi\u015fi bulunan, \u00fczerine i\u015flenen motif ve desenlerle bir\u00e7ok duygu ve hikayeyi de i\u00e7inde bar\u0131nd\u0131ran 500\u2019\u00fcn \u00fczerinde Ayvac\u0131k hal\u0131lar\u0131 yakla\u015f\u0131k bir hafta g\u00fcne\u015fte kal\u0131yor. Sonras\u0131nda depoda kuru yerde istifleniyor. Dron ile g\u00f6r\u00fcnt\u00fclenen hal\u0131lar, g\u00f6rsel \u015f\u00f6len olu\u015fturdu.<\/span><br \/>\n<span style=\"font-family: arial, helvetica, sans-serif; font-size: 14px;\">Ayvac\u0131k\u2019ta el dokuma hal\u0131c\u0131\u011f\u0131 yapan kimsenin kalmad\u0131\u011f\u0131na dikkat \u00e7eken i\u015f adam\u0131 Mehmet \u00dcnal \u015eahin, \u201cBu k\u00fclt\u00fcr\u00fc devam ettirelim. Atk\u0131, arga\u00e7 ve \u00e7\u00f6zg\u00fc ipi. \u00dc\u00e7\u00fc de ayr\u0131 bir b\u00fck\u00fcm olur. Bu bir sanatt\u0131r. Bu sanat\u0131 y\u0131llarca okumas\u0131, yazmas\u0131 olmayan analar\u0131m\u0131z, nenelerimiz yapt\u0131. Muazzam bir m\u00fchendislik d\u00fc\u015f\u00fcncesi. Bizi \u015fuanda ilgilendiren ve okumaya \u00e7al\u0131\u015ft\u0131\u011f\u0131m\u0131z hal\u0131lar \u00fczerindeki sembollerdir. Hal\u0131lar \u00fczerindeki semboller organik de\u011fil, geometriktir. Geometrik desenler kesi\u015fir. Bunlardan \u00e7ok ifadeler \u00e7\u0131karm\u0131\u015flard\u0131r. Hal\u0131lar da bunlar\u0131n dokunu\u015f \u015fekillerine g\u00f6re isim alm\u0131\u015ft\u0131r. Bizim i\u00e7in \u00f6nemli olan turna ku\u015flar\u0131n\u0131n u\u00e7u\u015funu sembolize etmi\u015ftir. Ayn\u0131 zamanda orada bereketi sembolize etmi\u015ftir. Gen\u00e7 k\u0131zlar hayatlar\u0131 boyunca \u00e7ocuklar\u0131na kalabilecek \u00e7eyiz dedi\u011fimiz hal\u0131lar\u0131 yapm\u0131\u015flard\u0131r. Evlerinde vard\u0131r. Evleneceklerinde ya da evlendiklerinde damada, sonu\u00e7ta g\u00f6r\u00fcc\u00fc usul\u00fc ile evlenme var. Direkt s\u00f6yleyemediklerini hal\u0131 \u00fczerinden s\u00f6ylerler. \u015eiir gibi o hal\u0131n\u0131n i\u00e7inde duygu ve d\u00fc\u015f\u00fcncelerini hitap eder. Kad\u0131nlar\u0131m\u0131z\u0131n, k\u0131zlar\u0131m\u0131z\u0131n yan\u0131nda erkeklerimiz de hal\u0131 dokurdu. Maalesef son zamanda hi\u00e7 kalmad\u0131. Hi\u00e7 kimse hal\u0131 dokumuyor\u201d dedi.<\/span><br \/>\n<span style=\"font-family: arial, helvetica, sans-serif; font-size: 14px;\">Ayvac\u0131k il\u00e7esinde, Osmanl\u0131\u2019dan kalma 500 y\u0131ll\u0131k k\u00f6k boya ile yap\u0131lan el dokumas\u0131 hal\u0131c\u0131l\u0131k k\u00fclt\u00fcr\u00fcyle dedesinin de hal\u0131 biriktirdi\u011fini, kendisinin de keyifle bu hal\u0131lar\u0131 biriktirdi\u011fini kaydeden \u015eahin, \u201cBu k\u00fclt\u00fcr\u00fc gelecek nesillere de b\u0131rakmak istiyorum. Onun i\u00e7in bu hal\u0131lar\u0131n iyi bir bak\u0131ma ihtiyac\u0131 var. Y\u0131lda bir defa bu hal\u0131lar\u0131 g\u00fcne\u015f tarlas\u0131 diye geni\u015f alanlara yay\u0131yorum. Burada bir hafta, 10 g\u00fcn g\u00fcne\u015fliyor. Sonra depomuza kuru yere istiflemeye g\u00f6t\u00fcr\u00fcyorum. K\u00fclt\u00fcrel de\u011ferlerimizi ya\u015fatal\u0131m. Hal\u0131lar\u0131m\u0131z 100 y\u0131ldan g\u00fcn\u00fcm\u00fcze kadar gelir. Daha eskisi yok. Daha eski hal\u0131lar art\u0131k antika olmu\u015f niteliktedir ve kullan\u0131lan evlerde vard\u0131r. Bu hal\u0131lar\u0131n do\u011fal, k\u00f6k boya olmas\u0131 daha fazla uzun \u00f6m\u00fcrl\u00fc olmas\u0131n\u0131 sa\u011fl\u0131yor. Bu hal\u0131lar\u0131, g\u00fcve ve rutubetten koruyacaks\u0131n\u0131z. G\u00fcne\u015flendireceksiniz. Arada bir istif bozup, yeniden yapacaks\u0131n\u0131z. Zaten bu k\u00fclt\u00fcrler yok oluyor ama bu el dokuma insanlarla birlikte gidiyor, eriyor, \u00e7\u00fcr\u00fcyor. Mutlaka ve mutlaka bu k\u00fclt\u00fcr\u00fcn ya\u015fat\u0131lmas\u0131 laz\u0131m. Bunlar koruma alt\u0131na al\u0131nmal\u0131. Bu da bir vatanda\u015fl\u0131k g\u00f6revidir. Gelecek nesillere bu k\u00fclt\u00fcr\u00fcn ak\u0131m\u0131n\u0131, ne anlatt\u0131\u011f\u0131n\u0131 anlatma bak\u0131m\u0131ndan \u00f6nemli bir fakt\u00f6rd\u00fcr. Bu hal\u0131lar bir bina alt\u0131na, bir koruma alt\u0131na al\u0131nabilir. Art\u0131k el dokumas\u0131 hal\u0131c\u0131l\u0131k k\u00fclt\u00fcr\u00fcn\u00fcn son d\u00f6nemleri ya\u015fan\u0131yor\u201d diye konu\u015ftu.<\/span><br \/>\n<span style=\"font-family: arial, helvetica, sans-serif; font-size: 14px;\">Devletin bu hal\u0131lar\u0131 koruma alt\u0131na almas\u0131 gerekti\u011fini de dikkat \u00e7eken Mehmet \u00dcnal \u015eahin, Azerbaycan\u2019da el dokumalar\u0131yla ilgili m\u00fcze yap\u0131ld\u0131\u011f\u0131n\u0131 belirtti. Azerbaycan\u2019da, \u0130ran\u2019da ve Afganistan\u2019da hal\u0131c\u0131l\u0131\u011f\u0131n \u00fcnl\u00fc oldu\u011funu kaydeden \u015eahin, \u201cKoleksiyonum sadece ve sadece Ayvac\u0131k\u2019ta dokunan hal\u0131lardan ibarettir. De\u011fi\u015fik b\u00f6lgelerin hal\u0131lar\u0131 yoktur. Bu koleksiyon hal\u0131lar sadece Ayvac\u0131k b\u00f6lgesi k\u00fclt\u00fcr\u00fcne aittir. Ba\u015fka b\u00f6lge hal\u0131s\u0131 bulundurmad\u0131m ve o hal\u0131lara yat\u0131r\u0131m yapmad\u0131m\u201d \u015feklinde konu\u015ftu.<\/span><\/p>\n","protected":false},"excerpt":{"rendered":"<p>\u00c7anakkale\u2019nin Ayvac\u0131k il\u00e7esinde, Osmanl\u0131\u2019dan kalma 500 y\u0131ll\u0131k k\u00f6k boya ile yap\u0131lan el dokumas\u0131 hal\u0131c\u0131l\u0131k k\u00fclt\u00fcr\u00fc yok olma tehlikesiyle kar\u015f\u0131 kar\u015f\u0131ya.<\/p>\n","protected":false},"author":3,"featured_media":16080,"comment_status":"open","ping_status":"open","sticky":false,"template":"","format":"standard","meta":{"colormag_page_container_layout":"default_layout","colormag_page_sidebar_layout":"default_layout","footnotes":""},"categories":[1,5],"tags":[],"class_list":["post-16078","post","type-post","status-publish","format-standard","has-post-thumbnail","hentry","category-genel","category-gundem"],"_links":{"self":[{"href":"https:\/\/marmarayerelhizmet.com\/index.php\/wp-json\/wp\/v2\/posts\/16078","targetHints":{"allow":["GET"]}}],"collection":[{"href":"https:\/\/marmarayerelhizmet.com\/index.php\/wp-json\/wp\/v2\/posts"}],"about":[{"href":"https:\/\/marmarayerelhizmet.com\/index.php\/wp-json\/wp\/v2\/types\/post"}],"author":[{"embeddable":true,"href":"https:\/\/marmarayerelhizmet.com\/index.php\/wp-json\/wp\/v2\/users\/3"}],"replies":[{"embeddable":true,"href":"https:\/\/marmarayerelhizmet.com\/index.php\/wp-json\/wp\/v2\/comments?post=16078"}],"version-history":[{"count":0,"href":"https:\/\/marmarayerelhizmet.com\/index.php\/wp-json\/wp\/v2\/posts\/16078\/revisions"}],"wp:featuredmedia":[{"embeddable":true,"href":"https:\/\/marmarayerelhizmet.com\/index.php\/wp-json\/wp\/v2\/media\/16080"}],"wp:attachment":[{"href":"https:\/\/marmarayerelhizmet.com\/index.php\/wp-json\/wp\/v2\/media?parent=16078"}],"wp:term":[{"taxonomy":"category","embeddable":true,"href":"https:\/\/marmarayerelhizmet.com\/index.php\/wp-json\/wp\/v2\/categories?post=16078"},{"taxonomy":"post_tag","embeddable":true,"href":"https:\/\/marmarayerelhizmet.com\/index.php\/wp-json\/wp\/v2\/tags?post=16078"}],"curies":[{"name":"wp","href":"https:\/\/api.w.org\/{rel}","templated":true}]}}