{"id":16070,"date":"2023-10-02T09:52:18","date_gmt":"2023-10-02T06:52:18","guid":{"rendered":"https:\/\/marmarayerelhizmet.com\/?p=16070"},"modified":"2023-10-02T09:52:18","modified_gmt":"2023-10-02T06:52:18","slug":"kahveseverler-esenlerde-bulustu","status":"publish","type":"post","link":"https:\/\/marmarayerelhizmet.com\/index.php\/2023\/10\/02\/kahveseverler-esenlerde-bulustu\/","title":{"rendered":"Kahveseverler Esenler\u2019de Bulu\u015ftu"},"content":{"rendered":"<p><strong><span style=\"font-family: arial, helvetica, sans-serif; font-size: 14px;\">Esenler Belediyesi, 1 Ekim D\u00fcnya Kahve G\u00fcn\u00fc\u2019nde keyifli bir etkinli\u011fe ev sahipli\u011fi yapt\u0131. \u201cKahveler bizden, sohbet sizden\u201d mottosuyla kahve ikram\u0131n\u0131n yap\u0131ld\u0131\u011f\u0131 etkinlik, Esenlerlilere g\u00fczel bir hafta sonu ya\u015fatt\u0131.<br \/>\n<\/span><\/strong><br \/>\n<span style=\"font-family: arial, helvetica, sans-serif; font-size: 14px;\">Esenler Belediyesi taraf\u0131ndan 1 Ekim D\u00fcnya Kahve G\u00fcn\u00fc\u2019ne \u00f6zel olarak d\u00fczenlenen etkinlik, 3\u2019\u00fcnc\u00fc y\u0131l\u0131nda da Esenlerlilere unutulmaz bir hafta sonu ya\u015fatt\u0131. G\u00fcnl\u00fck hayat\u0131m\u0131z\u0131n vazge\u00e7ilmezi, kokusu ve tad\u0131yla romanlara, \u015fiirlere ve \u015fark\u0131lara konu olan kahve, \u201cD\u00fcnya Kahve G\u00fcn\u00fc\u201dnde Esenlerlilerin dama\u011f\u0131n\u0131 \u015fenlendirdi. Dr. Kadir Topba\u015f K\u00fclt\u00fcr Sanat Merkezi\u2019nde d\u00fczenlenen etkinlikte hat\u0131rl\u0131k kahveler sohbetlere e\u015flik ederken Esenlerli vatanda\u015flar keyifli anlar ya\u015fad\u0131. Esenler Belediye Ba\u015fkan\u0131 M. Tevfik G\u00f6ksu da vatanda\u015flarla sohbet ederek hep birlikte kahve yudumlad\u0131.<\/span><\/p>\n<p><strong><span style=\"font-family: arial, helvetica, sans-serif; font-size: 14px;\">&#8220;Belediyemiz bug\u00fcne \u00f6nem veriyor&#8221;<\/span><\/strong><br \/>\n<span style=\"font-family: arial, helvetica, sans-serif; font-size: 14px;\">Kahvenin insan hayat\u0131nda ciddi bir yeri oldu\u011funu s\u00f6yleyen \u00d6mer Demir, \u201cG\u00fcn\u00fcm\u00fczde T\u00fcrk toplumu kahve yerine \u00e7ay\u0131 tercih ediyor olsa da asl\u0131nda ge\u00e7mi\u015fte kahvenin toplumumuzda daha b\u00fcy\u00fck bir yeri vard\u0131. Kahve her zaman insan\u0131n hayat\u0131nda olmas\u0131 gereken ve g\u00fczelle\u015ftiren bir \u015fey oldu\u011funu d\u00fc\u015f\u00fcn\u00fcyorum. Kahve i\u00e7meden ay\u0131lamayanlardan de\u011filim ama genelde g\u00fcn i\u00e7erisinde f\u0131rsat bulduk\u00e7a bir kahve i\u00e7meye gayret ediyorum. \u0130yi demlenmi\u015f bir filtre kahve benim favorimdir. Esenler Belediyesi\u2019ne bug\u00fcne \u00f6nem verdi\u011fi ve insanlar\u0131 yeniden kahve t\u00fcketmeye te\u015fvik etti\u011fi i\u00e7in te\u015fekk\u00fcr ediyorum. Daha farkl\u0131 ve b\u00fcy\u00fck organizasyonlarla da b\u00fcy\u00fcyerek devam etmesi umuyorum\u201d dedi.<\/span><\/p>\n<p><strong><span style=\"font-family: arial, helvetica, sans-serif; font-size: 14px;\">&#8220;\u0130lk kez b\u00f6yle bir etkinli\u011fe kat\u0131ld\u0131m&#8221;<\/span><\/strong><br \/>\n<span style=\"font-family: arial, helvetica, sans-serif; font-size: 14px;\">Esenler Belediyesi Sanat Evi (ESEV)\u2019nde hafta sonu kursuna gelen R\u00fcmeysa Reka ise \u201cHer Pazar ESEV\u2019de kursa geliyorum. Bu hafta da b\u00f6yle bir etkinlikle kar\u015f\u0131la\u015fmak mutlu etti. D\u00fcnya Kahve G\u00fcn\u00fc\u2019n\u00fc biliyorum ama hi\u00e7bir yerde etkinli\u011fe kat\u0131lmad\u0131m, bu ilk oluyor. Arkada\u015flar\u0131ma da ben s\u00f6yledim kahvelerimizi buradan alal\u0131m diye. Kahve i\u00e7meyi \u00e7ok seviyorum. G\u00fcnl\u00fck en az iki fincan kahve i\u00e7erim. Genellikle de her \u00e7e\u015fit kahveyi evde kendim yapar\u0131m. Bu etkinlik de benim i\u00e7in farkl\u0131 ve keyifli oldu. Etkinli\u011fi g\u00f6r\u00fcr g\u00f6rmez arkada\u015flar\u0131m\u0131 da \u00e7a\u011f\u0131r\u0131p kahvelerimizi almak i\u00e7in hemen s\u0131raya girdik\u201d ifadelerini kulland\u0131.<\/span><\/p>\n<p><strong><span style=\"font-family: arial, helvetica, sans-serif; font-size: 14px;\">Favorim T\u00fcrk kahvesi<\/span><\/strong><br \/>\n<span style=\"font-family: arial, helvetica, sans-serif; font-size: 14px;\">Ekinlikten memnun oldu\u011funu dile getiren Zeynep Y\u0131ld\u0131z, \u201cBu etkinlikten \u00e7ok memnun kald\u0131m. \u00d6ncelikle ba\u015fkan\u0131m\u0131z Mehmet Tevfik G\u00f6ksu\u2019ya hizmetlerinden dolay\u0131 te\u015fekk\u00fcr ediyorum. Kahve i\u00e7meyi seven biri olarak benim favorim T\u00fcrk kahvesidir. Kahvalt\u0131dan sonra muhakkak bir fincan kahve i\u00e7erim. Yo\u011fun \u00e7al\u0131\u015fma temposuna sahibim bu y\u00fczden bir de g\u00fcn sonunda i\u00e7me f\u0131rsat\u0131m oluyor. Birazdan buradan da kahvemi al\u0131p oturup dinlenece\u011fim\u201d \u015feklinde konu\u015ftu.<\/span><\/p>\n","protected":false},"excerpt":{"rendered":"<p>Esenler Belediyesi, 1 Ekim D\u00fcnya Kahve G\u00fcn\u00fc\u2019nde keyifli bir etkinli\u011fe ev sahipli\u011fi yapt\u0131. \u201cKahveler bizden, sohbet sizden\u201d mottosuyla kahve ikram\u0131n\u0131n<\/p>\n","protected":false},"author":3,"featured_media":16072,"comment_status":"open","ping_status":"open","sticky":false,"template":"","format":"standard","meta":{"colormag_page_container_layout":"default_layout","colormag_page_sidebar_layout":"default_layout","footnotes":""},"categories":[1,5,8],"tags":[],"class_list":["post-16070","post","type-post","status-publish","format-standard","has-post-thumbnail","hentry","category-genel","category-gundem","category-siyaset"],"_links":{"self":[{"href":"https:\/\/marmarayerelhizmet.com\/index.php\/wp-json\/wp\/v2\/posts\/16070","targetHints":{"allow":["GET"]}}],"collection":[{"href":"https:\/\/marmarayerelhizmet.com\/index.php\/wp-json\/wp\/v2\/posts"}],"about":[{"href":"https:\/\/marmarayerelhizmet.com\/index.php\/wp-json\/wp\/v2\/types\/post"}],"author":[{"embeddable":true,"href":"https:\/\/marmarayerelhizmet.com\/index.php\/wp-json\/wp\/v2\/users\/3"}],"replies":[{"embeddable":true,"href":"https:\/\/marmarayerelhizmet.com\/index.php\/wp-json\/wp\/v2\/comments?post=16070"}],"version-history":[{"count":0,"href":"https:\/\/marmarayerelhizmet.com\/index.php\/wp-json\/wp\/v2\/posts\/16070\/revisions"}],"wp:featuredmedia":[{"embeddable":true,"href":"https:\/\/marmarayerelhizmet.com\/index.php\/wp-json\/wp\/v2\/media\/16072"}],"wp:attachment":[{"href":"https:\/\/marmarayerelhizmet.com\/index.php\/wp-json\/wp\/v2\/media?parent=16070"}],"wp:term":[{"taxonomy":"category","embeddable":true,"href":"https:\/\/marmarayerelhizmet.com\/index.php\/wp-json\/wp\/v2\/categories?post=16070"},{"taxonomy":"post_tag","embeddable":true,"href":"https:\/\/marmarayerelhizmet.com\/index.php\/wp-json\/wp\/v2\/tags?post=16070"}],"curies":[{"name":"wp","href":"https:\/\/api.w.org\/{rel}","templated":true}]}}