{"id":16062,"date":"2023-10-02T09:48:11","date_gmt":"2023-10-02T06:48:11","guid":{"rendered":"https:\/\/marmarayerelhizmet.com\/?p=16062"},"modified":"2023-10-02T09:48:11","modified_gmt":"2023-10-02T06:48:11","slug":"en-cok-defter-pahalandi","status":"publish","type":"post","link":"https:\/\/marmarayerelhizmet.com\/index.php\/2023\/10\/02\/en-cok-defter-pahalandi\/","title":{"rendered":"En \u00c7ok Defter Pahaland\u0131"},"content":{"rendered":"<p><strong><span style=\"font-family: arial, helvetica, sans-serif; font-size: 14px;\">\u0130TO\u2019nun verilerine g\u00f6re, Eyl\u00fcl ay\u0131nda fiyat\u0131 y\u00fczde 98,94 artan defter en \u00e7ok pahalanan \u00fcr\u00fcn oldu. En \u00e7ok ucuzlayan \u00fcr\u00fcn ise fiyat\u0131 y\u00fczde 16,46 azalan erik oldu.<\/span><\/strong><\/p>\n<p><span style=\"font-family: arial, helvetica, sans-serif; font-size: 14px;\">\u0130stanbul Ticaret Odas\u0131 (\u0130TO), piyasalar\u0131n \u015feffafl\u0131\u011f\u0131n\u0131 sa\u011flamak ve kamuoyunu bilgilendirmek amac\u0131yla, ge\u00e7en Eyl\u00fcl ay\u0131nda \u0130stanbul&#8217;da perakende fiyat\u0131 en fazla artan ve azalan \u00fcr\u00fcnleri, fiyatlar\u0131 ve de\u011fi\u015fim oranlar\u0131yla birlikte a\u00e7\u0131klad\u0131. \u0130TO\u2019nun \u0130stanbul \u00dccretliler Ge\u00e7inme \u0130ndeksi\u2019nde yer alan 242 \u00fcr\u00fcn\u00fcn 166\u2019s\u0131n\u0131n perakende fiyat\u0131 artarken, 15 \u00fcr\u00fcn\u00fcn fiyat\u0131 d\u00fc\u015ft\u00fc, 61 \u00fcr\u00fcn\u00fcn fiyat\u0131 ise de\u011fi\u015fmedi.<\/span><\/p>\n<p><strong><span style=\"font-family: arial, helvetica, sans-serif; font-size: 14px;\">Eyl\u00fcl ay\u0131nda defter fiyatlar\u0131 y\u00fczde 98,94 artt\u0131<\/span><\/strong><br \/>\n<span style=\"font-family: arial, helvetica, sans-serif; font-size: 14px;\">Eyl\u00fcl ay\u0131nda k\u00fclt\u00fcr e\u011fitim ve e\u011flence harcamalar\u0131 grubunda yer alan defter y\u00fczde 98,94 ile fiyat\u0131 en fazla art\u0131\u015f g\u00f6steren \u00fcr\u00fcn oldu.<\/span><br \/>\n<span style=\"font-family: arial, helvetica, sans-serif; font-size: 14px;\">Fiyat\u0131nda art\u0131\u015f ya\u015fanan di\u011fer \u00fcr\u00fcnlerin baz\u0131lar\u0131; giyim harcamalar\u0131 \u00e7ocuk giyimi alt grubundan y\u00fczde 94,72 ile okul \u00e7antas\u0131, di\u011fer harcamalardan y\u00fczde 83,94 ile mahkeme ve avukatl\u0131k \u00fccreti, \u00e7ocuk giyimi harcamalar\u0131 alt grubundan y\u00fczde 79,38 ile okul k\u0131yafetleri, k\u00fclt\u00fcr e\u011fitim ve e\u011flence harcamalar\u0131ndan y\u00fczde 67,46 ile kurs ve \u00f6zel ders \u00fccretleri, \u00e7ocuk giyimi harcamalar\u0131 alt grubundan 55,60 ile e\u015fofman ve y\u00fczde 48,70 ile \u00e7ocuk ayakkab\u0131s\u0131 oldu.<\/span><\/p>\n<p><strong><span style=\"font-family: arial, helvetica, sans-serif; font-size: 14px;\">Eyl\u00fcl ay\u0131nda erik fiyat\u0131 y\u00fczde 16,46 ucuzlad\u0131<\/span><\/strong><br \/>\n<span style=\"font-family: arial, helvetica, sans-serif; font-size: 14px;\">Eyl\u00fcl ay\u0131nda g\u0131da harcamalar\u0131 ya\u015f kuru sebze ve meyveler alt grubunda yer alan erik fiyat\u0131 y\u00fczde 16,46 gerileme g\u00f6stererek fiyat\u0131 en fazla azalan \u00fcr\u00fcn oldu.<\/span><br \/>\n<span style=\"font-family: arial, helvetica, sans-serif; font-size: 14px;\">Fiyat\u0131nda azal\u0131\u015f izlenen di\u011fer \u00fcr\u00fcnler; g\u0131da harcamalar\u0131 grubundan y\u00fczde 14,63 ile sivri biber, y\u00fczde 8,36 ile taze fasulye, y\u00fczde 7,08 ile so\u011fan, y\u00fczde 6,98 ile ya\u015f \u00fcz\u00fcm, ev e\u015fyas\u0131 harcamalar\u0131 grubundan y\u00fczde 5 ile havlu ve giyim harcamalar\u0131 kad\u0131n giyimi alt grubundan y\u00fczde 4,76 ile elbise oldu.<\/span><\/p>\n","protected":false},"excerpt":{"rendered":"<p>\u0130TO\u2019nun verilerine g\u00f6re, Eyl\u00fcl ay\u0131nda fiyat\u0131 y\u00fczde 98,94 artan defter en \u00e7ok pahalanan \u00fcr\u00fcn oldu. En \u00e7ok ucuzlayan \u00fcr\u00fcn ise<\/p>\n","protected":false},"author":3,"featured_media":16064,"comment_status":"open","ping_status":"open","sticky":false,"template":"","format":"standard","meta":{"colormag_page_container_layout":"default_layout","colormag_page_sidebar_layout":"default_layout","footnotes":""},"categories":[3,1,5],"tags":[],"class_list":["post-16062","post","type-post","status-publish","format-standard","has-post-thumbnail","hentry","category-ekonomi","category-genel","category-gundem"],"_links":{"self":[{"href":"https:\/\/marmarayerelhizmet.com\/index.php\/wp-json\/wp\/v2\/posts\/16062","targetHints":{"allow":["GET"]}}],"collection":[{"href":"https:\/\/marmarayerelhizmet.com\/index.php\/wp-json\/wp\/v2\/posts"}],"about":[{"href":"https:\/\/marmarayerelhizmet.com\/index.php\/wp-json\/wp\/v2\/types\/post"}],"author":[{"embeddable":true,"href":"https:\/\/marmarayerelhizmet.com\/index.php\/wp-json\/wp\/v2\/users\/3"}],"replies":[{"embeddable":true,"href":"https:\/\/marmarayerelhizmet.com\/index.php\/wp-json\/wp\/v2\/comments?post=16062"}],"version-history":[{"count":0,"href":"https:\/\/marmarayerelhizmet.com\/index.php\/wp-json\/wp\/v2\/posts\/16062\/revisions"}],"wp:featuredmedia":[{"embeddable":true,"href":"https:\/\/marmarayerelhizmet.com\/index.php\/wp-json\/wp\/v2\/media\/16064"}],"wp:attachment":[{"href":"https:\/\/marmarayerelhizmet.com\/index.php\/wp-json\/wp\/v2\/media?parent=16062"}],"wp:term":[{"taxonomy":"category","embeddable":true,"href":"https:\/\/marmarayerelhizmet.com\/index.php\/wp-json\/wp\/v2\/categories?post=16062"},{"taxonomy":"post_tag","embeddable":true,"href":"https:\/\/marmarayerelhizmet.com\/index.php\/wp-json\/wp\/v2\/tags?post=16062"}],"curies":[{"name":"wp","href":"https:\/\/api.w.org\/{rel}","templated":true}]}}