{"id":16058,"date":"2023-10-01T22:26:09","date_gmt":"2023-10-01T19:26:09","guid":{"rendered":"https:\/\/marmarayerelhizmet.com\/?p=16058"},"modified":"2023-10-01T22:26:09","modified_gmt":"2023-10-01T19:26:09","slug":"konyaspor-0-besiktas-2","status":"publish","type":"post","link":"https:\/\/marmarayerelhizmet.com\/index.php\/2023\/10\/01\/konyaspor-0-besiktas-2\/","title":{"rendered":"Konyaspor: 0 &#8211; Be\u015fikta\u015f: 2"},"content":{"rendered":"<p><strong><span style=\"font-family: arial, helvetica, sans-serif; font-size: 14px;\">Trendyol S\u00fcper Lig\u2019in 7. haftas\u0131nda Be\u015fikta\u015f deplasmanda kar\u015f\u0131la\u015ft\u0131\u011f\u0131 Konyaspor&#8217;u 2-0 ma\u011flup etti.<\/span><\/strong><\/p>\n<p><span style=\"font-family: arial, helvetica, sans-serif; font-size: 14px;\"><strong>Ma\u00e7tan dakikalar<\/strong><br \/>\n2. dakikada derin pasla savunma arkas\u0131na sarkan Oliveira kaleciyle kar\u015f\u0131 kar\u015f\u0131ya kald\u0131 ancak Ersin topa hakim oldu.<br \/>\n19. dakikada ceza sahas\u0131 d\u0131\u015f\u0131 sol \u00e7apraz\u0131nda topla bulu\u015fan Moreno\u2019nun sert \u015futunda kaleci Ersin me\u015fin yuvarla\u011f\u0131 \u00e7eldi.<br \/>\n31. dakikada Hadziahmetovic\u2019in sa\u011f kanattan ceza sahas\u0131na kulland\u0131\u011f\u0131 serbest vuru\u015fta Zaynutdinov\u2019un kafa vuru\u015funda top az farkla yandan auta \u00e7\u0131kt\u0131.<br \/>\n36. dakikada Zaynutdinov\u2019un sa\u011f kanattan yapt\u0131\u011f\u0131 ortaya arka direkte Muleka kafa vuru\u015funu yapt\u0131, yerden de seken top \u00fcstten d\u0131\u015far\u0131 gitti.<br \/>\n45+1. dakikada Rosier&#8217;in pas\u0131yla sa\u011f kanattan ceza sahas\u0131 i\u00e7inde bulu\u015fan Rashica topu kale \u00f6n\u00fcne \u00e7evirdi. U\u011furcan me\u015fin yuvarla\u011f\u0131 uzakla\u015ft\u0131rmak isterken ter bir vuru\u015f yaparak topu kendi kalesine g\u00f6nderdi. 0-1<\/span><br \/>\n<span style=\"font-family: arial, helvetica, sans-serif; font-size: 14px;\">55. dakikada Be\u015fikta\u015f\u2019\u0131n ata\u011fa \u00e7\u0131kt\u0131\u011f\u0131 esnada O\u011fulcan, Aboubakar\u2019a yapt\u0131\u011f\u0131 m\u00fcdahale sonras\u0131 sar\u0131 kart g\u00f6rd\u00fc. Karara sinirlenen O\u011fulcan topa sert bir \u015fekilde vurarak oyun alan\u0131 d\u0131\u015f\u0131na g\u00f6nderdi. Hakem Arda Karde\u015fler\u2019in 2. sar\u0131 kart\u0131n ard\u0131ndan k\u0131rm\u0131z\u0131 kart\u0131n\u0131 g\u00f6stermesiyle O\u011fulcan oyun d\u0131\u015f\u0131 kald\u0131.<\/span><br \/>\n<span style=\"font-family: arial, helvetica, sans-serif; font-size: 14px;\">63. dakikada Ghezzal\u2019\u0131n pas\u0131yla sa\u011f \u00e7aprazdan ceza sahas\u0131na giren Aboubakar rakibini \u00e7al\u0131mlay\u0131p uzak k\u00f6\u015feye \u015f\u0131k bir vuru\u015fla me\u015fin yuvarla\u011f\u0131 a\u011flara g\u00f6nderdi. 0-2<\/span><br \/>\n<span style=\"font-family: arial, helvetica, sans-serif; font-size: 14px;\">67. dakikada ceza sahas\u0131 \u00f6n\u00fc sa\u011f \u00e7apraz\u0131nda topla bulu\u015fan Prip\u2019in \u015futunda me\u015fin yuvarlak kalenin \u00fczerinde d\u0131\u015far\u0131 gitti.<\/span><br \/>\n<span style=\"font-family: arial, helvetica, sans-serif; font-size: 14px;\">73. dakikada Hadziahmetovic\u2019in ara pas\u0131yla ceza yay\u0131 \u00f6n\u00fcnde topla bulu\u015fan Aboubakar\u2019\u0131n \u015futunda top kalenin \u00fczerinden d\u0131\u015far\u0131 \u00e7\u0131kt\u0131.<\/span><br \/>\n<span style=\"font-family: arial, helvetica, sans-serif; font-size: 14px;\">84. dakikada ceza sahas\u0131 \u00f6n\u00fc sa\u011f \u00e7apraz\u0131nda topla bulu\u015fan Chamberlain\u2019in \u015futunda me\u015fin yuvarlak uzak dire\u011fin yan\u0131ndan d\u0131\u015far\u0131 \u00e7\u0131kt\u0131.<\/span><br \/>\n<span style=\"font-family: arial, helvetica, sans-serif; font-size: 14px;\">90. dakikada Yunus\u2019un sol kanattan ceza sahas\u0131na yapt\u0131\u011f\u0131 ortaya kale \u00f6n\u00fcnde Nzonzi kafa vuru\u015funu yapt\u0131 ancak top kaleci Ersin\u2019de kald\u0131.<\/span><\/p>\n<p><span style=\"font-family: arial, helvetica, sans-serif; font-size: 14px;\">Stat: Konya B\u00fcy\u00fck\u015fehir Belediye<\/span><br \/>\n<span style=\"font-family: arial, helvetica, sans-serif; font-size: 14px;\">Hakemler: Arda Karde\u015fler, Aleks Ta\u015f\u00e7\u0131o\u011flu, Mustafa S\u00f6nmez<\/span><br \/>\n<span style=\"font-family: arial, helvetica, sans-serif; font-size: 14px;\">Konyaspor: Bernardoni, U\u011furcan Yaz\u011f\u0131l\u0131 (Prip dk. 46), Adil Demirba\u011f, Calvo, Ahmet O\u011fuz (Cebrail Karayel dk. 82), O\u011fulcan \u00dclg\u00fcn, Nzonzi, Soner Dikmen (Cicaldau dk. 66), Guilherme, Oliveira (Emrehan Gedikli), Moreno (Yunus Mall\u0131 dk. 82)<\/span><br \/>\n<span style=\"font-family: arial, helvetica, sans-serif; font-size: 14px;\">Yedekler: Deniz Erta\u015f, Yasir Suba\u015f\u0131, Muric, Kahraman Demirta\u015f, Rak<\/span><br \/>\n<span style=\"font-family: arial, helvetica, sans-serif; font-size: 14px;\">Teknik Direkt\u00f6r: Aleksandar Stanojevic<\/span><br \/>\n<span style=\"font-family: arial, helvetica, sans-serif; font-size: 14px;\">Be\u015fikta\u015f: Ersin Destano\u011flu, Rosier, Amartey, Colley, Masuaku (Demir Ege T\u0131knaz dk. 59), Salih U\u00e7an, Hadziahmetovic (Camberlain dk. 76), Rashica (Ghezzal dk. 59), Zaynutdinov (Onur Bulut dk. 82), Muleka (Cenk Tosun dk. 76), Aboubakar<\/span><br \/>\n<span style=\"font-family: arial, helvetica, sans-serif; font-size: 14px;\">Yedekler: Utku Yuvakuran, Necip Uysal, Bailly, Onana, Semih K\u0131l\u0131\u00e7soy<\/span><br \/>\n<span style=\"font-family: arial, helvetica, sans-serif; font-size: 14px;\">Teknik Direkt\u00f6r: \u015eenol G\u00fcne\u015f<\/span><br \/>\n<span style=\"font-family: arial, helvetica, sans-serif; font-size: 14px;\">Goller: U\u011furcan Yaz\u011f\u0131l\u0131 (dk. 45+1 k.k.), Aboubakar (dk. 63) (Be\u015fikta\u015f)<\/span><br \/>\n<span style=\"font-family: arial, helvetica, sans-serif; font-size: 14px;\">K\u0131rm\u0131z\u0131 kart: O\u011fulcan \u00dclg\u00fcn (dk. 55) (Konyaspor)<\/span><br \/>\n<span style=\"font-family: arial, helvetica, sans-serif; font-size: 14px;\">Sar\u0131 kartlar: Rashica, Amartey, Masuaku (Be\u015fikta\u015f)<\/span><\/p>\n","protected":false},"excerpt":{"rendered":"<p>Trendyol S\u00fcper Lig\u2019in 7. haftas\u0131nda Be\u015fikta\u015f deplasmanda kar\u015f\u0131la\u015ft\u0131\u011f\u0131 Konyaspor&#8217;u 2-0 ma\u011flup etti. Ma\u00e7tan dakikalar 2. dakikada derin pasla savunma arkas\u0131na<\/p>\n","protected":false},"author":3,"featured_media":16060,"comment_status":"open","ping_status":"open","sticky":false,"template":"","format":"standard","meta":{"colormag_page_container_layout":"default_layout","colormag_page_sidebar_layout":"default_layout","footnotes":""},"categories":[1,5,9],"tags":[],"class_list":["post-16058","post","type-post","status-publish","format-standard","has-post-thumbnail","hentry","category-genel","category-gundem","category-spor"],"_links":{"self":[{"href":"https:\/\/marmarayerelhizmet.com\/index.php\/wp-json\/wp\/v2\/posts\/16058","targetHints":{"allow":["GET"]}}],"collection":[{"href":"https:\/\/marmarayerelhizmet.com\/index.php\/wp-json\/wp\/v2\/posts"}],"about":[{"href":"https:\/\/marmarayerelhizmet.com\/index.php\/wp-json\/wp\/v2\/types\/post"}],"author":[{"embeddable":true,"href":"https:\/\/marmarayerelhizmet.com\/index.php\/wp-json\/wp\/v2\/users\/3"}],"replies":[{"embeddable":true,"href":"https:\/\/marmarayerelhizmet.com\/index.php\/wp-json\/wp\/v2\/comments?post=16058"}],"version-history":[{"count":0,"href":"https:\/\/marmarayerelhizmet.com\/index.php\/wp-json\/wp\/v2\/posts\/16058\/revisions"}],"wp:featuredmedia":[{"embeddable":true,"href":"https:\/\/marmarayerelhizmet.com\/index.php\/wp-json\/wp\/v2\/media\/16060"}],"wp:attachment":[{"href":"https:\/\/marmarayerelhizmet.com\/index.php\/wp-json\/wp\/v2\/media?parent=16058"}],"wp:term":[{"taxonomy":"category","embeddable":true,"href":"https:\/\/marmarayerelhizmet.com\/index.php\/wp-json\/wp\/v2\/categories?post=16058"},{"taxonomy":"post_tag","embeddable":true,"href":"https:\/\/marmarayerelhizmet.com\/index.php\/wp-json\/wp\/v2\/tags?post=16058"}],"curies":[{"name":"wp","href":"https:\/\/api.w.org\/{rel}","templated":true}]}}