{"id":16054,"date":"2023-10-01T22:22:57","date_gmt":"2023-10-01T19:22:57","guid":{"rendered":"https:\/\/marmarayerelhizmet.com\/?p=16054"},"modified":"2023-10-01T22:22:57","modified_gmt":"2023-10-01T19:22:57","slug":"fenerbahce-5-caykur-rizespor-0","status":"publish","type":"post","link":"https:\/\/marmarayerelhizmet.com\/index.php\/2023\/10\/01\/fenerbahce-5-caykur-rizespor-0\/","title":{"rendered":"Fenerbah\u00e7e: 5 &#8211; \u00c7aykur Rizespor: 0"},"content":{"rendered":"<p><strong><span style=\"font-family: arial, helvetica, sans-serif; font-size: 14px;\">Trendyol S\u00fcper Lig\u2019in 7. haftas\u0131nda Fenerbah\u00e7e, sahas\u0131nda \u00c7aykur Rizespor\u2019u 5-0 ma\u011flup etti.<\/span><\/strong><\/p>\n<p><span style=\"font-family: arial, helvetica, sans-serif; font-size: 14px;\"><strong>Ma\u00e7tan dakikalar<br \/>\n<\/strong>3. dakikada sa\u011f tarafta Dzeko\u2019nun ceza sahas\u0131 i\u00e7i sol taraf\u0131na a\u00e7t\u0131\u011f\u0131 ortada Tadic, son \u00e7izgide topu kale \u00f6n\u00fcne \u00e7evirdi. Szymanski\u2019nin alt\u0131pas\u0131n i\u00e7inden yapt\u0131\u011f\u0131 oldu\u011fu vuru\u015fta me\u015fin yuvarlak a\u011flara gitti. 1-0<br \/>\n21. dakikada ceza yay\u0131nda \u0130smail\u2019in ara pas\u0131nda kale \u00f6n\u00fcnde kaleciyle kar\u015f\u0131ya kalan Dzeko\u2019nun \u015futunda kaleci G\u00f6khan me\u015fin yuvarla\u011f\u0131 kornere \u00e7eldi.<br \/>\n23. dakikada sa\u011f taraftan Benhur\u2019un ortas\u0131nda topla bulu\u015fan Varesanovic\u2019in ceza sahas\u0131 i\u00e7i sol \u00e7aprazdan yapt\u0131\u011f\u0131 vuru\u015fta Livakovic me\u015fin yuvarla\u011f\u0131 kurtard\u0131.<br \/>\n38. dakikada Osayi-Samuel, rakibiyle girdi\u011fi ikili m\u00fccadelede kazand\u0131\u011f\u0131 topu Szymanski\u2019ye aktard\u0131. Szymanski\u2019nin ara pas\u0131nda savunma arkas\u0131na sarkan Fred, ceza sahas\u0131 i\u00e7i sa\u011f taraf\u0131nda son \u00e7izgiye inmeden topu arka dire\u011fe g\u00f6nderdi. Kale \u00f6n\u00fcnde topla bulu\u015fan Dzeko\u2019nun dokunu\u015funda me\u015fin yuvarlak filelerle bulu\u015ftu. Pozisyonun sonras\u0131nda VAR uyar\u0131s\u0131yla yap\u0131lan inceleme neticesinde Hakem Cihan Ayd\u0131n, gol\u00fc iptal etti.<\/span><br \/>\n<span style=\"font-family: arial, helvetica, sans-serif; font-size: 14px;\">47. dakikada sol taraftan Szymanski\u2019nin ceza sahas\u0131 i\u00e7ine yapt\u0131\u011f\u0131 ortada \u00c7aykur Rizespor savunmas\u0131n\u0131n uzakla\u015ft\u0131ramad\u0131\u011f\u0131 topu \u00f6n\u00fcnde bulan \u0130rfan Can Kahveci&#8217;nin penalt\u0131 noktas\u0131 yak\u0131n\u0131ndan sert \u015futunda me\u015fin yuvarlak filelerle bulu\u015ftu. 2-0<\/span><br \/>\n<span style=\"font-family: arial, helvetica, sans-serif; font-size: 14px;\">49. dakikada savunma arkas\u0131na at\u0131lan ara pasta ceza sahas\u0131 i\u00e7i sa\u011f \u00e7apraz\u0131ndan Dzeko\u2019nun \u015futunda kaleci G\u00f6khan gole izin vermedi.<\/span><br \/>\n<span style=\"font-family: arial, helvetica, sans-serif; font-size: 14px;\">62. dakikada sa\u011f taraftan orta alana do\u011fru topu ta\u015f\u0131yan \u0130rfan Can\u2019\u0131n ara pas\u0131nda topla bulu\u015fan Dzeko\u2019nun ceza sahas\u0131 i\u00e7i sol \u00e7apraz\u0131ndan \u00e7ekti\u011fi \u015futla me\u015fin yuvarla\u011f\u0131 a\u011flarla bulu\u015fturdu. 3-0<\/span><br \/>\n<span style=\"font-family: arial, helvetica, sans-serif; font-size: 14px;\">75. dakikada ceza sahas\u0131 i\u00e7inde \u00e7al\u0131mlarla ilerleyen King\u2019in sa\u011f \u00e7aprazdan \u00e7ekti\u011fi \u015fut, \u00c7aykur Rizespor savunmas\u0131ndan Tadic\u2019in \u00f6n\u00fcne d\u00fc\u015ft\u00fc. Kale \u00f6n\u00fcnde topla bulu\u015fan Tadic\u2019in vuru\u015funda me\u015fin yuvarlak filelere gitti. 4-0<\/span><br \/>\n<span style=\"font-family: arial, helvetica, sans-serif; font-size: 14px;\">90+2. dakikada sol taraftan orta alana do\u011fru topla ilerleyen Ferdi Kad\u0131o\u011flu&#8217;nun ceza yay\u0131 \u00fczerinden \u015futunda me\u015fin yuvarlak direkten d\u00f6nd\u00fc.<\/span><br \/>\n<span style=\"font-family: arial, helvetica, sans-serif; font-size: 14px;\">90+3. dakikada ceza sahas\u0131 i\u00e7i sa\u011f taraf\u0131ndan Mert Hakan Yanda\u015f&#8217;\u0131n arka dire\u011fe kesti\u011fi ortada iyi y\u00fckselen King&#8217;in kafa vuru\u015fuyla me\u015fin yuvarlak a\u011flarla bulu\u015ftu. 5-0<\/span><\/p>\n<p><span style=\"font-family: arial, helvetica, sans-serif; font-size: 14px;\">Hakemler: Cihan Ayd\u0131n, Hakan Yemi\u015fken, Caner \u00d6zaral<\/span><br \/>\n<span style=\"font-family: arial, helvetica, sans-serif; font-size: 14px;\">Fenerbah\u00e7e: Livakovic, Osayi-Samuel (Mert M\u00fcld\u00fcr dk. 83), Becao (Samet Akaydin dk. 68), Djiku, Ferdi Kad\u0131o\u011flu, \u0130smail Y\u00fcksek, Fred, \u0130rfan Can Kahveci (King dk. 68), Szymanski (Mert Hakan Yanda\u015f dk. 77), Tadic, Dzeko (Umut Nayir dk. 77)<\/span><br \/>\n<span style=\"font-family: arial, helvetica, sans-serif; font-size: 14px;\">Yedekler: \u0130rfan Can E\u011fribayat, Kent, Bartu\u011f Elmaz, Oosterwolde, Crespo<\/span><br \/>\n<span style=\"font-family: arial, helvetica, sans-serif; font-size: 14px;\">Teknik Direkt\u00f6r: \u0130smail Kartal<\/span><br \/>\n<span style=\"font-family: arial, helvetica, sans-serif; font-size: 14px;\">\u00c7aykur Rizespor: G\u00f6khan Akkan, Muhammet Taha \u015eahin (Laine dk. 74), Mocsi, Emirhan Top\u00e7u, Hojer (Halil Pehlivan dk. 46), Mithat Pala, Shelvey, Gustavo Sauerbeck (Zeqiri dk. 46), Varesanovic (Olawoyin dk. 46), Benhur Keser, Minchev (Gaich dk. 67)<\/span><br \/>\n<span style=\"font-family: arial, helvetica, sans-serif; font-size: 14px;\">Yedekler: Tar\u0131k \u00c7etin, Alikulov, An\u0131l Ya\u015far, Faye, Eray Korkmaz<\/span><br \/>\n<span style=\"font-family: arial, helvetica, sans-serif; font-size: 14px;\">Teknik Direkt\u00f6r: \u0130lhan Palut<\/span><br \/>\n<span style=\"font-family: arial, helvetica, sans-serif; font-size: 14px;\">Goller: Szymanski (dk. 3), \u0130rfan Can Kahveci (dk. 47), Dzeko (dk. 62), Tadic (dk. 75), King (dk. 90+3) (Fenerbah\u00e7e)<\/span><br \/>\n<span style=\"font-family: arial, helvetica, sans-serif; font-size: 14px;\">Sar\u0131 kart: Muhammet Taha \u015eahin, Shelvey, Gaich (\u00c7aykur Rizespor)<\/span><\/p>\n","protected":false},"excerpt":{"rendered":"<p>Trendyol S\u00fcper Lig\u2019in 7. haftas\u0131nda Fenerbah\u00e7e, sahas\u0131nda \u00c7aykur Rizespor\u2019u 5-0 ma\u011flup etti. Ma\u00e7tan dakikalar 3. dakikada sa\u011f tarafta Dzeko\u2019nun ceza<\/p>\n","protected":false},"author":3,"featured_media":16056,"comment_status":"open","ping_status":"open","sticky":false,"template":"","format":"standard","meta":{"colormag_page_container_layout":"default_layout","colormag_page_sidebar_layout":"default_layout","footnotes":""},"categories":[1,5,9],"tags":[],"class_list":["post-16054","post","type-post","status-publish","format-standard","has-post-thumbnail","hentry","category-genel","category-gundem","category-spor"],"_links":{"self":[{"href":"https:\/\/marmarayerelhizmet.com\/index.php\/wp-json\/wp\/v2\/posts\/16054","targetHints":{"allow":["GET"]}}],"collection":[{"href":"https:\/\/marmarayerelhizmet.com\/index.php\/wp-json\/wp\/v2\/posts"}],"about":[{"href":"https:\/\/marmarayerelhizmet.com\/index.php\/wp-json\/wp\/v2\/types\/post"}],"author":[{"embeddable":true,"href":"https:\/\/marmarayerelhizmet.com\/index.php\/wp-json\/wp\/v2\/users\/3"}],"replies":[{"embeddable":true,"href":"https:\/\/marmarayerelhizmet.com\/index.php\/wp-json\/wp\/v2\/comments?post=16054"}],"version-history":[{"count":0,"href":"https:\/\/marmarayerelhizmet.com\/index.php\/wp-json\/wp\/v2\/posts\/16054\/revisions"}],"wp:featuredmedia":[{"embeddable":true,"href":"https:\/\/marmarayerelhizmet.com\/index.php\/wp-json\/wp\/v2\/media\/16056"}],"wp:attachment":[{"href":"https:\/\/marmarayerelhizmet.com\/index.php\/wp-json\/wp\/v2\/media?parent=16054"}],"wp:term":[{"taxonomy":"category","embeddable":true,"href":"https:\/\/marmarayerelhizmet.com\/index.php\/wp-json\/wp\/v2\/categories?post=16054"},{"taxonomy":"post_tag","embeddable":true,"href":"https:\/\/marmarayerelhizmet.com\/index.php\/wp-json\/wp\/v2\/tags?post=16054"}],"curies":[{"name":"wp","href":"https:\/\/api.w.org\/{rel}","templated":true}]}}