{"id":16044,"date":"2023-10-01T13:12:25","date_gmt":"2023-10-01T10:12:25","guid":{"rendered":"https:\/\/marmarayerelhizmet.com\/?p=16044"},"modified":"2023-10-01T13:12:25","modified_gmt":"2023-10-01T10:12:25","slug":"galericileri-sevindiren-aciklama","status":"publish","type":"post","link":"https:\/\/marmarayerelhizmet.com\/index.php\/2023\/10\/01\/galericileri-sevindiren-aciklama\/","title":{"rendered":"Galericileri Sevindiren A\u00e7\u0131klama"},"content":{"rendered":"<p><strong><span style=\"font-family: arial, helvetica, sans-serif; font-size: 14px;\">Cumhurba\u015fkan\u0131 Recep Tayyip Erdo\u011fan\u2019\u0131n ilan sitelerindeki sahte ve aldat\u0131c\u0131 ilanlar ile ilgili a\u00e7\u0131klamas\u0131, galerici esnaf\u0131n\u0131 sevindirdi.<br \/>\n<\/span><\/strong><br \/>\n<span style=\"font-family: arial, helvetica, sans-serif; font-size: 14px;\">Cumhurba\u015fkan\u0131 Recep Tayyip Erdo\u011fan, ge\u00e7ti\u011fimiz g\u00fcnlerde ger\u00e7ekle\u015ftirilen Kabine Toplant\u0131s\u0131 sonras\u0131 yapt\u0131\u011f\u0131 a\u00e7\u0131klamada ilan sitelerinin 1 Kas\u0131m tarihi itibar\u0131yla sahte ve aldat\u0131c\u0131 emlak ve otomobil ilanlar\u0131ndan mesul tutulaca\u011f\u0131n\u0131 a\u00e7\u0131klam\u0131\u015ft\u0131. Buna g\u00f6re yan\u0131lt\u0131c\u0131 ilan verilmesi veya bu konuda zafiyet g\u00f6sterilmesi halinde 100 bin liraya kadar idari para cezas\u0131 uygulanaca\u011f\u0131 a\u00e7\u0131klamas\u0131na Kahramanmara\u015f\u2019taki galerici esnaflar\u0131 olduk\u00e7a sevindi. Otomobil piyasas\u0131nda ya\u015fanan durumun sahte ve aldat\u0131c\u0131 ilanlarla \u015fi\u015fti\u011fini belirten galericiler, bu olumlu ad\u0131m\u0131n hem galericilere nefes olaca\u011f\u0131n\u0131 hem de otomobil piyasas\u0131ndaki fiyatlar\u0131 d\u00fc\u015f\u00fcrece\u011fini ifade etti.<\/span><br \/>\n<span style=\"font-family: arial, helvetica, sans-serif; font-size: 14px;\">Cumhurba\u015fkan\u0131 Erdo\u011fan\u2019\u0131n sahte ilanlarla ilgili s\u00f6zlerini olumlu kar\u015f\u0131lad\u0131klar\u0131n\u0131 s\u00f6yleyen galerici esnaf\u0131 Adem Parlak, \u201c\u0130\u015fimize yarad\u0131. Vergi veriyoruz, kira veriyoruz, tabela paras\u0131 veriyoruz. Adam mesela fabrikada \u00e7al\u0131\u015f\u0131yor, 2 tane, 3 tane yat\u0131r\u0131ml\u0131k araba alm\u0131\u015f. Biz 300 bin TL yazm\u0131\u015f\u0131z arabaya, adam 400 bin TL yazm\u0131\u015f. Yani adam 3 ay bekletiyor, 300 bin TL\u2019ye al\u0131yor ve 600 bin TL\u2019ye sat\u0131yor bu arabay\u0131. Vergi vermiyor ama ben araba ba\u015f\u0131 y\u00fczde 20 vergi veriyorum. Cumhurba\u015fkan\u0131m\u0131z\u0131n konu\u015fmas\u0131 i\u015fe yarad\u0131\u201d dedi.<\/span><br \/>\n<span style=\"font-family: arial, helvetica, sans-serif; font-size: 14px;\">Galerici esnaf\u0131 Mustafa Ba\u015fkonu\u015f ise, \u201cGalerici esnaflar\u0131m\u0131z biraz rahatlam\u0131\u015f durumda. 1 Kas\u0131m tarihinden itibaren ilan sitelerine sahte hesapla ara\u00e7 koyanlar, sahte isimle ilan koyanlara 100 bin TL ceza kesilece\u011fi s\u00f6yleniyor. Bu da galerici esnaflar\u0131n\u0131 bir nebze de olsun rahatlatt\u0131 ve prosed\u00fcrler uygun bir \u015fekilde devam ediyor. Yetki belgesi, yeterlilik belgesi olmayanlara ilan sitelerinden ilan koyulmayaca\u011f\u0131 da s\u00f6yleniyor. Biz bu karar\u0131 \u00e7ok olumlu kar\u015f\u0131lad\u0131k. Piyasalarda bir s\u00fcr\u00fc bu i\u015fi yapan, bizim i\u015fimizi yapan bir s\u00fcr\u00fc ayakl\u0131 galerici diye tabir etti\u011fimiz insanlar var. \u00d6rne\u011fin berberi, bakkal\u0131 bu i\u015fi yap\u0131yor ve insanlar maalesef doland\u0131r\u0131lmayla kar\u015f\u0131 kar\u015f\u0131ya kal\u0131yor. Bu da insanlar\u0131n can\u0131n\u0131 yak\u0131yor. Tabii Cumhurba\u015fkan\u0131m\u0131z\u0131n bu a\u00e7\u0131klamas\u0131yla ilan koyulmayaca\u011f\u0131n\u0131 s\u00f6ylemesi, 1 Kas\u0131m tarihi ile maddi para cezas\u0131 kesilece\u011fini s\u00f6ylemesi ile bir nebze olsun piyasalarda rahatlama s\u00f6z konusu oldu\u201d diye konu\u015ftu.<\/span><\/p>\n","protected":false},"excerpt":{"rendered":"<p>Cumhurba\u015fkan\u0131 Recep Tayyip Erdo\u011fan\u2019\u0131n ilan sitelerindeki sahte ve aldat\u0131c\u0131 ilanlar ile ilgili a\u00e7\u0131klamas\u0131, galerici esnaf\u0131n\u0131 sevindirdi. Cumhurba\u015fkan\u0131 Recep Tayyip Erdo\u011fan,<\/p>\n","protected":false},"author":3,"featured_media":16046,"comment_status":"open","ping_status":"open","sticky":false,"template":"","format":"standard","meta":{"colormag_page_container_layout":"default_layout","colormag_page_sidebar_layout":"default_layout","footnotes":""},"categories":[3,1,5,8],"tags":[],"class_list":["post-16044","post","type-post","status-publish","format-standard","has-post-thumbnail","hentry","category-ekonomi","category-genel","category-gundem","category-siyaset"],"_links":{"self":[{"href":"https:\/\/marmarayerelhizmet.com\/index.php\/wp-json\/wp\/v2\/posts\/16044","targetHints":{"allow":["GET"]}}],"collection":[{"href":"https:\/\/marmarayerelhizmet.com\/index.php\/wp-json\/wp\/v2\/posts"}],"about":[{"href":"https:\/\/marmarayerelhizmet.com\/index.php\/wp-json\/wp\/v2\/types\/post"}],"author":[{"embeddable":true,"href":"https:\/\/marmarayerelhizmet.com\/index.php\/wp-json\/wp\/v2\/users\/3"}],"replies":[{"embeddable":true,"href":"https:\/\/marmarayerelhizmet.com\/index.php\/wp-json\/wp\/v2\/comments?post=16044"}],"version-history":[{"count":0,"href":"https:\/\/marmarayerelhizmet.com\/index.php\/wp-json\/wp\/v2\/posts\/16044\/revisions"}],"wp:featuredmedia":[{"embeddable":true,"href":"https:\/\/marmarayerelhizmet.com\/index.php\/wp-json\/wp\/v2\/media\/16046"}],"wp:attachment":[{"href":"https:\/\/marmarayerelhizmet.com\/index.php\/wp-json\/wp\/v2\/media?parent=16044"}],"wp:term":[{"taxonomy":"category","embeddable":true,"href":"https:\/\/marmarayerelhizmet.com\/index.php\/wp-json\/wp\/v2\/categories?post=16044"},{"taxonomy":"post_tag","embeddable":true,"href":"https:\/\/marmarayerelhizmet.com\/index.php\/wp-json\/wp\/v2\/tags?post=16044"}],"curies":[{"name":"wp","href":"https:\/\/api.w.org\/{rel}","templated":true}]}}