{"id":16036,"date":"2023-10-01T10:12:33","date_gmt":"2023-10-01T07:12:33","guid":{"rendered":"https:\/\/marmarayerelhizmet.com\/?p=16036"},"modified":"2023-10-01T12:14:40","modified_gmt":"2023-10-01T09:14:40","slug":"10-bin-istihdam-saglayacak","status":"publish","type":"post","link":"https:\/\/marmarayerelhizmet.com\/index.php\/2023\/10\/01\/10-bin-istihdam-saglayacak\/","title":{"rendered":"10 Bin \u0130stihdam Sa\u011flayacak"},"content":{"rendered":"<p><strong><span style=\"font-family: arial, helvetica, sans-serif; font-size: 14px;\">142 y\u0131ll\u0131k belediye tarihinde ilk kez a\u00e7t\u0131klar\u0131 Tar\u0131msal Hizmetler M\u00fcd\u00fcrl\u00fc\u011f\u00fc ile verimli topraklar\u0131n her y\u0131l katma de\u011feri y\u00fcksek yeni \u00fcr\u00fcnlere bulu\u015ftu\u011funu, S\u0131f\u0131r At\u0131k ve \u0130klim De\u011fi\u015fikli\u011fi M\u00fcd\u00fcrl\u00fc\u011f\u00fc ile \u00f6rnek \u00e7al\u0131\u015fmalara imza att\u0131klar\u0131n\u0131 a\u00e7\u0131klayan Mustafakemalpa\u015fa Belediye Ba\u015fkan\u0131 Mehmet Kanar, di\u011fer yandan orta vadede yan sanayisi ile birlikte 10 bin ki\u015fiye istihdam sa\u011flayacak G\u00fcll\u00fcce Kobi Sanayi ve Lojistik Depolama Projesi\u2019yle il\u00e7e i\u00e7in tarihi bir s\u00fcrecin ba\u015flayaca\u011f\u0131n\u0131 m\u00fcjdeledi.<br \/>\n<\/span><\/strong><br \/>\n<span style=\"font-family: arial, helvetica, sans-serif; font-size: 14px;\">Mustafakemalpa\u015fa Belediye Ba\u015fkan Mehmet Kanar, her y\u0131l katma de\u011feri y\u00fcksek \u00fcr\u00fcnlerle zenginle\u015ftirdikleri verimli topraklar\u0131, do\u011fal g\u00fczellikleri, tarihi de\u011ferlerini koruyarak, ye\u015fil sanayi yat\u0131r\u0131mlar\u0131 ile gelece\u011fe yolculu\u011funun sa\u011flam ve kararl\u0131 ad\u0131mlarla s\u00fcrd\u00fc\u011f\u00fcn\u00fc a\u00e7\u0131klad\u0131. \u00d6n\u00fcm\u00fczdeki 100 y\u0131la damgas\u0131n\u0131 vuracak sa\u011fl\u0131kl\u0131 ve modern alt yap\u0131, \u00fcst yap\u0131, i\u00e7me suyu, ya\u011fmur ve kanalizasyon, spor ve e\u011fitim, tar\u0131m ve turizm, sosyal donat\u0131 alanlar\u0131 ve ula\u015f\u0131m ba\u015fta olmak \u00fczere say\u0131s\u0131z hizmetlerle il\u00e7e tarihinin en b\u00fcy\u00fck de\u011fi\u015fim ve geli\u015fiminin ya\u015fand\u0131\u011f\u0131n\u0131 kaydeden Ba\u015fkan Kanar, \u201cBu g\u00fczel il\u00e7enin g\u00fczel insanlar\u0131 i\u00e7in ne yapsak az. \u015eimdi, s\u0131ra sporla, sanatla, bilimle yeti\u015fen gen\u00e7lerimizin kendi il\u00e7elerinde giri\u015fimci, nitelikli i\u015f g\u00fcc\u00fcne sahip olacaklar\u0131 ye\u015fil sanayi hamlesinde\u201c \u015feklinde konu\u015ftu.<\/span><br \/>\n<span style=\"font-family: arial, helvetica, sans-serif; font-size: 14px;\">Siyasi h\u0131rs ve ikballeri il\u00e7e menfaatlerinden \u00f6nce gelenlerin yine ve yeniden sesleri ile \u201c\u0130stemez\u00fck\u201d t\u00fcrk\u00fcs\u00fc s\u00f6ylemeye ba\u015flad\u0131klar\u0131n\u0131 ifade eden Kanar, \u201cGe\u00e7mi\u015fte tar\u0131m kenti Mustafakemalpa\u015fa\u2019da faaliyet g\u00f6stermek isteyen dev g\u0131da yat\u0131r\u0131mlar\u0131na kar\u015f\u0131 \u00e7\u0131karak ba\u015fka il\u00e7eye gitmelerine neden olanlar, otoban ba\u011flant\u0131s\u0131 i\u00e7in yine ortal\u0131\u011f\u0131 aya\u011fa kald\u0131rarak Mustafakemalpa\u015fa\u2019y\u0131 dev projelerden mahrum b\u0131rakanlar, daha sonra y\u00fczleri k\u0131zarmadan bu yat\u0131r\u0131mlar\u0131n neden il\u00e7emize getirilmedi\u011fini s\u00f6yledi. \u015eimdi de binlerce istihdam ve yeni i\u015f imkanlar\u0131n\u0131n \u00f6n\u00fcn\u00fc a\u00e7acak yat\u0131r\u0131m\u0131 engellemeye \u00e7al\u0131\u015f\u0131yorlar. \u015ea\u015f\u0131rd\u0131k m\u0131, hay\u0131r tabii ki\u201d ifadelerini kulland\u0131.<\/span><\/p>\n","protected":false},"excerpt":{"rendered":"<p>142 y\u0131ll\u0131k belediye tarihinde ilk kez a\u00e7t\u0131klar\u0131 Tar\u0131msal Hizmetler M\u00fcd\u00fcrl\u00fc\u011f\u00fc ile verimli topraklar\u0131n her y\u0131l katma de\u011feri y\u00fcksek yeni \u00fcr\u00fcnlere<\/p>\n","protected":false},"author":3,"featured_media":16038,"comment_status":"open","ping_status":"open","sticky":false,"template":"","format":"standard","meta":{"colormag_page_container_layout":"default_layout","colormag_page_sidebar_layout":"default_layout","footnotes":""},"categories":[3,1,5],"tags":[],"class_list":["post-16036","post","type-post","status-publish","format-standard","has-post-thumbnail","hentry","category-ekonomi","category-genel","category-gundem"],"_links":{"self":[{"href":"https:\/\/marmarayerelhizmet.com\/index.php\/wp-json\/wp\/v2\/posts\/16036","targetHints":{"allow":["GET"]}}],"collection":[{"href":"https:\/\/marmarayerelhizmet.com\/index.php\/wp-json\/wp\/v2\/posts"}],"about":[{"href":"https:\/\/marmarayerelhizmet.com\/index.php\/wp-json\/wp\/v2\/types\/post"}],"author":[{"embeddable":true,"href":"https:\/\/marmarayerelhizmet.com\/index.php\/wp-json\/wp\/v2\/users\/3"}],"replies":[{"embeddable":true,"href":"https:\/\/marmarayerelhizmet.com\/index.php\/wp-json\/wp\/v2\/comments?post=16036"}],"version-history":[{"count":0,"href":"https:\/\/marmarayerelhizmet.com\/index.php\/wp-json\/wp\/v2\/posts\/16036\/revisions"}],"wp:featuredmedia":[{"embeddable":true,"href":"https:\/\/marmarayerelhizmet.com\/index.php\/wp-json\/wp\/v2\/media\/16038"}],"wp:attachment":[{"href":"https:\/\/marmarayerelhizmet.com\/index.php\/wp-json\/wp\/v2\/media?parent=16036"}],"wp:term":[{"taxonomy":"category","embeddable":true,"href":"https:\/\/marmarayerelhizmet.com\/index.php\/wp-json\/wp\/v2\/categories?post=16036"},{"taxonomy":"post_tag","embeddable":true,"href":"https:\/\/marmarayerelhizmet.com\/index.php\/wp-json\/wp\/v2\/tags?post=16036"}],"curies":[{"name":"wp","href":"https:\/\/api.w.org\/{rel}","templated":true}]}}