{"id":16028,"date":"2023-10-01T11:28:35","date_gmt":"2023-10-01T08:28:35","guid":{"rendered":"https:\/\/marmarayerelhizmet.com\/?p=16028"},"modified":"2023-10-01T11:28:35","modified_gmt":"2023-10-01T08:28:35","slug":"yukselden-rektor-ogurluya-ziyaret","status":"publish","type":"post","link":"https:\/\/marmarayerelhizmet.com\/index.php\/2023\/10\/01\/yukselden-rektor-ogurluya-ziyaret\/","title":{"rendered":"Y\u00fcksel&#8217;den, Rekt\u00f6r O\u011furlu&#8217;ya Ziyaret"},"content":{"rendered":"<p><strong><span style=\"font-family: arial, helvetica, sans-serif; font-size: 14px;\">Bal\u0131kesir Milletvekili Ekrem G\u00f6kay Y\u00fcksel, Bal\u0131kesir \u00dcniversitesi Rekt\u00f6r\u00fc Prof. Dr. Y\u00fccel O\u011furlu\u2019yu makam\u0131nda ziyaret etti.<\/span><\/strong><\/p>\n<p><span style=\"font-family: arial, helvetica, sans-serif; font-size: 14px;\">Rekt\u00f6r Yard\u0131mc\u0131s\u0131 Prof. Dr. Cevdet Avc\u0131kurt\u2019un da yer ald\u0131\u011f\u0131 ziyarette, Bal\u0131kesir Milletvekili Ekrem G\u00f6kay Y\u00fcksel, Rekt\u00f6r Prof. Dr. Y\u00fccel O\u011furlu&#8217;ya \u00e7al\u0131\u015fmalar\u0131nda ba\u015far\u0131lar dilerken, Rekt\u00f6r Prof. Dr. Y\u00fccel O\u011furlu da konu\u011funa ziyareti ve temennileri i\u00e7in te\u015fekk\u00fcr etti.<\/span><\/p>\n<p>&nbsp;<\/p>\n<div class=\"pi-slider-wrapper pi-slider-arrows-inside pi-slider-show-arrow-hover\">\n<div class=\"pi-slider pi-slider-animate-opacity\" data-slider-action=\"slide\">\n<div class=\"pi-slide\"><\/div>\n<\/div>\n<\/div>\n","protected":false},"excerpt":{"rendered":"<p>Bal\u0131kesir Milletvekili Ekrem G\u00f6kay Y\u00fcksel, Bal\u0131kesir \u00dcniversitesi Rekt\u00f6r\u00fc Prof. Dr. Y\u00fccel O\u011furlu\u2019yu makam\u0131nda ziyaret etti. Rekt\u00f6r Yard\u0131mc\u0131s\u0131 Prof. Dr. Cevdet<\/p>\n","protected":false},"author":3,"featured_media":16030,"comment_status":"open","ping_status":"open","sticky":false,"template":"","format":"standard","meta":{"colormag_page_container_layout":"default_layout","colormag_page_sidebar_layout":"default_layout","footnotes":""},"categories":[45,1,5,8],"tags":[],"class_list":["post-16028","post","type-post","status-publish","format-standard","has-post-thumbnail","hentry","category-egitim","category-genel","category-gundem","category-siyaset"],"_links":{"self":[{"href":"https:\/\/marmarayerelhizmet.com\/index.php\/wp-json\/wp\/v2\/posts\/16028","targetHints":{"allow":["GET"]}}],"collection":[{"href":"https:\/\/marmarayerelhizmet.com\/index.php\/wp-json\/wp\/v2\/posts"}],"about":[{"href":"https:\/\/marmarayerelhizmet.com\/index.php\/wp-json\/wp\/v2\/types\/post"}],"author":[{"embeddable":true,"href":"https:\/\/marmarayerelhizmet.com\/index.php\/wp-json\/wp\/v2\/users\/3"}],"replies":[{"embeddable":true,"href":"https:\/\/marmarayerelhizmet.com\/index.php\/wp-json\/wp\/v2\/comments?post=16028"}],"version-history":[{"count":0,"href":"https:\/\/marmarayerelhizmet.com\/index.php\/wp-json\/wp\/v2\/posts\/16028\/revisions"}],"wp:featuredmedia":[{"embeddable":true,"href":"https:\/\/marmarayerelhizmet.com\/index.php\/wp-json\/wp\/v2\/media\/16030"}],"wp:attachment":[{"href":"https:\/\/marmarayerelhizmet.com\/index.php\/wp-json\/wp\/v2\/media?parent=16028"}],"wp:term":[{"taxonomy":"category","embeddable":true,"href":"https:\/\/marmarayerelhizmet.com\/index.php\/wp-json\/wp\/v2\/categories?post=16028"},{"taxonomy":"post_tag","embeddable":true,"href":"https:\/\/marmarayerelhizmet.com\/index.php\/wp-json\/wp\/v2\/tags?post=16028"}],"curies":[{"name":"wp","href":"https:\/\/api.w.org\/{rel}","templated":true}]}}