{"id":16010,"date":"2023-10-01T00:42:19","date_gmt":"2023-09-30T21:42:19","guid":{"rendered":"https:\/\/marmarayerelhizmet.com\/?p=16010"},"modified":"2023-10-01T00:42:19","modified_gmt":"2023-09-30T21:42:19","slug":"ilk-boyali-heykel-bulundu","status":"publish","type":"post","link":"https:\/\/marmarayerelhizmet.com\/index.php\/2023\/10\/01\/ilk-boyali-heykel-bulundu\/","title":{"rendered":"\u0130lk Boyal\u0131 Heykel Bulundu"},"content":{"rendered":"<p><strong><span style=\"font-family: arial, helvetica, sans-serif; font-size: 14px;\">K\u00fclt\u00fcr ve Turizm Bakanl\u0131\u011f\u0131n\u0131n y\u00fcr\u00fctt\u00fc\u011f\u00fc kaz\u0131 \u00e7al\u0131\u015fmalar\u0131yla G\u00f6beklitepe\u2019nin D yap\u0131s\u0131nda kire\u00e7ta\u015f\u0131ndan yap\u0131lm\u0131\u015f ve ger\u00e7ek boyutlu olan bir yaban domuzu heykeli bulundu.<br \/>\n<\/span><\/strong><br \/>\n<span style=\"font-family: arial, helvetica, sans-serif; font-size: 14px;\">Tarihin s\u0131f\u0131r noktas\u0131 olarak nitelendirilen G\u00f6beklitepe ve Karahantepe\u2019de yeni buluntular g\u00fcn \u0131\u015f\u0131\u011f\u0131na kavu\u015ftu. Tarih \u00f6ncesine \u0131\u015f\u0131k tutan, d\u00fcnya \u00f6l\u00e7e\u011finde \u00e7ok \u00f6nemli ke\u015fiflerin yap\u0131ld\u0131\u011f\u0131 Ta\u015f Tepeler projesi \u00e7er\u00e7evesinde 2023 y\u0131l\u0131nda 9 arkeolojik alanda s\u00fcrd\u00fcr\u00fclen \u00e7al\u0131\u015fmalarda son olarak insan ve hayvan heykellerine ula\u015f\u0131ld\u0131.<\/span><br \/>\n<span style=\"font-family: arial, helvetica, sans-serif; font-size: 14px;\">Y\u00fczeyinde k\u0131rm\u0131z\u0131, beyaz ve siyah pigment kal\u0131nt\u0131lar g\u00f6r\u00fclebilen eser d\u00f6neminden g\u00fcn\u00fcm\u00fcze uzanan ilk boyal\u0131 heykel buluntusu oldu. G\u00f6beklitepe\u2019de ke\u015ffedilen yaban domuzu heykeli, H \u015feklinde bir sembol, bir hilal, iki y\u0131lan ve \u00fc\u00e7 insan y\u00fcz\u00fc veya maskesi oldu\u011fu tahmin edilen s\u00fcslemelere sahip bir seki \u00fczerinde bulundu.<br \/>\n<\/span><br \/>\n<strong><span style=\"font-family: arial, helvetica, sans-serif; font-size: 14px;\">\u0130nsan heykeli tarih \u00f6ncesi sanat\u0131n en etkileyici \u00f6rneklerinden<\/span><\/strong><br \/>\n<span style=\"font-family: arial, helvetica, sans-serif; font-size: 14px;\">Karahantepe\u2019de s\u00fcrd\u00fcr\u00fclen kaz\u0131 \u00e7al\u0131\u015fmalar\u0131nda ise d\u00f6nemin en ger\u00e7ek\u00e7i heykellerinden biri g\u00fcn \u0131\u015f\u0131\u011f\u0131na kavu\u015fturuldu. Ger\u00e7ek\u00e7i bir y\u00fcz ifadesiyle tarih \u00f6ncesi sanat\u0131n en etkileyici \u00f6rneklerinden biri olmaya aday 2 metre 30 santimetre y\u00fcksekli\u011findeki heykel bir sekinin i\u00e7erisinde zemine sabitlenmi\u015f olarak bulundu. \u00d6l\u00fc bir insan\u0131 \u00e7a\u011fr\u0131\u015ft\u0131ran kaburga, omurga ve omuz kemiklerinin vurguland\u0131\u011f\u0131 oturur vaziyetteki heykelin bulundu\u011fu alanda duvara yerle\u015ftirilmi\u015f bir akbaba heykeli ile zemine b\u0131rak\u0131lm\u0131\u015f ta\u015f tabaklara ula\u015f\u0131ld\u0131.<\/span><\/p>\n","protected":false},"excerpt":{"rendered":"<p>K\u00fclt\u00fcr ve Turizm Bakanl\u0131\u011f\u0131n\u0131n y\u00fcr\u00fctt\u00fc\u011f\u00fc kaz\u0131 \u00e7al\u0131\u015fmalar\u0131yla G\u00f6beklitepe\u2019nin D yap\u0131s\u0131nda kire\u00e7ta\u015f\u0131ndan yap\u0131lm\u0131\u015f ve ger\u00e7ek boyutlu olan bir yaban domuzu heykeli<\/p>\n","protected":false},"author":3,"featured_media":16012,"comment_status":"open","ping_status":"open","sticky":false,"template":"","format":"standard","meta":{"colormag_page_container_layout":"default_layout","colormag_page_sidebar_layout":"default_layout","footnotes":""},"categories":[1,5],"tags":[],"class_list":["post-16010","post","type-post","status-publish","format-standard","has-post-thumbnail","hentry","category-genel","category-gundem"],"_links":{"self":[{"href":"https:\/\/marmarayerelhizmet.com\/index.php\/wp-json\/wp\/v2\/posts\/16010","targetHints":{"allow":["GET"]}}],"collection":[{"href":"https:\/\/marmarayerelhizmet.com\/index.php\/wp-json\/wp\/v2\/posts"}],"about":[{"href":"https:\/\/marmarayerelhizmet.com\/index.php\/wp-json\/wp\/v2\/types\/post"}],"author":[{"embeddable":true,"href":"https:\/\/marmarayerelhizmet.com\/index.php\/wp-json\/wp\/v2\/users\/3"}],"replies":[{"embeddable":true,"href":"https:\/\/marmarayerelhizmet.com\/index.php\/wp-json\/wp\/v2\/comments?post=16010"}],"version-history":[{"count":0,"href":"https:\/\/marmarayerelhizmet.com\/index.php\/wp-json\/wp\/v2\/posts\/16010\/revisions"}],"wp:featuredmedia":[{"embeddable":true,"href":"https:\/\/marmarayerelhizmet.com\/index.php\/wp-json\/wp\/v2\/media\/16012"}],"wp:attachment":[{"href":"https:\/\/marmarayerelhizmet.com\/index.php\/wp-json\/wp\/v2\/media?parent=16010"}],"wp:term":[{"taxonomy":"category","embeddable":true,"href":"https:\/\/marmarayerelhizmet.com\/index.php\/wp-json\/wp\/v2\/categories?post=16010"},{"taxonomy":"post_tag","embeddable":true,"href":"https:\/\/marmarayerelhizmet.com\/index.php\/wp-json\/wp\/v2\/tags?post=16010"}],"curies":[{"name":"wp","href":"https:\/\/api.w.org\/{rel}","templated":true}]}}