{"id":16002,"date":"2023-09-30T22:59:27","date_gmt":"2023-09-30T19:59:27","guid":{"rendered":"https:\/\/marmarayerelhizmet.com\/?p=16002"},"modified":"2023-10-01T00:01:50","modified_gmt":"2023-09-30T21:01:50","slug":"istanbul-icin-kritik-uyari","status":"publish","type":"post","link":"https:\/\/marmarayerelhizmet.com\/index.php\/2023\/09\/30\/istanbul-icin-kritik-uyari\/","title":{"rendered":"\u0130stanbul \u0130\u00e7in Kritik Uyar\u0131"},"content":{"rendered":"<p id=\"content\" class=\"content font-normal text-gray-700 text-xl lg:text-2xl leading-6 mb-8 mt-8 block \"><strong><span style=\"font-family: arial, helvetica, sans-serif; font-size: 14px;\">Meteoroloji Genel M\u00fcd\u00fcrl\u00fc\u011f\u00fc Hava Tahmin Uzman\u0131 Yusuf Ziya Yavuz, &#8220;Yar\u0131n \u0130stanbul\u2019un il genelinde 20 ila 50 kilogram aras\u0131nda kuvvetli ya\u011f\u0131\u015flar\u0131n g\u00f6r\u00fclmesini bekliyoruz. \u015eu an itibar\u0131yla kuvvetli ya\u011f\u0131\u015f alan\u0131 \u00e7izmi\u015f durumday\u0131z. \u0130stanbul\u2019un genelinde riskli bir alan\u0131m\u0131z var. \u00d6zellikle Anadolu Yakas\u0131nda vatanda\u015flar\u0131m\u0131z\u0131n tedbirli olmas\u0131n\u0131 istiyoruz&#8221; dedi.<\/span><\/strong><\/p>\n<div id=\"content\" class=\"content news-detail__content font-normal text-gray-45 text-base font-setting\">\n<p><span style=\"font-family: arial, helvetica, sans-serif; font-size: 14px;\">\u00c7evre, \u015eehircilik ve \u0130klim De\u011fi\u015fikli\u011fi Bakanl\u0131\u011f\u0131 Meteoroloji Genel M\u00fcd\u00fcrl\u00fc\u011f\u00fc Hava Tahmin Uzman\u0131 Yusuf Ziya Yavuz, yurt genelinde ya\u015fanacak hava durumuna ili\u015fkin yapt\u0131\u011f\u0131 a\u00e7\u0131klamada, Edirne, Tekirda\u011f, K\u0131rklareli, \u00c7anakkale ve \u015eanl\u0131urfa haricinde \u00fclke genelinde sa\u011fanak ve g\u00f6k g\u00fcr\u00fclt\u00fcl\u00fc ya\u011f\u0131\u015flar\u0131n g\u00f6r\u00fclmesini beklediklerini aktard\u0131.<\/span><\/p>\n<p><span style=\"font-family: arial, helvetica, sans-serif; font-size: 14px;\">&#8220;Ya\u011f\u0131\u015flar\u0131n Marmara\u2019n\u0131n do\u011fusu, \u0130\u00e7 Anadolu\u2019nun kuzey ve do\u011fusu, Do\u011fu Akdeniz, Karadeniz, Do\u011fu Anadolu\u2019nun g\u00fcney ve bat\u0131s\u0131 ile G\u00fcneydo\u011fu Anadolu B\u00f6lgesi\u2019nde Ad\u0131yaman, Diyarbak\u0131r, Batman ve \u015e\u0131rnak \u00e7evrelerinde yer yer \u00e7ok kuvvetli olarak g\u00f6r\u00fclmesini beklemekteyiz&#8221; diyen Yavuz, Hatay ve Adana\u2019n\u0131n k\u0131y\u0131 kesimlerinde de \u00e7ok kuvvetli sa\u011fanak ya\u011f\u0131\u015flar\u0131n g\u00f6r\u00fclece\u011fine dikkati \u00e7ekerek, &#8220;Bu kuvvetli ya\u011f\u0131\u015f alan\u0131m\u0131z\u0131n i\u00e7erisinde Marmara\u2019n\u0131n do\u011fusu ile \u0130stanbul\u2019un Anadolu Yakas\u0131, Kocaeli, Sakarya \u00e7evrelerinde ya\u011f\u0131\u015flar \u00e7ok kuvvetli. Bu 75 kilograma kadar denk geliyor. Gene Trabzon, Rize, Artvin \u00e7evrelerinde \u00e7ok kuvvetli ya\u011f\u0131\u015flar\u0131n g\u00f6r\u00fclmesini bekliyoruz&#8221; diye konu\u015ftu.<\/span><\/p>\n<p><span style=\"font-family: arial, helvetica, sans-serif; font-size: 14px;\"><strong>&#8220;100 kilograma \u00e7\u0131kmas\u0131n\u0131 bekliyoruz&#8221;<br \/>\n<\/strong><\/span><span style=\"font-family: arial, helvetica, sans-serif; font-size: 14px;\">Vatanda\u015flara ya\u011f\u0131\u015flara kar\u015f\u0131 dikkatli olmalar\u0131 konusunda uyar\u0131larda bulunan Yavuz, &#8220;Bununla birlikte D\u00fczce, Zonguldak, Bart\u0131n, Karab\u00fck, Bolu \u00e7evrelerinde de ya\u011f\u0131\u015flar\u0131n \u015fiddetli, 100 kilograma \u00e7\u0131kmas\u0131n\u0131 bekliyoruz. Bu b\u00f6lgedeki vatanda\u015flar\u0131m\u0131z\u0131n tedbirli olmas\u0131n\u0131n sebebiyiz. Bu tip k\u0131sa s\u00fcreli, anl\u0131k ya\u011fan ya\u011f\u0131\u015flar\u0131n hemen hemen tamam\u0131 k\u0131sa s\u00fcrede belli bir miktar\u0131 b\u0131rakt\u0131\u011f\u0131ndan dolay\u0131 kuvvetli ya\u011f\u0131\u015f alan b\u00f6lgelerde de s\u0131k\u0131nt\u0131lar olma ihtimali var. Bu sebepten dolay\u0131 yar\u0131n i\u00e7in yurdumuzun hemen hemen tamam\u0131nda vatanda\u015flar\u0131m\u0131z\u0131n dikkatli olmas\u0131n\u0131 istemekteyiz&#8221; ifadelerini kulland\u0131.<\/span><\/p>\n<p><span style=\"font-family: arial, helvetica, sans-serif; font-size: 14px;\"><strong>Ya\u011f\u0131\u015flar pazar g\u00fcn\u00fcnden sonra da devam edecek<br \/>\n<\/strong><\/span><span style=\"font-family: arial, helvetica, sans-serif; font-size: 14px;\">Yavuz, beklenen ya\u011f\u0131\u015flar\u0131n hafta ba\u015flang\u0131c\u0131 itibar\u0131yla da devam edece\u011fini belirterek, &#8220;Pazartesi g\u00fcn\u00fcne geldi\u011fimizde gene ayn\u0131 alanda K\u0131y\u0131 Ege haricinde \u00fclke genelinde sa\u011fanak ve g\u00f6k g\u00fcr\u00fclt\u00fcl\u00fc sa\u011fanak ya\u011f\u0131\u015flar var. Ya\u011f\u0131\u015flar Karadeniz k\u0131y\u0131 hatt\u0131 boyunca yer yer \u00e7ok kuvvetli ve \u00f6zellikle pazar g\u00fcn\u00fcnden gelen \u00e7ok kuvvetli ya\u011f\u0131\u015flar ek olarak pazartesi g\u00fcn\u00fc de Do\u011fu Karadeniz\u2019in k\u0131y\u0131 kesimi, Trabzon, Rize, Artvin \u00e7evrelerinde \u00e7ok kuvvetli ya\u011f\u0131\u015flar\u0131n g\u00f6r\u00fclmesini bekliyoruz. Pazartesi bu b\u00f6lgelerimizde sel, su bask\u0131n\u0131, ta\u015fk\u0131n ve olumsuzluklar\u0131n g\u00f6r\u00fclme ihtimali var. Buradaki vatanda\u015flar\u0131n tedbirli olmas\u0131n\u0131 istemekteyiz&#8221; dedi.<\/span><\/p>\n<p><span style=\"font-family: arial, helvetica, sans-serif; font-size: 14px;\"><strong>Ya\u011f\u0131\u015fl\u0131 sistem sal\u0131 g\u00fcn\u00fcnden sonra yurdu terk ediyor<br \/>\n<\/strong><\/span><span style=\"font-family: arial, helvetica, sans-serif; font-size: 14px;\">Pazartesi g\u00fcn\u00fc \u0130\u00e7 Anadolu\u2019nun do\u011fusunda ve Bat\u0131 Karadeniz\u2019in i\u00e7 kesimlerinde kuvvetli ya\u011f\u0131\u015f beklediklerini dile getiren Yavuz, \u015f\u00f6yle devam etti:<br \/>\n<\/span><span style=\"font-family: arial, helvetica, sans-serif; font-size: 14px;\">&#8220;Do\u011fu Anadolu\u2019nun g\u00fcneyinde yer yer kuvvetli ya\u011f\u0131\u015flar\u0131n gelmesini bekliyoruz. Ama bunlar\u0131n 20 ila 50 kilogram aras\u0131ndaki ya\u011f\u0131\u015flar olmas\u0131n\u0131 beklemekteyiz. Sal\u0131 g\u00fcn\u00fc bu sistemin son kuvvetli ya\u011f\u0131\u015flar\u0131n\u0131n oldu\u011fu g\u00fcn. Karadeniz\u2019in tamam\u0131, \u0130\u00e7 Anadolu\u2019nun g\u00fcney ve do\u011fusunda, Akdeniz B\u00f6lgesi\u2019nde, Do\u011fu ve G\u00fcneydo\u011fu Anadolu B\u00f6lgesi\u2019nde sa\u011fanak ve g\u00f6k g\u00fcr\u00fclt\u00fcl\u00fc sa\u011fanak ya\u011f\u0131\u015flar g\u00f6r\u00fclecek ve sal\u0131 g\u00fcnk\u00fc ya\u011f\u0131\u015flar biraz da Do\u011fu Akdeniz\u2019de, G\u00fcneydo\u011fu Anadolu\u2019nun kuzeyinde, Ad\u0131yaman, Diyarbak\u0131r \u00e7evresi, Do\u011fu Anadolu\u2019nun bat\u0131s\u0131nda, Malatya, Elaz\u0131\u011f, Bing\u00f6l, Mu\u015f \u00e7evrelerinde de kuvvetli olarak g\u00f6r\u00fclmesini bekliyoruz. Di\u011fer b\u00f6lgelerimizde orta \u015fiddet ya\u011f\u0131\u015flar\u0131n olmas\u0131n\u0131 beklemekteyiz.&#8221;<\/span><\/p>\n<p><span style=\"font-family: arial, helvetica, sans-serif; font-size: 14px;\"><strong>Hava s\u0131cakl\u0131klar\u0131 d\u00fc\u015fecek<br \/>\n<\/strong><\/span><span style=\"font-family: arial, helvetica, sans-serif; font-size: 14px;\">Yavuz, yurt genelinde beklenen ya\u011f\u0131\u015fla s\u0131cakl\u0131klar\u0131n da azalaca\u011f\u0131n\u0131 s\u00f6yleyerek, &#8220;Mevsim normallerinin alt\u0131na d\u00fc\u015f\u00fcyor. Ankara\u2019da 24-25 derece olan s\u0131cakl\u0131klar\u0131n sal\u0131 g\u00fcn\u00fc 20 derecelere kadar d\u00fc\u015fmesini bekliyoruz. \u0130stanbul\u2019da s\u0131cakl\u0131klar 24-25 derecede seyretmeye devam ediyor, bu mevsim normalleri civar\u0131. \u0130zmir\u2019de 27-28 derece mevsim normalleri civar\u0131nda seyrediyor. Sal\u0131 g\u00fcn\u00fcnden itibaren bat\u0131 b\u00f6lgelerimizde mevsim normallerinde, i\u00e7 ve do\u011fu b\u00f6lgelerimizde ise mevsim normallerinin alt\u0131nda hava s\u0131cakl\u0131klar\u0131 var. Bu ya\u011f\u0131\u015fl\u0131 sistem son ya\u011f\u0131\u015flar\u0131n\u0131 \u00e7ar\u015famba g\u00fcn\u00fc do\u011fu b\u00f6lgelerimizde etkisini g\u00f6sterip yurdu terk etmesini beklemekteyiz&#8221; dedi.<\/span><\/p>\n<p><span style=\"font-family: arial, helvetica, sans-serif; font-size: 14px;\"><strong>Uzmandan \u0130stanbul\u2019a uyar\u0131<br \/>\n<\/strong><\/span><span style=\"font-family: arial, helvetica, sans-serif; font-size: 14px;\">\u0130stanbul\u2019da beklenen ya\u011f\u0131\u015flara ili\u015fkin de de\u011ferlendirmelerde bulunan Yavuz, \u015funlar\u0131 kaydetti:<br \/>\n<\/span><span style=\"font-family: arial, helvetica, sans-serif; font-size: 14px;\">&#8220;Yar\u0131n \u0130stanbul\u2019un il genelinde 20 ila 50 kilogram aras\u0131nda kuvvetli ya\u011f\u0131\u015flar\u0131n g\u00f6r\u00fclmesini bekliyoruz. Bununla birlikte Anadolu Yakas\u0131\u2019nda bu ya\u011f\u0131\u015flar\u0131n biraz daha kuvvetli, 75 kilograma kadar \u00e7\u0131kmas\u0131n\u0131 beklemekteyiz. \u015eu an itibar\u0131yla kuvvetli ya\u011f\u0131\u015f alan\u0131 \u00e7izmi\u015f durumday\u0131z. \u0130stanbul\u2019un genelinde riskli bir alan\u0131m\u0131z var. Ge\u00e7ti\u011fimiz g\u00fcnlerde g\u00f6r\u00fcld\u00fc\u011f\u00fc gibi nokta bazl\u0131, 1-2 il\u00e7ede 100 kilograma yakla\u015fan ya\u011f\u0131\u015flar\u0131n g\u00f6r\u00fclme ihtimali var. \u0130stanbul\u2019un \u00f6zellikle Anadolu Yakas\u0131nda vatanda\u015flar\u0131m\u0131z\u0131n tedbirli olmas\u0131n\u0131 istiyoruz.&#8221;<\/span><\/p>\n<\/div>\n","protected":false},"excerpt":{"rendered":"<p>Meteoroloji Genel M\u00fcd\u00fcrl\u00fc\u011f\u00fc Hava Tahmin Uzman\u0131 Yusuf Ziya Yavuz, &#8220;Yar\u0131n \u0130stanbul\u2019un il genelinde 20 ila 50 kilogram aras\u0131nda kuvvetli ya\u011f\u0131\u015flar\u0131n<\/p>\n","protected":false},"author":3,"featured_media":16004,"comment_status":"open","ping_status":"open","sticky":false,"template":"","format":"standard","meta":{"colormag_page_container_layout":"default_layout","colormag_page_sidebar_layout":"default_layout","footnotes":""},"categories":[1,5],"tags":[],"class_list":["post-16002","post","type-post","status-publish","format-standard","has-post-thumbnail","hentry","category-genel","category-gundem"],"_links":{"self":[{"href":"https:\/\/marmarayerelhizmet.com\/index.php\/wp-json\/wp\/v2\/posts\/16002","targetHints":{"allow":["GET"]}}],"collection":[{"href":"https:\/\/marmarayerelhizmet.com\/index.php\/wp-json\/wp\/v2\/posts"}],"about":[{"href":"https:\/\/marmarayerelhizmet.com\/index.php\/wp-json\/wp\/v2\/types\/post"}],"author":[{"embeddable":true,"href":"https:\/\/marmarayerelhizmet.com\/index.php\/wp-json\/wp\/v2\/users\/3"}],"replies":[{"embeddable":true,"href":"https:\/\/marmarayerelhizmet.com\/index.php\/wp-json\/wp\/v2\/comments?post=16002"}],"version-history":[{"count":0,"href":"https:\/\/marmarayerelhizmet.com\/index.php\/wp-json\/wp\/v2\/posts\/16002\/revisions"}],"wp:featuredmedia":[{"embeddable":true,"href":"https:\/\/marmarayerelhizmet.com\/index.php\/wp-json\/wp\/v2\/media\/16004"}],"wp:attachment":[{"href":"https:\/\/marmarayerelhizmet.com\/index.php\/wp-json\/wp\/v2\/media?parent=16002"}],"wp:term":[{"taxonomy":"category","embeddable":true,"href":"https:\/\/marmarayerelhizmet.com\/index.php\/wp-json\/wp\/v2\/categories?post=16002"},{"taxonomy":"post_tag","embeddable":true,"href":"https:\/\/marmarayerelhizmet.com\/index.php\/wp-json\/wp\/v2\/tags?post=16002"}],"curies":[{"name":"wp","href":"https:\/\/api.w.org\/{rel}","templated":true}]}}