{"id":15994,"date":"2023-09-30T22:53:31","date_gmt":"2023-09-30T19:53:31","guid":{"rendered":"https:\/\/marmarayerelhizmet.com\/?p=15994"},"modified":"2023-09-30T23:57:40","modified_gmt":"2023-09-30T20:57:40","slug":"gencler-hayallerine-kavusuyor","status":"publish","type":"post","link":"https:\/\/marmarayerelhizmet.com\/index.php\/2023\/09\/30\/gencler-hayallerine-kavusuyor\/","title":{"rendered":"Gen\u00e7ler Hayallerine Kavu\u015fuyor"},"content":{"rendered":"<p><strong><span style=\"font-family: arial, helvetica, sans-serif; font-size: 14px;\">Esenyurt Belediyesi Spor Akademisi\u2019nde BESYO, bek\u00e7ilik, polislik s\u0131navlar\u0131na haz\u0131rlanan gen\u00e7ler, hayallerine ula\u015ft\u0131.<br \/>\n<\/span><\/strong><br \/>\n<span style=\"font-family: arial, helvetica, sans-serif; font-size: 14px;\">Esenyurt Belediyesi\u2019nin 2020 y\u0131l\u0131nda a\u00e7t\u0131\u011f\u0131 &#8220;Spor Akademisi Haz\u0131rl\u0131k&#8221; kursuna kat\u0131lan gen\u00e7ler spor alan\u0131nda hayal ettikleri gelece\u011fe kavu\u015fuyor. Y\u00fcksek\u00f6\u011frenimlerine \u00fcniversitelerin Beden E\u011fitimi ve Spor Y\u00fcksekokulu\u2019nda, Milli Savunma \u00dcniversitesi\u2019nde, bek\u00e7ilik veya polis akademisinde devam etmek isteyen 97 \u00f6\u011frenci burada ald\u0131klar\u0131 e\u011fitim sayesinde istedikleri b\u00f6l\u00fcme yerle\u015fti. Yo\u011fun bir tempoyla haftan\u0131n 6 g\u00fcn\u00fc gruplar halinde derslere kat\u0131lan gen\u00e7ler, her \u00fcniversitenin s\u0131nav\u0131na uygun kurulan parkurlarda fizik\u00ee yeterlilik s\u0131navlar\u0131na en \u00fcst seviyeden haz\u0131rland\u0131. 8. ve 12. s\u0131n\u0131f \u00f6\u011frencilerinin yan\u0131 s\u0131ra mezun gruplar\u0131n da e\u011fitim ald\u0131\u011f\u0131 kursta, uygulamal\u0131 olarak verilen e\u011fitimin yan\u0131nda gen\u00e7lere rehberlik hizmeti verildi. E\u011fitimler sonunda 2023 y\u0131l\u0131nda 70 ki\u015fi BESYO, 12 \u00f6\u011frenci polis ve bek\u00e7ilik s\u0131nav\u0131n\u0131 ve 15 \u00f6\u011frenci hayalindeki spor lisesini kazand\u0131. Spor Akademisi\u2019nde 3 y\u0131l i\u00e7inde ba\u015far\u0131 elde eden toplam \u00f6\u011frenci say\u0131s\u0131 ise 350\u2019yi buldu.<\/span><\/p>\n<p><strong><span style=\"font-family: arial, helvetica, sans-serif; font-size: 14px;\">\u201c350 sporcumuzu hayallerine kavu\u015fturduk\u201d<\/span><\/strong><br \/>\n<span style=\"font-family: arial, helvetica, sans-serif; font-size: 14px;\">2020 y\u0131l\u0131ndan beri Esenyurt Belediyesi Spor Akademisi\u2019nde \u00f6\u011frencileri hayallerine haz\u0131rlad\u0131klar\u0131n\u0131 belirten Antren\u00f6r Serkan Haman, \u201cBelediye Ba\u015fkan\u0131m\u0131z taraf\u0131ndan tamamen \u00fccretsiz bir \u015fekilde Esenyurtlu gen\u00e7lere hizmet vermekteyiz. \u00dc\u00e7 sezonda 350 sporcumuzu hayallerine kavu\u015fturduk. Bu d\u00f6nemlerde \u00f6\u011frencileri spor akademisinde BESYO, Spor Lisesi ve Bek\u00e7ilik kurslar\u0131na haz\u0131rlad\u0131k. 2023 d\u00f6neminde 100\u2019e yak\u0131n \u00f6\u011frencimizle birlikte haz\u0131rland\u0131k ve 97 \u00f6\u011frencimiz ba\u015far\u0131 elde etti\u201d dedi.<\/span><\/p>\n<p><strong><span style=\"font-family: arial, helvetica, sans-serif; font-size: 14px;\">\u201cHayalime kavu\u015ftum\u201d<\/span><\/strong><br \/>\n<span style=\"font-family: arial, helvetica, sans-serif; font-size: 14px;\">Hem istedi\u011fi spor lisesini hem de BESYO\u2019yu Esenyurt Spor Akademisi sayesinde kazanarak hayallerini ger\u00e7ekle\u015ftirdi\u011fine vurgu yapan Kardelen Kirpiksiz, &#8220;Bundan 4 y\u0131l \u00f6nce hayalim spor lisesini kazanmakt\u0131. Esenyurt Belediyesi Spor Akademisi&#8217;yle bu hayalimi ger\u00e7ekle\u015ftirdim. 4 y\u0131ld\u0131r da BESYO kazanmak b\u00fcy\u00fck bir hayalimdi. 8-9 ay gibi bir s\u00fcre\u00e7te \u00e7ok \u00e7al\u0131\u015farak bu hayalime de ula\u015ft\u0131m. Hocalar\u0131m\u0131z maddi manevi her t\u00fcrl\u00fc yan\u0131m\u0131zda oldular, onlara ve bize bu imk\u00e2nlar\u0131 sunan Esenyurt Belediyesi\u2019ne \u00e7ok te\u015fekk\u00fcr ederim\u201d diye konu\u015ftu.<\/span><\/p>\n<p><strong><span style=\"font-family: arial, helvetica, sans-serif; font-size: 14px;\">\u201cHepimizi \u00e7ok mutlu ettiler\u201d<\/span><\/strong><br \/>\n<span style=\"font-family: arial, helvetica, sans-serif; font-size: 14px;\">Esenyurt Belediyesinin her anlamda yanlar\u0131nda oldu\u011funun alt\u0131n\u0131 \u00e7izen Ya\u011fmur Karaca \u015f\u00f6yle konu\u015ftu:<\/span><br \/>\n<span style=\"font-family: arial, helvetica, sans-serif; font-size: 14px;\">\u201c9 ayl\u0131k antrenman s\u00fcrecimizde gerek hocalar\u0131m\u0131z gerek Belediye Ba\u015fkan\u0131m\u0131z ve ekipleri sayesinde \u00e7ok s\u0131k\u0131 bir d\u00f6nem ge\u00e7irdik. S\u0131nav s\u00fcrecinde de bize \u00e7ok yard\u0131mc\u0131 oldular. Stres atmam\u0131z i\u00e7in de bizi kampa g\u00f6t\u00fcrd\u00fcler ve bu \u00e7ok g\u00fczel bir etkinlikti. Hepimizi \u00e7ok mutlu ettiler. Bu \u00e7al\u0131\u015fmalar\u0131n sonucunda istedi\u011fim \u00fcniversitede antren\u00f6rl\u00fck e\u011fitimi b\u00f6l\u00fcm\u00fcn\u00fc kazand\u0131m.\u201d<\/span><br \/>\n<span style=\"font-family: arial, helvetica, sans-serif; font-size: 14px;\">\u015eehir d\u0131\u015f\u0131nda bir \u00fcniversiteye gitmek istedi\u011fini ve Esenyurt Belediyesinin orada da yan\u0131nda oldu\u011funu s\u00f6yleyen Berkan An ise, \u201c\u0130stedi\u011fim \u00fcniversiteyi kazand\u0131m. Bu s\u00fcre\u00e7te yol masraflar\u0131m\u0131 belediyemiz kar\u015f\u0131lad\u0131. Bize destek oldu\u011fu i\u00e7in \u00f6zellikle Belediye Ba\u015fkan\u0131m\u0131za ve ekibine \u00e7ok te\u015fekk\u00fcr ederim&#8221; dedi.<\/span><\/p>\n","protected":false},"excerpt":{"rendered":"<p>Esenyurt Belediyesi Spor Akademisi\u2019nde BESYO, bek\u00e7ilik, polislik s\u0131navlar\u0131na haz\u0131rlanan gen\u00e7ler, hayallerine ula\u015ft\u0131. Esenyurt Belediyesi\u2019nin 2020 y\u0131l\u0131nda a\u00e7t\u0131\u011f\u0131 &#8220;Spor Akademisi Haz\u0131rl\u0131k&#8221;<\/p>\n","protected":false},"author":3,"featured_media":15996,"comment_status":"open","ping_status":"open","sticky":false,"template":"","format":"standard","meta":{"colormag_page_container_layout":"default_layout","colormag_page_sidebar_layout":"default_layout","footnotes":""},"categories":[1,5,8,9],"tags":[],"class_list":["post-15994","post","type-post","status-publish","format-standard","has-post-thumbnail","hentry","category-genel","category-gundem","category-siyaset","category-spor"],"_links":{"self":[{"href":"https:\/\/marmarayerelhizmet.com\/index.php\/wp-json\/wp\/v2\/posts\/15994","targetHints":{"allow":["GET"]}}],"collection":[{"href":"https:\/\/marmarayerelhizmet.com\/index.php\/wp-json\/wp\/v2\/posts"}],"about":[{"href":"https:\/\/marmarayerelhizmet.com\/index.php\/wp-json\/wp\/v2\/types\/post"}],"author":[{"embeddable":true,"href":"https:\/\/marmarayerelhizmet.com\/index.php\/wp-json\/wp\/v2\/users\/3"}],"replies":[{"embeddable":true,"href":"https:\/\/marmarayerelhizmet.com\/index.php\/wp-json\/wp\/v2\/comments?post=15994"}],"version-history":[{"count":0,"href":"https:\/\/marmarayerelhizmet.com\/index.php\/wp-json\/wp\/v2\/posts\/15994\/revisions"}],"wp:featuredmedia":[{"embeddable":true,"href":"https:\/\/marmarayerelhizmet.com\/index.php\/wp-json\/wp\/v2\/media\/15996"}],"wp:attachment":[{"href":"https:\/\/marmarayerelhizmet.com\/index.php\/wp-json\/wp\/v2\/media?parent=15994"}],"wp:term":[{"taxonomy":"category","embeddable":true,"href":"https:\/\/marmarayerelhizmet.com\/index.php\/wp-json\/wp\/v2\/categories?post=15994"},{"taxonomy":"post_tag","embeddable":true,"href":"https:\/\/marmarayerelhizmet.com\/index.php\/wp-json\/wp\/v2\/tags?post=15994"}],"curies":[{"name":"wp","href":"https:\/\/api.w.org\/{rel}","templated":true}]}}