{"id":15988,"date":"2023-09-30T10:34:57","date_gmt":"2023-09-30T07:34:57","guid":{"rendered":"https:\/\/marmarayerelhizmet.com\/?p=15988"},"modified":"2023-09-30T10:34:57","modified_gmt":"2023-09-30T07:34:57","slug":"re-you-projesinde-mezuniyet","status":"publish","type":"post","link":"https:\/\/marmarayerelhizmet.com\/index.php\/2023\/09\/30\/re-you-projesinde-mezuniyet\/","title":{"rendered":"Re-You Projesinde Mezuniyet"},"content":{"rendered":"<div class=\"container my-5\">\n<div class=\"row\">\n<div class=\"col-md-9 page-detail\">\n<div id=\"page-content\">\n<div class=\"detail-description mt-3\">\n<p><strong><span style=\"font-family: arial, helvetica, sans-serif; font-size: 14px;\">G\u00fcney Marmara Kalk\u0131nma Ajans\u0131 taraf\u0131ndan y\u00fcr\u00fct\u00fclen Re-You projesi kapsam\u0131nda e\u011fitimlerini Bal\u0131kesir\u2019de tamamlayan \u00f6\u011frencilere sertifikalar\u0131n\u0131 ald\u0131.<\/span><\/strong><\/p>\n<p><span style=\"font-family: arial, helvetica, sans-serif; font-size: 14px;\">G\u00fcney Marmara Kalk\u0131nma Ajans\u0131 (GMKA) taraf\u0131ndan y\u00fcr\u00fct\u00fclen, \u00c7al\u0131\u015fma ve Sosyal G\u00fcvenlik Bakanl\u0131\u011f\u0131\u2019n\u0131n I\u0307nsan Kaynaklar\u0131n\u0131n Geli\u015ftirilmesi Operasyonel Program\u0131 kapsam\u0131nda uygulanan ve Avrupa Birli\u011fi Kat\u0131l\u0131m \u00d6ncesi Yard\u0131m Arac\u0131 (IPA) kapsam\u0131nda finanse edilen RE-You Projesinde mezuniyet heyecan\u0131 bu kez Bal\u0131kesir\u2019de ya\u015fand\u0131.<\/span><\/p>\n<p><span style=\"font-family: arial, helvetica, sans-serif; font-size: 14px;\">Projenin Bal\u0131kesir aya\u011f\u0131nda e\u011fitim g\u00f6ren 18-29 ya\u015f aras\u0131 209 gen\u00e7, yenilenebilir enerji sekt\u00f6r\u00fcnde istihdam edilmeleri i\u00e7in gerekli nitelikleri kazand\u0131racak r\u00fczg\u00e2r, fotovoltaik ve biyogaz olmak \u00fczere, 3 enerji sisteminin dahil oldu\u011fu yenilenebilir enerji e\u011fitimleri tamamlayarak uluslararas\u0131 ge\u00e7erlili\u011fe sahip sertifikalar\u0131n\u0131 ald\u0131.<\/span><\/p>\n<p><span style=\"font-family: arial, helvetica, sans-serif; font-size: 14px;\">T\u00f6renin a\u00e7\u0131l\u0131\u015f konu\u015fmalar\u0131n\u0131 s\u0131ras\u0131yla; GMKA Genel Sekreteri Onur Ad\u0131yaman, Bal\u0131kesir \u00dcniversitesi Rekt\u00f6r\u00fc Prof. Dr. Y\u00fccel O\u011furlu, Bal\u0131kesir B\u00fcy\u00fck\u015fehir Belediye Ba\u015fkan\u0131 Y\u00fccel Y\u0131lmaz ve Bal\u0131kesir Valisi \u0130smail Ustao\u011flu yapt\u0131. T\u00f6ren konu\u015fmalar\u0131n\u0131n ard\u0131ndan sertifikalar\u0131n\u0131 alan \u00f6\u011frencilerle birlikte hat\u0131ra foto\u011fraf\u0131 verildi. Ard\u0131ndan protokol taraf\u0131ndan \u201cKariyer Fuar\u0131\u201d a\u00e7\u0131l\u0131\u015f\u0131 yap\u0131larak fuara kat\u0131lan firmalar\u0131n stantlar\u0131 gezildi.<\/span><\/p>\n<p><span style=\"font-family: arial, helvetica, sans-serif; font-size: 14px;\">T\u00fcrkiye&#8217;nin yenilenebilir enerji \u00fcretim potansiyeli en y\u00fcksek, r\u00fczg\u00e2r, biyogaz, g\u00fcne\u015f gibi yenilenebilir enerji kaynaklar\u0131 a\u00e7\u0131s\u0131ndan olduk\u00e7a zengin olan G\u00fcney Marmara B\u00f6lgesi&#8217;nde y\u00fcr\u00fct\u00fclen Re-You projesi ile r\u00fczg\u00e2r, g\u00fcne\u015f ve biyogaz g\u00fc\u00e7 sistemleri alanlar\u0131nda, 280 saatlik hem teorik hem de uygulamal\u0131 teknik ve sosyal beceri e\u011fitimleri alan; yenilenebilir enerji sekt\u00f6r\u00fcnde kariyer yapma hedefi olan gen\u00e7 mezunlar sekt\u00f6r\u00fcn \u00f6nde gelen firmalar\u0131yla d\u00fczenlenen Kariyer Fuar\u0131\u2019nda bir araya geldi.<\/span><\/p>\n<p><span style=\"font-family: arial, helvetica, sans-serif; font-size: 14px;\">Proje kapsam\u0131nda hem Bal\u0131kesir \u00dcniversitesi\u2019nde hem de \u00c7anakkale Onsekiz Mart \u00dcniversitesi\u2019nde yenilenebilir enerji laboratuvarlar\u0131 kurulurken, \u00fcniversiteler Global Wind Organization (GWO) taraf\u0131ndan aktedite edildi. Biyogaz, r\u00fczg\u00e2r ve g\u00fcne\u015f enerjisi alanlar\u0131nda 7 adet m\u00fcfredat kitab\u0131 bas\u0131ld\u0131. D\u00fczenlenen \u00e7al\u0131\u015ftay ve konferanslara yenilenebilir enerji alan\u0131nda 1000\u2019in \u00fczerinde payda\u015f kat\u0131ld\u0131.<\/span><\/p>\n<\/div>\n<\/div>\n<\/div>\n<\/div>\n<\/div>\n<div class=\"container-fluid newsletter-section bg-light\">\n<div class=\"row mt-5\">\n<div class=\"col-md-12\">\n<div class=\"container\">\n<div class=\"row py-4\">\n<div class=\"col-md-9\"><\/div>\n<\/div>\n<\/div>\n<\/div>\n<\/div>\n<\/div>\n","protected":false},"excerpt":{"rendered":"<p>G\u00fcney Marmara Kalk\u0131nma Ajans\u0131 taraf\u0131ndan y\u00fcr\u00fct\u00fclen Re-You projesi kapsam\u0131nda e\u011fitimlerini Bal\u0131kesir\u2019de tamamlayan \u00f6\u011frencilere sertifikalar\u0131n\u0131 ald\u0131. G\u00fcney Marmara Kalk\u0131nma Ajans\u0131 (GMKA)<\/p>\n","protected":false},"author":3,"featured_media":15990,"comment_status":"open","ping_status":"open","sticky":false,"template":"","format":"standard","meta":{"colormag_page_container_layout":"default_layout","colormag_page_sidebar_layout":"default_layout","footnotes":""},"categories":[45,1,5],"tags":[],"class_list":["post-15988","post","type-post","status-publish","format-standard","has-post-thumbnail","hentry","category-egitim","category-genel","category-gundem"],"_links":{"self":[{"href":"https:\/\/marmarayerelhizmet.com\/index.php\/wp-json\/wp\/v2\/posts\/15988","targetHints":{"allow":["GET"]}}],"collection":[{"href":"https:\/\/marmarayerelhizmet.com\/index.php\/wp-json\/wp\/v2\/posts"}],"about":[{"href":"https:\/\/marmarayerelhizmet.com\/index.php\/wp-json\/wp\/v2\/types\/post"}],"author":[{"embeddable":true,"href":"https:\/\/marmarayerelhizmet.com\/index.php\/wp-json\/wp\/v2\/users\/3"}],"replies":[{"embeddable":true,"href":"https:\/\/marmarayerelhizmet.com\/index.php\/wp-json\/wp\/v2\/comments?post=15988"}],"version-history":[{"count":0,"href":"https:\/\/marmarayerelhizmet.com\/index.php\/wp-json\/wp\/v2\/posts\/15988\/revisions"}],"wp:featuredmedia":[{"embeddable":true,"href":"https:\/\/marmarayerelhizmet.com\/index.php\/wp-json\/wp\/v2\/media\/15990"}],"wp:attachment":[{"href":"https:\/\/marmarayerelhizmet.com\/index.php\/wp-json\/wp\/v2\/media?parent=15988"}],"wp:term":[{"taxonomy":"category","embeddable":true,"href":"https:\/\/marmarayerelhizmet.com\/index.php\/wp-json\/wp\/v2\/categories?post=15988"},{"taxonomy":"post_tag","embeddable":true,"href":"https:\/\/marmarayerelhizmet.com\/index.php\/wp-json\/wp\/v2\/tags?post=15988"}],"curies":[{"name":"wp","href":"https:\/\/api.w.org\/{rel}","templated":true}]}}