{"id":15980,"date":"2023-09-30T10:31:32","date_gmt":"2023-09-30T07:31:32","guid":{"rendered":"https:\/\/marmarayerelhizmet.com\/?p=15980"},"modified":"2023-09-30T10:31:32","modified_gmt":"2023-09-30T07:31:32","slug":"vali-ustaoglundan-gonene-ziyaret","status":"publish","type":"post","link":"https:\/\/marmarayerelhizmet.com\/index.php\/2023\/09\/30\/vali-ustaoglundan-gonene-ziyaret\/","title":{"rendered":"Vali Ustao\u011flu&#8217;ndan G\u00f6nen&#8217;e Ziyaret"},"content":{"rendered":"<p><strong><span style=\"font-family: arial, helvetica, sans-serif; font-size: 14px;\">Vali \u0130smail Ustao\u011flu bir dizi ziyaret, inceleme ve toplant\u0131 ger\u00e7ekle\u015ftirmek \u00fczere G\u00f6nen \u0130l\u00e7esine gitti.<\/span><\/strong><\/p>\n<p><span style=\"font-family: arial, helvetica, sans-serif; font-size: 14px;\">\u0130l\u00e7elerde y\u00fcr\u00fct\u00fclen \u00e7al\u0131\u015fmalar\u0131 yerinde g\u00f6rmek \u00fczere il\u00e7e programlar\u0131 ger\u00e7ekle\u015ftirilen Vali Ustao\u011flu, incelemelerine \u0130l\u00e7ede faaliyet g\u00f6steren Y\u00fccel-Eko Tar\u0131m Sanayi i\u015fletmene ziyaretle ba\u015flad\u0131. Tamam\u0131 otomasyon sistemi ile topraks\u0131z tar\u0131m yap\u0131lan cam sera alan\u0131ndaki \u00e7al\u0131\u015fmalar\u0131 yerinde inceleyen Vali Ustao\u011flu, tar\u0131m \u015fehri Bal\u0131kesir&#8217;in g\u00fcne\u015f ve r\u00fczgar gibi do\u011fal kaynaklar\u0131n kullan\u0131m\u0131yla g\u00fc\u00e7 kazand\u0131\u011f\u0131n\u0131 s\u00f6yledi.<\/span><\/p>\n<p><span style=\"font-family: arial, helvetica, sans-serif; font-size: 14px;\">Vali \u0130smail Ustao\u011flu daha sonra G\u00f6nen Kaymakam\u0131 Arslan Yurt&#8217;u ziyaret etti. Daha sonra d\u00fczenlenen \u0130l\u00e7e De\u011ferlendirme Toplant\u0131s\u0131nda \u00e7al\u0131\u015fmalar ile ilgili bilgi ald\u0131. Y\u00fcr\u00fct\u00fclen \u00e7al\u0131\u015fmalar, devam eden ve planlanan yat\u0131r\u0131mlar\u0131 de\u011ferlendiren Vali Ustao\u011flu toplant\u0131n\u0131n ard\u0131ndan G\u00f6nen Belediye Ba\u015fkan\u0131 \u0130brahim Palaz, G\u00f6nen Ticaret Odas\u0131 Ba\u015fkan\u0131 \u0130smail Mutlu ve G\u00f6nen Ticaret Odas\u0131 Ba\u015fkan\u0131 \u0130brahim Mutlu&#8217;ya ziyarette bulundu.<\/span><\/p>\n<p><span style=\"font-family: arial, helvetica, sans-serif; font-size: 14px;\">Vali Ustao\u011flu, il\u00e7ede g\u00fcn boyu s\u00fcren yo\u011fun program\u0131na, G\u00f6nen Tar\u0131ma Dayal\u0131 \u0130htisas Sera Organize Sanayi B\u00f6lgesi M\u00fcte\u015febbis Heyet Toplant\u0131s\u0131 ile devam etti. B\u00fcy\u00fck\u015fehir Belediye Ba\u015fkan\u0131 Y\u00fccel Y\u0131lmaz&#8217;\u0131n da kat\u0131ld\u0131\u011f\u0131 toplant\u0131da organize sanayi b\u00f6lgesi ile ilgili \u00e7al\u0131\u015fmalar\u0131n son durumu ile ilgili bilgi alan Ustao\u011flu, Bal\u0131kesir&#8217;i tar\u0131mda \u00fcretim ve pazarlama \u00fcss\u00fc yapacak TD\u0130OSB\u2019nin zengin yenilenebilir enerji kaynaklar\u0131yla b\u00f6lgenin parlayan y\u0131ld\u0131z\u0131 olaca\u011f\u0131na dikkat \u00e7ekti.<\/span><\/p>\n<p><span style=\"font-family: arial, helvetica, sans-serif; font-size: 14px;\">Vali \u0130smail Ustao\u011flu program\u0131 kapsam\u0131nda Band\u0131rma Organize Sanayi B\u00f6lgesinde faaliyet g\u00f6steren Gesbey Enerji Trib\u00fcn A.\u0218.&#8217;nin yeni tesisinin a\u00e7\u0131l\u0131\u015f\u0131na kat\u0131ld\u0131. A\u00e7\u0131l\u0131\u015f\u0131n hay\u0131rl\u0131 olmas\u0131n\u0131 temenni eden Ustao\u011flu, Bal\u0131kesir&#8217;in bir \u00e7ok zenginli\u011fi ile birlikte &#8216;sanayi \u015fehri&#8217; olma yolcu\u011fundaki ivmede her bir i\u015fletmede ya\u015fanan geli\u015fme ve b\u00fcy\u00fcmenin \u00e7ok \u00f6nemli oldu\u011funa vurgu yapt\u0131. Vali Ustao\u011flu a\u00e7\u0131l\u0131\u015f\u0131n ard\u0131ndan Karesi Tekstil Firmas\u0131 in\u015faat alan\u0131n\u0131 ziyaret ederek incelemelerde bulundu.<\/span><\/p>\n<p><span style=\"font-family: arial, helvetica, sans-serif; font-size: 14px;\">Program boyunca bir \u00e7ok kesimle bir araya gelen Vali Ustao\u011flu, kolluk kuvvetleri taraf\u0131ndan y\u00fcr\u00fct\u00fclen \u00e7al\u0131\u015fmalarla ilgili bilgi almak \u00fczere yapt\u0131\u011f\u0131 incelemeleri kapsam\u0131nda; Bu\u011fday\u0131 Organize Sanayi Jandarma Karakol Komutanl\u0131\u011f\u0131n\u0131, G\u00f6nen \u0130l\u00e7e Emniyet M\u00fcd\u00fcrl\u00fc\u011f\u00fcn\u00fc ve G\u00f6nen \u0130l\u00e7e Jandarma Komutanl\u0131\u011f\u0131n\u0131 ziyaret ederek asayi\u015f ve g\u00fcveni temin eden personele \u00f6zverili \u00e7al\u0131\u015fmalar\u0131nda ba\u015far\u0131lar diledi.<\/span><\/p>\n<p><span style=\"font-family: arial, helvetica, sans-serif; font-size: 14px;\">G\u00f6reve geldi\u011fi g\u00fcnden bu yana \u015fehit aileleriyle yak\u0131ndan ilgilenen Vali Ustao\u011flu, G\u00f6nen \u0130l\u00e7esinde ger\u00e7ekle\u015ftirdi\u011fi program kapsam\u0131nda, \u015eehit Jandarma Er Mustafa Arslan&#8217;\u0131n ailesini ziyaret etti. Aileye nazik ev sahiplikleri i\u00e7in te\u015fekk\u00fcr eden Ustao\u011flu, \u015fehitlerin emanetlerine devlet olarak her zaman sahip \u00e7\u0131kt\u0131klar\u0131n\u0131 ve \u015fehit yak\u0131nlar\u0131na kap\u0131lar\u0131n\u0131n a\u00e7\u0131k oldu\u011funu dile getirdi.<\/span><\/p>\n<p><span style=\"font-family: arial, helvetica, sans-serif; font-size: 14px;\">\u0130l genelindeki yat\u0131r\u0131mlar\u0131 ziyaretleriyle yak\u0131ndan takip eden Vali Ustao\u011flu, G\u00f6nen H\u00fck\u00fcmet Kona\u011f\u0131 in\u015faat\u0131nda incelemede bulundu. \u00c7al\u0131\u015fmalar\u0131n son durumu ile bilgi alan Vali Ustao\u011flu, daha sonra Mutlular Grup taraf\u0131ndan muz yeti\u015ftirilen seralar\u0131 gezdi, \u00fcretim ile ilgili bilgi ald\u0131.<\/span><\/p>\n<p><span style=\"font-family: arial, helvetica, sans-serif; font-size: 14px;\">\u0130l\u00e7ede vatanda\u015flar taraf\u0131ndan yo\u011fun ilgiyle kar\u015f\u0131lanan Vali Ustao\u011flu, G\u00f6nen Tuzak\u00e7\u0131 Mahallesinde d\u00fczenlenen &#8216;Tarlada S\u0131f\u0131r At\u0131k&#8217; program\u0131nda vatanda\u015flarla bir araya geldi. Projenin tarlada s\u0131f\u0131r at\u0131k konusunda bilin\u00e7 kazand\u0131r\u0131lmas\u0131 bak\u0131m\u0131ndan \u00f6nemli bir \u00e7al\u0131\u015fma oldu\u011funa dikkat \u00e7ekti.<\/span><\/p>\n","protected":false},"excerpt":{"rendered":"<p>Vali \u0130smail Ustao\u011flu bir dizi ziyaret, inceleme ve toplant\u0131 ger\u00e7ekle\u015ftirmek \u00fczere G\u00f6nen \u0130l\u00e7esine gitti. \u0130l\u00e7elerde y\u00fcr\u00fct\u00fclen \u00e7al\u0131\u015fmalar\u0131 yerinde g\u00f6rmek \u00fczere<\/p>\n","protected":false},"author":3,"featured_media":15982,"comment_status":"open","ping_status":"open","sticky":false,"template":"","format":"standard","meta":{"colormag_page_container_layout":"default_layout","colormag_page_sidebar_layout":"default_layout","footnotes":""},"categories":[1,5,8],"tags":[],"class_list":["post-15980","post","type-post","status-publish","format-standard","has-post-thumbnail","hentry","category-genel","category-gundem","category-siyaset"],"_links":{"self":[{"href":"https:\/\/marmarayerelhizmet.com\/index.php\/wp-json\/wp\/v2\/posts\/15980","targetHints":{"allow":["GET"]}}],"collection":[{"href":"https:\/\/marmarayerelhizmet.com\/index.php\/wp-json\/wp\/v2\/posts"}],"about":[{"href":"https:\/\/marmarayerelhizmet.com\/index.php\/wp-json\/wp\/v2\/types\/post"}],"author":[{"embeddable":true,"href":"https:\/\/marmarayerelhizmet.com\/index.php\/wp-json\/wp\/v2\/users\/3"}],"replies":[{"embeddable":true,"href":"https:\/\/marmarayerelhizmet.com\/index.php\/wp-json\/wp\/v2\/comments?post=15980"}],"version-history":[{"count":0,"href":"https:\/\/marmarayerelhizmet.com\/index.php\/wp-json\/wp\/v2\/posts\/15980\/revisions"}],"wp:featuredmedia":[{"embeddable":true,"href":"https:\/\/marmarayerelhizmet.com\/index.php\/wp-json\/wp\/v2\/media\/15982"}],"wp:attachment":[{"href":"https:\/\/marmarayerelhizmet.com\/index.php\/wp-json\/wp\/v2\/media?parent=15980"}],"wp:term":[{"taxonomy":"category","embeddable":true,"href":"https:\/\/marmarayerelhizmet.com\/index.php\/wp-json\/wp\/v2\/categories?post=15980"},{"taxonomy":"post_tag","embeddable":true,"href":"https:\/\/marmarayerelhizmet.com\/index.php\/wp-json\/wp\/v2\/tags?post=15980"}],"curies":[{"name":"wp","href":"https:\/\/api.w.org\/{rel}","templated":true}]}}