{"id":15976,"date":"2023-09-30T10:29:33","date_gmt":"2023-09-30T07:29:33","guid":{"rendered":"https:\/\/marmarayerelhizmet.com\/?p=15976"},"modified":"2023-09-30T10:29:33","modified_gmt":"2023-09-30T07:29:33","slug":"erasmus-projelerini-tanittilar","status":"publish","type":"post","link":"https:\/\/marmarayerelhizmet.com\/index.php\/2023\/09\/30\/erasmus-projelerini-tanittilar\/","title":{"rendered":"Erasmus+ Projelerini Tan\u0131tt\u0131lar"},"content":{"rendered":"<div class=\"tg-post\">\n<article id=\"post-21805\" class=\"post-21805 post type-post status-publish format-standard has-post-thumbnail hentry category-dunya category-egitim category-genel category-ilceler\">\n<div class=\"cm-post-content\">\n<div class=\"cm-entry-summary\">\n<p><span style=\"font-family: arial, helvetica, sans-serif; font-size: 14px;\"><strong>Karesi Mehmet Azman \u00c7avu\u015f Ortaokulu okul m\u00fcd\u00fcr\u00fc, proje okul sorumlusu ile Portekiz ve Polonya proje ekibi \u00f6\u011fretmenleri; Erasmus+ projelerini tan\u0131tmak \u00fczere \u0130l Mill\u00ee E\u011fitim M\u00fcd\u00fcr\u00fc Ali Tatl\u0131\u2019y\u0131 ziyaret etti.<\/strong><\/span><\/p>\n<p><span style=\"font-family: arial, helvetica, sans-serif; font-size: 14px;\">Okul M\u00fcd\u00fcr\u00fc G\u00f6khan \u00d6zbarutluo\u011flu, Proje Okul Sorumlusu ve \u0130ngilizce \u00d6\u011fretmeni Demet Ko\u00e7o\u011flu, Polonya Proje Ekibi \u00f6\u011fretmenleri Waldemar Cymes ve Wioletta Napi\u00f3rkowska ile Portekiz Proje Ekibi \u00f6\u011fretmenleri L\u00facia Tard\u00e3o ve Manuela Valentim\u2019in bulundu\u011fu ziyarette; yabanc\u0131 dil \u00f6\u011fretimini bili\u015fim teknolojileri ile \u00f6\u011fretmeyi hedefleyen, ba\u015far\u0131yla s\u00fcrd\u00fcr\u00fclen projenin tan\u0131t\u0131m\u0131 yap\u0131larak hedefleri \u00fczerinde duruldu.<\/span><\/p>\n<p><span style=\"font-family: arial, helvetica, sans-serif; font-size: 14px;\">2021 y\u0131l\u0131n\u0131n \u015eubat ay\u0131nda KA210-SCH Okul E\u011fitiminde K\u00fc\u00e7\u00fck \u00d6l\u00e7ekli Ortakl\u0131k kapsam\u0131nda ba\u015flayan \u201c2021-1-PL01-KA210-SCH-000032421 DREAM\u201d isimli Erasmus+ projesi; 2021 y\u0131l\u0131n\u0131n Haziran ay\u0131nda Polonya\u2019da ger\u00e7ekle\u015ftirilen \u00f6\u011fretmenler toplant\u0131s\u0131, 2022 y\u0131l\u0131n\u0131n Ekim ay\u0131nda Polonya\u2019ya d\u00fczenlenen ilk \u00f6\u011frenci hareketlili\u011fi ve 2023 y\u0131l\u0131n\u0131n Haziran ay\u0131nda Portekiz\u2019e d\u00fczenlenen 2. \u00f6\u011frenci hareketlili\u011fi olarak verimli bir \u015fekilde s\u00fcrd\u00fcr\u00fcld\u00fc.<\/span><\/p>\n<p><span style=\"font-family: arial, helvetica, sans-serif; font-size: 14px;\">\u201c3. \u00d6\u011frenme Hareketlili\u011fi\u201d kapsam\u0131nda ise Polonya ve Portekiz\u2019den gelen \u00f6\u011frenci ve \u00f6\u011fretmenler; Karesi Mehmet Azman \u00c7avu\u015f Ortaokulu\u2019nun ev sahipli\u011finde, 24-30 Eyl\u00fcl 2023 tarihleri aras\u0131nda etkinliklerini y\u00fcr\u00fctmek amac\u0131yla planlamalar do\u011frultusunda Bal\u0131kesir\u2019de \u00e7al\u0131\u015fmalara ba\u015flad\u0131. T\u00fcrkiye hareketlili\u011finde \u2018Block Tabanl\u0131 Yapay Zeka ile Programlama\u2019 ve \u00e7e\u015fitli workshoplara kat\u0131lacak olan \u00f6\u011frencilerin; k\u00fclt\u00fcr\u00fcm\u00fcz\u00fc tan\u0131mak i\u00e7in Bursa, Efes Antik Kenti ve Ayval\u0131k\u2019a ziyaretler yaparak hem k\u00fclt\u00fcrleraras\u0131 fark\u0131ndal\u0131klar\u0131n\u0131 geli\u015ftirmeleri hem de \u0130ngilizce ileti\u015fim becerilerini art\u0131rmalar\u0131 hedefleniyor. Yabanc\u0131 dil \u00f6\u011fretimini, bili\u015fim teknolojilerinden destek alarak \u00f6\u011fretmeyi hedefleyen proje 2024 y\u0131l\u0131n\u0131n \u015eubat ay\u0131nda sona erecek.<\/span><\/p>\n<\/div>\n<\/div>\n<\/article>\n<\/div>\n<ul class=\"default-wp-page\">\n<li class=\"previous\"><\/li>\n<\/ul>\n","protected":false},"excerpt":{"rendered":"<p>Karesi Mehmet Azman \u00c7avu\u015f Ortaokulu okul m\u00fcd\u00fcr\u00fc, proje okul sorumlusu ile Portekiz ve Polonya proje ekibi \u00f6\u011fretmenleri; Erasmus+ projelerini tan\u0131tmak<\/p>\n","protected":false},"author":3,"featured_media":15978,"comment_status":"open","ping_status":"open","sticky":false,"template":"","format":"standard","meta":{"colormag_page_container_layout":"default_layout","colormag_page_sidebar_layout":"default_layout","footnotes":""},"categories":[45,1,5],"tags":[],"class_list":["post-15976","post","type-post","status-publish","format-standard","has-post-thumbnail","hentry","category-egitim","category-genel","category-gundem"],"_links":{"self":[{"href":"https:\/\/marmarayerelhizmet.com\/index.php\/wp-json\/wp\/v2\/posts\/15976","targetHints":{"allow":["GET"]}}],"collection":[{"href":"https:\/\/marmarayerelhizmet.com\/index.php\/wp-json\/wp\/v2\/posts"}],"about":[{"href":"https:\/\/marmarayerelhizmet.com\/index.php\/wp-json\/wp\/v2\/types\/post"}],"author":[{"embeddable":true,"href":"https:\/\/marmarayerelhizmet.com\/index.php\/wp-json\/wp\/v2\/users\/3"}],"replies":[{"embeddable":true,"href":"https:\/\/marmarayerelhizmet.com\/index.php\/wp-json\/wp\/v2\/comments?post=15976"}],"version-history":[{"count":0,"href":"https:\/\/marmarayerelhizmet.com\/index.php\/wp-json\/wp\/v2\/posts\/15976\/revisions"}],"wp:featuredmedia":[{"embeddable":true,"href":"https:\/\/marmarayerelhizmet.com\/index.php\/wp-json\/wp\/v2\/media\/15978"}],"wp:attachment":[{"href":"https:\/\/marmarayerelhizmet.com\/index.php\/wp-json\/wp\/v2\/media?parent=15976"}],"wp:term":[{"taxonomy":"category","embeddable":true,"href":"https:\/\/marmarayerelhizmet.com\/index.php\/wp-json\/wp\/v2\/categories?post=15976"},{"taxonomy":"post_tag","embeddable":true,"href":"https:\/\/marmarayerelhizmet.com\/index.php\/wp-json\/wp\/v2\/tags?post=15976"}],"curies":[{"name":"wp","href":"https:\/\/api.w.org\/{rel}","templated":true}]}}