{"id":15962,"date":"2023-09-30T00:37:27","date_gmt":"2023-09-29T21:37:27","guid":{"rendered":"https:\/\/marmarayerelhizmet.com\/?p=15962"},"modified":"2023-09-30T00:37:27","modified_gmt":"2023-09-29T21:37:27","slug":"halkta-deprem-farkindaligi-yok","status":"publish","type":"post","link":"https:\/\/marmarayerelhizmet.com\/index.php\/2023\/09\/30\/halkta-deprem-farkindaligi-yok\/","title":{"rendered":"&#8216;Halkta Deprem Fark\u0131ndal\u0131\u011f\u0131 Yok&#8217;"},"content":{"rendered":"<p><strong><span style=\"font-family: arial, helvetica, sans-serif; font-size: 14px;\">\u0130stanbul Teknik \u00dcniversitesi \u00d6\u011fretim \u00dcyesi ve yer bilimci Prof. Dr. Naci G\u00f6r\u00fcr, yerel y\u00f6neticilerin deprem konusunda kurs ve e\u011fitime tabi tutulmas\u0131 gerekti\u011fini belirterek \u201cBizim halk\u0131n deprem fark\u0131ndal\u0131\u011f\u0131 yok\u201d dedi.<\/span><\/strong><\/p>\n<p><span style=\"font-family: arial, helvetica, sans-serif; font-size: 14px;\">UNESCO D\u00fcnya Miras\u0131 Listesi&#8217;nde yer alan Karab\u00fck\u2019\u00fcn Safranbolu il\u00e7esinde \u2018Kentsel D\u00f6n\u00fc\u015f\u00fcm, Markala\u015fma, Karab\u00fck ve \u00c7evresi Deprem Afet Zirvesi\u2019 yap\u0131ld\u0131. T\u00fcm B\u00fcrokratlar ve \u0130\u015f \u0130nsanlar\u0131 Konfederasyonu ve Karab\u00fck Dernekler Federasyonu ile Safranbolu Belediyesinin ortakl\u0131\u011f\u0131nda d\u00fczenlenen etkinlik Leyla Dizdar K\u00fclt\u00fcr Merkezi&#8217;nde ger\u00e7ekle\u015ftirildi. Programda konu\u015fan Prof. Dr. Naci G\u00f6r\u00fcr, T\u00fcrkiye\u2019de deprem mekanizmas\u0131n\u0131n olu\u015ftu\u011funu belirterek, \u201c13 milyon y\u0131ld\u0131r depremler devam ediyor. Daha milyonlarca sene de devam edecek. Ger\u00e7ekten de \u00fclkemizin en \u00f6nemli g\u00fcndem maddesi ve beka sorunudur deprem. E\u011fer bu depremleri halledemezsek, binlerce, on binlerce insan\u0131m\u0131z\u0131 topra\u011fa verirsek biz \u00fclkemizi soyumuzu \u00f6zg\u00fcn ba\u011f\u0131ms\u0131z olarak gelece\u011fe ta\u015f\u0131yamay\u0131z\u201d dedi.<\/span><\/p>\n<p><strong><span style=\"font-family: arial, helvetica, sans-serif; font-size: 14px;\">&#8220;Karab\u00fck&#8217;\u00fcn kendine \u00f6zg\u00fc ayr\u0131 bir fay hatt\u0131 var&#8221;<\/span><\/strong><br \/>\n<span style=\"font-family: arial, helvetica, sans-serif; font-size: 14px;\">Karab\u00fck fay\u0131n\u0131n jeolojik \u00f6zelliklerinin incelenmesi gerekti\u011fini ifade eden G\u00f6r\u00fcr, \u201cTarihi d\u00f6nemlere bak\u0131yorsun Karab\u00fck fay\u0131nda hi\u00e7 deprem yok. O da bir \u015fanss\u0131zl\u0131k. Deprem oldu\u011funu g\u00f6rsek belki bir \u015fey s\u00f6yleyece\u011fiz ama aktif oldu\u011funu biliyoruz&#8221; diye konu\u015ftu.<\/span><\/p>\n<p><span style=\"font-family: arial, helvetica, sans-serif; font-size: 14px;\">Kuzey Anadolu Fay Hatt\u0131&#8217;n\u0131n y\u0131lda 1 santimetre hareket etti\u011fini anlatan G\u00f6r\u00fcr, &#8220;500 senede 5 metre hareket ediyor. 5 metrelik bir hareket verirse o da 7 ve \u00fczeri deprem \u00fcretir. 1513 depremi var orada \u00fczerine 500 sene koyun bug\u00fcnlere geliyor. Ciddi bir bilim d\u00fcnyas\u0131nda bu fay\u0131n periyodunu doldurdu, vurma zaman\u0131 geldi\u011fini bilir. Biz de bildik. Karab\u00fck fay\u0131n\u0131 bilmiyorum. Bu i\u015fi de abartmay\u0131n. Karab\u00fck T\u00fcrkiye&#8217;nin deprem a\u00e7\u0131s\u0131ndan g\u00f6reli olarak emniyetli bir yerinde ama bir Karab\u00fck fay\u0131 var. Bu fay 40 kilometre uzunlu\u011funda. Bu fay\u0131n \u00f6zelliklerini bilmiyoruz. Ne zaman deprem \u00fcretir bilmiyoruz. E\u011fer deprem \u00fcretirse 7&#8217;ye varan bir deprem \u00fcretebilir. Onun i\u00e7in yerel y\u00f6netimin bu fay\u0131 ayr\u0131nt\u0131l\u0131 bir \u015fekilde jeolojik ve jeofizik \u00f6zellikleriyle incelemesi laz\u0131m\u201d ifadelerini kulland\u0131.<\/span><\/p>\n<p><span style=\"font-family: arial, helvetica, sans-serif; font-size: 14px;\">Kentlerin depremlere haz\u0131r hale getirilmesi gerekti\u011fini kaydeden G\u00f6r\u00fcr, \u015funlar\u0131 s\u00f6yledi:<\/span><br \/>\n<span style=\"font-family: arial, helvetica, sans-serif; font-size: 14px;\">&#8220;Yerle\u015fim alanlar\u0131n\u0131 olu\u015fturan 6 bile\u015feni deprem diren\u00e7li hale getirmek zorundas\u0131n\u0131z. Bilin\u00e7sizce bir \u015feyler yapmayal\u0131m. Birincisi y\u00f6netim sistemi. Yerel y\u00f6neticiler i\u015fba\u015f\u0131 yapmadan \u00f6nce muhakkak yerel y\u00f6neticilerimize deprem hakk\u0131nda, zarar azaltma hakk\u0131nda, tehlike analizi hakk\u0131nda, acil y\u00f6netim hakk\u0131nda, acil m\u00fcdahale hakk\u0131nda kursa tabi tutun.&#8221;<\/span><\/p>\n<p><span style=\"font-family: arial, helvetica, sans-serif; font-size: 14px;\">Yerel y\u00f6neticilerin deprem konusunda kurs ve e\u011fitime tabi tutulmas\u0131 gerekti\u011finin \u00f6nemine de\u011finen G\u00f6r\u00fcr, &#8220;Bizim halk\u0131m\u0131z depremi ciddiye alm\u0131yor. Halk\u0131n ciddiye almad\u0131\u011f\u0131 bir \u015feyi h\u00fck\u00fcmetler nas\u0131l yaps\u0131n. Bu m\u00fcmk\u00fcn m\u00fc. Bizim halk\u0131n deprem fark\u0131ndal\u0131\u011f\u0131 yok. Halk depreme de h\u00fck\u00fcmetine de yerel y\u00f6netimine de ba\u015fta kendisi sahip \u00e7\u0131kmal\u0131. Yanl\u0131\u015f yapan belediye ba\u015fkan\u0131, yanl\u0131\u015f yapan milletvekiline ka\u015f\u0131n\u0131 \u00f6nce o karartmal\u0131. Demokratik anlamda, \u00e7oluk \u00e7ocu\u011fumuzun can g\u00fcvenli\u011fi bak\u0131m\u0131ndan, depremde can verece\u011fimiz i\u015fler yapmay\u0131n demeli. Halk\u0131n kendisi bunu istemeli. Bunun pe\u015finde olmal\u0131\u201d \u015feklinde konu\u015ftu.<\/span><\/p>\n<p><span style=\"font-family: arial, helvetica, sans-serif; font-size: 14px;\">Prof. Dr. Y\u00fcksel Yalova, Prof. Dr. Ali Akdemir, Prof. Dr. Aynur Ayd\u0131n, AK Parti Karab\u00fck Milletvekili Cem \u015eahin, CHP Karab\u00fck Milletvekili Cevdet Akay ve Safranbolu Belediye Ba\u015fkan\u0131 Elif K\u00f6se&#8217;nin de konu\u015fma yapt\u0131\u011f\u0131 konferansa, Karab\u00fck Vali Yard\u0131mc\u0131s\u0131 Erol \u00d6zkan, daire m\u00fcd\u00fcrleri, siyasi parti ve sivil toplum kurulu\u015flar\u0131 temsilcileri ile vatanda\u015flar kat\u0131ld\u0131.<\/span><\/p>\n","protected":false},"excerpt":{"rendered":"<p>\u0130stanbul Teknik \u00dcniversitesi \u00d6\u011fretim \u00dcyesi ve yer bilimci Prof. Dr. Naci G\u00f6r\u00fcr, yerel y\u00f6neticilerin deprem konusunda kurs ve e\u011fitime tabi<\/p>\n","protected":false},"author":3,"featured_media":15964,"comment_status":"open","ping_status":"open","sticky":false,"template":"","format":"standard","meta":{"colormag_page_container_layout":"default_layout","colormag_page_sidebar_layout":"default_layout","footnotes":""},"categories":[45,1,5],"tags":[],"class_list":["post-15962","post","type-post","status-publish","format-standard","has-post-thumbnail","hentry","category-egitim","category-genel","category-gundem"],"_links":{"self":[{"href":"https:\/\/marmarayerelhizmet.com\/index.php\/wp-json\/wp\/v2\/posts\/15962","targetHints":{"allow":["GET"]}}],"collection":[{"href":"https:\/\/marmarayerelhizmet.com\/index.php\/wp-json\/wp\/v2\/posts"}],"about":[{"href":"https:\/\/marmarayerelhizmet.com\/index.php\/wp-json\/wp\/v2\/types\/post"}],"author":[{"embeddable":true,"href":"https:\/\/marmarayerelhizmet.com\/index.php\/wp-json\/wp\/v2\/users\/3"}],"replies":[{"embeddable":true,"href":"https:\/\/marmarayerelhizmet.com\/index.php\/wp-json\/wp\/v2\/comments?post=15962"}],"version-history":[{"count":0,"href":"https:\/\/marmarayerelhizmet.com\/index.php\/wp-json\/wp\/v2\/posts\/15962\/revisions"}],"wp:featuredmedia":[{"embeddable":true,"href":"https:\/\/marmarayerelhizmet.com\/index.php\/wp-json\/wp\/v2\/media\/15964"}],"wp:attachment":[{"href":"https:\/\/marmarayerelhizmet.com\/index.php\/wp-json\/wp\/v2\/media?parent=15962"}],"wp:term":[{"taxonomy":"category","embeddable":true,"href":"https:\/\/marmarayerelhizmet.com\/index.php\/wp-json\/wp\/v2\/categories?post=15962"},{"taxonomy":"post_tag","embeddable":true,"href":"https:\/\/marmarayerelhizmet.com\/index.php\/wp-json\/wp\/v2\/tags?post=15962"}],"curies":[{"name":"wp","href":"https:\/\/api.w.org\/{rel}","templated":true}]}}