{"id":15954,"date":"2023-09-29T15:16:08","date_gmt":"2023-09-29T12:16:08","guid":{"rendered":"https:\/\/marmarayerelhizmet.com\/?p=15954"},"modified":"2023-09-29T15:16:08","modified_gmt":"2023-09-29T12:16:08","slug":"teknofestte-10-bin-ogrenci-katilacak","status":"publish","type":"post","link":"https:\/\/marmarayerelhizmet.com\/index.php\/2023\/09\/29\/teknofestte-10-bin-ogrenci-katilacak\/","title":{"rendered":"TEKNOFEST&#8217;te 10 Bin \u00d6\u011frenci Kat\u0131lacak"},"content":{"rendered":"<p><strong><span style=\"font-family: arial, helvetica, sans-serif; font-size: 14px;\">\u0130zmir&#8217;de 5 g\u00fcn boyunca s\u00fcrecek olan T\u00fcrkiye&#8217;nin en b\u00fcy\u00fck teknoloji festivali TEKNOFEST&#8217;e, ilk \u00fc\u00e7 g\u00fcn i\u00e7erisinde Bal\u0131kesir&#8217;den yakla\u015f\u0131k olarak 10 bin \u00f6\u011frenci kat\u0131l\u0131m sa\u011flayacak.<br \/>\n<\/span><\/strong><br \/>\n<span style=\"font-family: arial, helvetica, sans-serif; font-size: 14px;\">Havac\u0131l\u0131k, Uzay ve Teknoloji Festivali TEKNOFEST; bilim ve teknik alanda t\u00fcm gen\u00e7lerin, \u00f6\u011frencilerin \u00fcr\u00fcnlerini haz\u0131rlay\u0131p sunma, bir festival havas\u0131nda bir araya gelme, bilimsel etkinlikler yapma, savunma sanayisi ile ilgili geli\u015fmeleri takip etme f\u0131rsat\u0131 sunuyor. Bir\u00e7ok kategoride yap\u0131lan teknoloji yar\u0131\u015fmalar\u0131nda \u00f6\u011frenciler ve farkl\u0131 e\u011fitim seviyelerinden kat\u0131l\u0131mc\u0131lar projelerini sergiliyor.<\/span><br \/>\n<span style=\"font-family: arial, helvetica, sans-serif; font-size: 14px;\">\u0130l Milli E\u011fitim M\u00fcd\u00fcr\u00fc Ali Tatl\u0131; T\u00fcrkiye&#8217;de milli teknolojinin geli\u015ftirilmesi konusunda kritik rol oynayan, bir\u00e7ok kurulu\u015fun payda\u015fl\u0131\u011f\u0131yla Cumhuriyetimizin 100. y\u0131l\u0131nda &#8220;Milli Teknoloji Hamlesi&#8221; dahilinde d\u00fczenlenen, 2023 y\u0131l\u0131n\u0131n son TEKNOFEST heyecan\u0131na \u0130zmir&#8217;de ortak oldu. Festival co\u015fkusu s\u00fcrerken \u00f6\u011frencilerle bir araya gelen Tatl\u0131; stantlar\u0131 gezerek gen\u00e7lerle sohbet etti, yar\u0131\u015fmalar ve projelerle ilgili bilgi ald\u0131. \u0130l Milli E\u011fitim M\u00fcd\u00fcr\u00fc Ali Tatl\u0131&#8217;ya, Ayval\u0131k \u0130l\u00e7e Milli E\u011fitim M\u00fcd\u00fcr\u00fc G\u00fcner Bahad\u0131r e\u015flik etti.<\/span><br \/>\n<span style=\"font-family: arial, helvetica, sans-serif; font-size: 14px;\">Teknoloji ve bilime merak duyan \u00f6\u011frencileri, T\u00fcrkiye&#8217;nin milli ve yerli imkanlarla \u00fcretti\u011fi hava ve kara ara\u00e7lar\u0131n\u0131n bulundu\u011fu sergi alan\u0131n\u0131 ziyaret etti. &#8220;Bilim \u015eov, H\u00fcrku\u015f ve G\u00f6kbey M\u00fczikali, U\u00e7an \u00c7ocuklar Akrobasi g\u00f6sterilerini heyecanla izleyip, &#8220;Dikey R\u00fczgar T\u00fcneli, Kara ve Hava Ara\u00e7lar\u0131 Sergisi, Pedall\u0131 U\u00e7u\u015f Etkinli\u011fi&#8221; aktiviteleri ve TEKNOFEST Bilim Soka\u011f\u0131 at\u00f6lyelerine kat\u0131larak farkl\u0131 deneyimler ya\u015fad\u0131. Solo T\u00fcrk, Aksungur, Bayraktar, H\u00fcrku\u015f gibi nefes kesen g\u00f6steri u\u00e7u\u015flar\u0131 \u00f6\u011frencilerin be\u011fenisini kazand\u0131.<\/span><\/p>\n","protected":false},"excerpt":{"rendered":"<p>\u0130zmir&#8217;de 5 g\u00fcn boyunca s\u00fcrecek olan T\u00fcrkiye&#8217;nin en b\u00fcy\u00fck teknoloji festivali TEKNOFEST&#8217;e, ilk \u00fc\u00e7 g\u00fcn i\u00e7erisinde Bal\u0131kesir&#8217;den yakla\u015f\u0131k olarak 10<\/p>\n","protected":false},"author":3,"featured_media":15956,"comment_status":"open","ping_status":"open","sticky":false,"template":"","format":"standard","meta":{"colormag_page_container_layout":"default_layout","colormag_page_sidebar_layout":"default_layout","footnotes":""},"categories":[45,1,5],"tags":[],"class_list":["post-15954","post","type-post","status-publish","format-standard","has-post-thumbnail","hentry","category-egitim","category-genel","category-gundem"],"_links":{"self":[{"href":"https:\/\/marmarayerelhizmet.com\/index.php\/wp-json\/wp\/v2\/posts\/15954","targetHints":{"allow":["GET"]}}],"collection":[{"href":"https:\/\/marmarayerelhizmet.com\/index.php\/wp-json\/wp\/v2\/posts"}],"about":[{"href":"https:\/\/marmarayerelhizmet.com\/index.php\/wp-json\/wp\/v2\/types\/post"}],"author":[{"embeddable":true,"href":"https:\/\/marmarayerelhizmet.com\/index.php\/wp-json\/wp\/v2\/users\/3"}],"replies":[{"embeddable":true,"href":"https:\/\/marmarayerelhizmet.com\/index.php\/wp-json\/wp\/v2\/comments?post=15954"}],"version-history":[{"count":0,"href":"https:\/\/marmarayerelhizmet.com\/index.php\/wp-json\/wp\/v2\/posts\/15954\/revisions"}],"wp:featuredmedia":[{"embeddable":true,"href":"https:\/\/marmarayerelhizmet.com\/index.php\/wp-json\/wp\/v2\/media\/15956"}],"wp:attachment":[{"href":"https:\/\/marmarayerelhizmet.com\/index.php\/wp-json\/wp\/v2\/media?parent=15954"}],"wp:term":[{"taxonomy":"category","embeddable":true,"href":"https:\/\/marmarayerelhizmet.com\/index.php\/wp-json\/wp\/v2\/categories?post=15954"},{"taxonomy":"post_tag","embeddable":true,"href":"https:\/\/marmarayerelhizmet.com\/index.php\/wp-json\/wp\/v2\/tags?post=15954"}],"curies":[{"name":"wp","href":"https:\/\/api.w.org\/{rel}","templated":true}]}}