{"id":15950,"date":"2023-09-29T14:54:35","date_gmt":"2023-09-29T11:54:35","guid":{"rendered":"https:\/\/marmarayerelhizmet.com\/?p=15950"},"modified":"2023-09-29T14:54:35","modified_gmt":"2023-09-29T11:54:35","slug":"kazdaglarinda-korkutan-yangin","status":"publish","type":"post","link":"https:\/\/marmarayerelhizmet.com\/index.php\/2023\/09\/29\/kazdaglarinda-korkutan-yangin\/","title":{"rendered":"Kazda\u011flar\u0131\u2019nda Korkutan Yang\u0131n"},"content":{"rendered":"<p><strong><span style=\"font-family: arial, helvetica, sans-serif; font-size: 14px;\">Bal\u0131kesir\u2019in Edremit il\u00e7esinde Kazda\u011flar\u0131\u2019nda \u00e7\u0131kan orman yang\u0131n\u0131, havadan ve karadan yap\u0131lan h\u0131zl\u0131 m\u00fcdahale ile b\u00fcy\u00fcmeden s\u00f6nd\u00fcr\u00fcld\u00fc.<br \/>\n<\/span><\/strong><br \/>\n<span style=\"font-family: arial, helvetica, sans-serif; font-size: 14px;\">Edinilen bilgiye g\u00f6re, saat 13.00 s\u0131ralar\u0131nda Kazda\u011flar\u0131 Ya\u015fyer mevkiinde \u00e7am a\u011fa\u00e7lar\u0131 gen\u00e7le\u015ftirme sahas\u0131nda orman yang\u0131n\u0131 \u00e7\u0131kt\u0131. G\u00f6zetleme kulelerinden g\u00f6r\u00fclen duman \u00fczerine b\u00f6lgeye 2 u\u00e7ak, 1 helikopter, 5 araz\u00f6r ve 2 su tankeri sevk edildi. Yang\u0131na k\u0131sa s\u00fcrede havadan ve karadan m\u00fcdahale ba\u015flad\u0131. Yang\u0131n yakla\u015f\u0131k yar\u0131m saatlik \u00e7al\u0131\u015fma ile kontrol alt\u0131na al\u0131narak s\u00f6nd\u00fcr\u00fcld\u00fc. Edremit Orman \u0130\u015fletme M\u00fcd\u00fcrl\u00fc\u011f\u00fcne ba\u011fl\u0131 ekipler b\u00f6lgede s\u00f6nd\u00fcrme \u00e7al\u0131\u015fmalar\u0131n\u0131n ard\u0131ndan so\u011futma \u00e7al\u0131\u015fmalar\u0131na ba\u015flad\u0131. Bin 300 metrekarelik alan\u0131n zarar g\u00f6rd\u00fc\u011f\u00fc yang\u0131n\u0131n \u00e7\u0131k\u0131\u015f nedeni ara\u015ft\u0131r\u0131l\u0131yor.<\/span><\/p>\n","protected":false},"excerpt":{"rendered":"<p>Bal\u0131kesir\u2019in Edremit il\u00e7esinde Kazda\u011flar\u0131\u2019nda \u00e7\u0131kan orman yang\u0131n\u0131, havadan ve karadan yap\u0131lan h\u0131zl\u0131 m\u00fcdahale ile b\u00fcy\u00fcmeden s\u00f6nd\u00fcr\u00fcld\u00fc. Edinilen bilgiye g\u00f6re, saat<\/p>\n","protected":false},"author":3,"featured_media":15952,"comment_status":"open","ping_status":"open","sticky":false,"template":"","format":"standard","meta":{"colormag_page_container_layout":"default_layout","colormag_page_sidebar_layout":"default_layout","footnotes":""},"categories":[1,5],"tags":[],"class_list":["post-15950","post","type-post","status-publish","format-standard","has-post-thumbnail","hentry","category-genel","category-gundem"],"_links":{"self":[{"href":"https:\/\/marmarayerelhizmet.com\/index.php\/wp-json\/wp\/v2\/posts\/15950","targetHints":{"allow":["GET"]}}],"collection":[{"href":"https:\/\/marmarayerelhizmet.com\/index.php\/wp-json\/wp\/v2\/posts"}],"about":[{"href":"https:\/\/marmarayerelhizmet.com\/index.php\/wp-json\/wp\/v2\/types\/post"}],"author":[{"embeddable":true,"href":"https:\/\/marmarayerelhizmet.com\/index.php\/wp-json\/wp\/v2\/users\/3"}],"replies":[{"embeddable":true,"href":"https:\/\/marmarayerelhizmet.com\/index.php\/wp-json\/wp\/v2\/comments?post=15950"}],"version-history":[{"count":0,"href":"https:\/\/marmarayerelhizmet.com\/index.php\/wp-json\/wp\/v2\/posts\/15950\/revisions"}],"wp:featuredmedia":[{"embeddable":true,"href":"https:\/\/marmarayerelhizmet.com\/index.php\/wp-json\/wp\/v2\/media\/15952"}],"wp:attachment":[{"href":"https:\/\/marmarayerelhizmet.com\/index.php\/wp-json\/wp\/v2\/media?parent=15950"}],"wp:term":[{"taxonomy":"category","embeddable":true,"href":"https:\/\/marmarayerelhizmet.com\/index.php\/wp-json\/wp\/v2\/categories?post=15950"},{"taxonomy":"post_tag","embeddable":true,"href":"https:\/\/marmarayerelhizmet.com\/index.php\/wp-json\/wp\/v2\/tags?post=15950"}],"curies":[{"name":"wp","href":"https:\/\/api.w.org\/{rel}","templated":true}]}}