{"id":15942,"date":"2023-09-29T14:51:57","date_gmt":"2023-09-29T11:51:57","guid":{"rendered":"https:\/\/marmarayerelhizmet.com\/?p=15942"},"modified":"2023-09-29T14:51:57","modified_gmt":"2023-09-29T11:51:57","slug":"kareside-personele-afet-egitimi","status":"publish","type":"post","link":"https:\/\/marmarayerelhizmet.com\/index.php\/2023\/09\/29\/kareside-personele-afet-egitimi\/","title":{"rendered":"Karesi&#8217;de Personele Afet E\u011fitimi"},"content":{"rendered":"<p><strong><span style=\"font-family: arial, helvetica, sans-serif; font-size: 14px;\">\u201cKaresi\u2019de Afet E\u011fitimi\u201d projesinin e\u011fitim \u00e7al\u0131\u015fmas\u0131 ger\u00e7ekle\u015ftirildi.<br \/>\n<\/span><\/strong><br \/>\n<span style=\"font-family: arial, helvetica, sans-serif; font-size: 14px;\">Teknik destek projesi dahilinde Afet \u00d6ncesi ve Afet Sonras\u0131 konusunda Karesi Belediyesi personeline meydana gelebilecek afetler ve acil durumlar\u0131n neden olabilece\u011fi fiziksel, ekonomik, sosyal, \u00e7evresel ve psikolojik zarar ve kay\u0131plar\u0131 \u00f6nleyerek etkilerinin azalt\u0131lmas\u0131 ve depreme diren\u00e7li, g\u00fcvenli, haz\u0131rl\u0131kl\u0131 ve s\u00fcrd\u00fcr\u00fclebilir yeni ya\u015fam \u00e7evrelerinin olu\u015fturulmas\u0131 konu ba\u015fl\u0131klar\u0131nda 2 g\u00fcn boyunca e\u011fitim verildi. Bu e\u011fitimlerle ba\u015fta deprem olmak \u00fczere \u00fclkemizde s\u0131k\u00e7a g\u00f6r\u00fclen afetlere y\u00f6nelik olarak, afetlerin \u00f6ncesi, s\u0131ras\u0131 ve sonras\u0131nda yap\u0131lacak do\u011fru davran\u0131\u015flar\u0131 personellere kazand\u0131rmaya y\u00f6nelik \u00e7al\u0131\u015fmalar ger\u00e7ekle\u015ftirildi. Proje faaliyeti ile ger\u00e7ekle\u015ftirilen e\u011fitim m\u00fcfredat\u0131nda kat\u0131l\u0131mc\u0131lara y\u00f6nelik afet kavram\u0131, afet \u00f6ncesi ve sonras\u0131 ilk 72 saat s\u00fcresince yap\u0131lmas\u0131 gereken i\u015flemler hakk\u0131nda bilgi verildi.<br \/>\n<\/span><br \/>\n<strong><span style=\"font-family: arial, helvetica, sans-serif; font-size: 14px;\">Ba\u015fkan Orkan: \u201cAfet e\u011fitimi konusunda kurumsal kapasitemizi geli\u015ftiriyoruz\u201d<\/span><\/strong><br \/>\n<span style=\"font-family: arial, helvetica, sans-serif; font-size: 14px;\">Karesi Belediyesi\u2019nin bir\u00e7ok alanda yerel ve uluslararas\u0131 projeler y\u00fcr\u00fctt\u00fc\u011f\u00fcn\u00fc s\u00f6yleyen Belediye Ba\u015fkan\u0131 Din\u00e7er Orkan, \u201c6 Subat 2023 tarihinde Kahramanmara\u015f merkezli t\u00fcm \u00fclkemizi etkileyen b\u00fcy\u00fck bir deprem ya\u015fad\u0131k. Bu ac\u0131lar\u0131 unutmak kolay de\u011fil. Birlik ve beraberli\u011fimizle t\u00fcm zorluklar\u0131 a\u015f\u0131yoruz. Kentimizin geli\u015fimine y\u00f6nelik olarak ula\u015f\u0131m, trafik, at\u0131k y\u00f6netimi, alt yap\u0131, yaya ve bisiklet yollar\u0131 konular\u0131nda yapt\u0131\u011f\u0131m\u0131z \u00e7al\u0131\u015fmalar\u0131n yan\u0131 s\u0131ra bu e\u011fitimle birlikte kurum personelimizin ya\u015fanabilecek do\u011fal veya do\u011fal olmayan afetlere y\u00f6nelik olarak bulunduklar\u0131 mek\u00e2nlarda alabilecekleri temel \u00f6nlemleri \u00f6\u011fretmek, davran\u0131\u015f \u015fekillerini de\u011fi\u015ftirmek ve uygulamayla birlikte kurumsal kapasitemizin de artmas\u0131n\u0131 sa\u011flad\u0131k. Teknik destek projesi ile birlikte belediye personelimizin yetkinli\u011fini art\u0131rd\u0131k, bu tip \u00e7al\u0131\u015fmalara h\u0131z kesmeden devam ederek kurumsal kapasitemizi art\u0131rmay\u0131 s\u00fcrd\u00fcrece\u011fiz\u201d dedi.<\/span><\/p>\n","protected":false},"excerpt":{"rendered":"<p>\u201cKaresi\u2019de Afet E\u011fitimi\u201d projesinin e\u011fitim \u00e7al\u0131\u015fmas\u0131 ger\u00e7ekle\u015ftirildi. Teknik destek projesi dahilinde Afet \u00d6ncesi ve Afet Sonras\u0131 konusunda Karesi Belediyesi personeline<\/p>\n","protected":false},"author":3,"featured_media":15944,"comment_status":"open","ping_status":"open","sticky":false,"template":"","format":"standard","meta":{"colormag_page_container_layout":"default_layout","colormag_page_sidebar_layout":"default_layout","footnotes":""},"categories":[45,1,5,8],"tags":[],"class_list":["post-15942","post","type-post","status-publish","format-standard","has-post-thumbnail","hentry","category-egitim","category-genel","category-gundem","category-siyaset"],"_links":{"self":[{"href":"https:\/\/marmarayerelhizmet.com\/index.php\/wp-json\/wp\/v2\/posts\/15942","targetHints":{"allow":["GET"]}}],"collection":[{"href":"https:\/\/marmarayerelhizmet.com\/index.php\/wp-json\/wp\/v2\/posts"}],"about":[{"href":"https:\/\/marmarayerelhizmet.com\/index.php\/wp-json\/wp\/v2\/types\/post"}],"author":[{"embeddable":true,"href":"https:\/\/marmarayerelhizmet.com\/index.php\/wp-json\/wp\/v2\/users\/3"}],"replies":[{"embeddable":true,"href":"https:\/\/marmarayerelhizmet.com\/index.php\/wp-json\/wp\/v2\/comments?post=15942"}],"version-history":[{"count":0,"href":"https:\/\/marmarayerelhizmet.com\/index.php\/wp-json\/wp\/v2\/posts\/15942\/revisions"}],"wp:featuredmedia":[{"embeddable":true,"href":"https:\/\/marmarayerelhizmet.com\/index.php\/wp-json\/wp\/v2\/media\/15944"}],"wp:attachment":[{"href":"https:\/\/marmarayerelhizmet.com\/index.php\/wp-json\/wp\/v2\/media?parent=15942"}],"wp:term":[{"taxonomy":"category","embeddable":true,"href":"https:\/\/marmarayerelhizmet.com\/index.php\/wp-json\/wp\/v2\/categories?post=15942"},{"taxonomy":"post_tag","embeddable":true,"href":"https:\/\/marmarayerelhizmet.com\/index.php\/wp-json\/wp\/v2\/tags?post=15942"}],"curies":[{"name":"wp","href":"https:\/\/api.w.org\/{rel}","templated":true}]}}