{"id":15938,"date":"2023-09-29T14:50:35","date_gmt":"2023-09-29T11:50:35","guid":{"rendered":"https:\/\/marmarayerelhizmet.com\/?p=15938"},"modified":"2023-09-29T14:50:35","modified_gmt":"2023-09-29T11:50:35","slug":"enflasyonda-dususleri-gorecegiz","status":"publish","type":"post","link":"https:\/\/marmarayerelhizmet.com\/index.php\/2023\/09\/29\/enflasyonda-dususleri-gorecegiz\/","title":{"rendered":"&#8216;Enflasyonda D\u00fc\u015f\u00fc\u015fleri G\u00f6rece\u011fiz&#8217;"},"content":{"rendered":"<p><strong><span style=\"font-family: arial, helvetica, sans-serif; font-size: 14px;\">Cumhurba\u015fkan\u0131 Yard\u0131mc\u0131s\u0131 Cevdet Y\u0131lmaz, \u201cY\u0131ll\u0131k bazda enflasyondaki \u00f6nemli d\u00fc\u015f\u00fc\u015fler 2024 y\u0131l\u0131n\u0131n ortalar\u0131ndan itibaren ba\u015flam\u0131\u015f olacak ve bu bizi 2026&#8217;da in\u015fallah tek haneli rakamlara g\u00f6t\u00fcrecek\u201d dedi.<br \/>\n<\/span><\/strong><br \/>\n<span style=\"font-family: arial, helvetica, sans-serif; font-size: 14px;\">Cumhurba\u015fkan\u0131 Yard\u0131mc\u0131s\u0131 Cevdet Y\u0131lmaz, T\u00fcrkiye Esnaf ve Sanatkarlar\u0131 Konfederasyonu\u2019nun d\u00fczenledi\u011fi Ba\u015fkanlar Kurulu Toplant\u0131s\u0131\u2019na kat\u0131ld\u0131. Y\u0131lmaz, yapt\u0131\u011f\u0131 konu\u015fmada ge\u00e7en hafta ahili\u011fin ba\u015fkenti K\u0131r\u015fehir\u2019de oldu\u011funu hat\u0131rlatarak, esnaf ve sanatkarlarla bir kez daha gurur duyduklar\u0131n\u0131 ifade etti. Ahilik gelene\u011fini ya\u015fatma y\u00f6n\u00fcnde ahileri yenilediklerini s\u00f6yleyen Y\u0131lmaz, \u201cCumhurba\u015fkan\u0131m\u0131z\u0131n g\u00fc\u00e7l\u00fc liderli\u011finde esnaf ve sanatkarlar\u0131m\u0131z\u0131n ticaret hayat\u0131n\u0131 kolayla\u015ft\u0131rmak ve daha adil bir rekabet ortam\u0131 olu\u015fmas\u0131 y\u00f6n\u00fcnde \u00e7al\u0131\u015fmalar\u0131m\u0131z\u0131 s\u00fcrd\u00fcr\u00fcyoruz. T\u00fcrkiye Esnaf ve Sanatkarlar\u0131 Konfederasyonu, 2 milyonu a\u015fan \u00fcye say\u0131s\u0131yla be\u015feri ve iktisadi hayat\u0131m\u0131z\u0131n bel keminini olu\u015fturmaktad\u0131r. Sadece ticari y\u00f6nden de\u011fil, ayn\u0131 zamanda ge\u00e7mi\u015ften bu yana toplumsal yap\u0131m\u0131z\u0131n da temel dire\u011fidir. Esnaflar\u0131m\u0131z, yolumuza yolda\u015f, mahallede kap\u0131s\u0131n\u0131 \u00e7ald\u0131\u011f\u0131m\u0131z dert orta\u011f\u0131m\u0131zd\u0131r. Biz esnafa sadece ekonomik bir akt\u00f6r olarak bakm\u0131yoruz. Sosyal, k\u00fclt\u00fcrel hayat\u0131m\u0131z\u0131n son derece \u00f6nemli bir yap\u0131 ta\u015f\u0131 olarak g\u00f6r\u00fcyoruz. Ekmek teknesiyle esnaf\u0131m\u0131z bize g\u00fcven veren bir kom\u015fumuzdur. Evine helal r\u0131z\u0131k g\u00f6t\u00fcrmek i\u00e7in \u00e7abalayan soka\u011f\u0131m\u0131z\u0131n \u0131\u015f\u0131\u011f\u0131, hareketi bereketidir. Esnaf ve sanatkarlar\u0131m\u0131z as\u0131rlard\u0131r oldu\u011fu gibi bug\u00fcn de \u00f6nc\u00fc rol\u00fcyle T\u00fcrkiye&#8217;nin her alanda yazd\u0131\u011f\u0131 ba\u015far\u0131 hikayelerinde yerini almaktad\u0131r. Ge\u00e7ti\u011fimiz 21 y\u0131lda esnaf ve sanatkar\u0131m\u0131z lehine yap\u0131lan d\u00fczenlemeler burada ifade edemeyece\u011fimiz \u00f6l\u00e7\u00fcde \u00e7ok say\u0131dad\u0131r. Sizler zaten bunlar\u0131 gayet iyi biliyor, faydalar\u0131n\u0131 bizzat g\u00f6r\u00fcyorsunuz\u201d diye konu\u015ftu.<\/span><br \/>\n<span style=\"font-family: arial, helvetica, sans-serif; font-size: 14px;\">Esnaf ve sanatkarlar\u0131n en \u00f6nemli finansman kayna\u011f\u0131 olan hazine s\u00fcbvansiyonlu kredileri son 21 y\u0131lda rekor seviyelere ula\u015ft\u0131rd\u0131klar\u0131n\u0131n alt\u0131n\u0131 \u00e7izen Y\u0131lmaz, \u201cBelirli tipte kredilerde s\u0131f\u0131r faiz imkan\u0131n\u0131 hayata ge\u00e7irdik. Sadece bu y\u0131l i\u00e7erisinde esnaf ve sanatkar\u0131m\u0131za 132 milyar lira kredi kulland\u0131rd\u0131k. Kredi ve kefalet kooperatiflerine olan gecikmi\u015f bor\u00e7lar\u0131n faizlerinin silinmesi, ana para \u00f6demelerinin de ertelenmesi imkan\u0131 getirdik. Kazanc\u0131, basit usulde tespit edilen m\u00fckellefin yani pek \u00e7o\u011fu esnaf ve sanatkardan olu\u015fan kesimin ticari kazan\u00e7lar\u0131n\u0131n gelir vergisinden istisna edilmesini sa\u011flad\u0131k. Ge\u00e7mi\u015f d\u00f6nemde Plan ve B\u00fct\u00e7e Komisyonu Ba\u015fkanl\u0131\u011f\u0131 yapt\u0131\u011f\u0131m\u0131 biliyorsunuz. Plan ve B\u00fct\u00e7e Komisyonunuzda bu d\u00fczenlemeyi ger\u00e7ekle\u015ftirdik. Bundan dolay\u0131 da ger\u00e7ekten b\u00fcy\u00fck bir mutluluk duyuyoruz. Yakla\u015f\u0131k 850 bin esnaf\u0131m\u0131z, sanatkar\u0131m\u0131z bu d\u00fczenlemeden istifade etmi\u015f oldu. Verdi\u011fimiz desteklerle KOB\u0130 ve giri\u015fimcilerimize ihracat\u00e7\u0131 kimli\u011fi kazand\u0131rd\u0131k. Hayata ge\u00e7irdi\u011fimiz mikro ihracat modeli ile k\u00fc\u00e7\u00fck i\u015fletmelerin d\u00fc\u015f\u00fck maliyetli ve daha az b\u00fcrokratik i\u015flemle h\u0131zl\u0131 bir \u015fekilde ihracat yapmalar\u0131na imkan sa\u011flad\u0131k. Esnaf ve sanatkar\u0131m\u0131z i\u00e7in bilgi sistemi olu\u015fturduk ve Cumhuriyet tarihinde ilk kez bir strateji belgesi haz\u0131rlayarak esnafa m\u00fcnhas\u0131r bir strateji belgesi haz\u0131rlayarak bunu uygulamaya koyduk. \u00dclkemizi derinden etkileyen depremlerin ard\u0131ndan hayata ge\u00e7irilen tedbir ve desteklerin yan\u0131 s\u0131ra esnaf ve sanatkar\u0131n Halk Bank&#8217;a olan kredi geri \u00f6demelerine 6 ay erteleme imkan\u0131 getirilmi\u015f, ard\u0131ndan 6 ayl\u0131k uzat\u0131m imkan\u0131 da sa\u011flanm\u0131\u015ft\u0131r. Esnaf ve sanatkara y\u00f6nelik k\u00fc\u00e7\u00fck sanayi siteleri yap\u0131m\u0131nda TOK\u0130 imkanlar\u0131n\u0131 kulland\u0131rmaya ba\u015flad\u0131. \u015eu ana kadar 6 ilimizde esnaf\u0131m\u0131z i\u00e7in 4 bin 120 i\u015f yeri in\u015fa ettik. Yine 6 ilimizde 6 bin 240 esnaf\u0131m\u0131z i\u00e7in yeni i\u015f yerlerinin in\u015fas\u0131 halihaz\u0131rda devam etmektedir. Bu programlar\u0131m\u0131z ve in\u015fallah ileride meyvelerini vermeye devam edecektir. \u00d6n\u00fcm\u00fczdeki s\u00fcre\u00e7te deprem b\u00f6lgesi ba\u015fta olmak \u00fczere 10 bin yeni ak\u0131ll\u0131 ve ye\u015fil imalathanenin in\u015fas\u0131n\u0131 ve tahsisini ger\u00e7ekle\u015ftirece\u011fiz. Esnaf\u0131m\u0131z bir kez daha bu deprem vesilesiyle devlet, millet beraberli\u011fi i\u00e7inde, milli dayan\u0131\u015fma i\u00e7inde deprem b\u00f6lgesine yakla\u015fm\u0131\u015f ve elindeki g\u00fcc\u00fc imkan\u0131 sonuna kadar bu \u00e7er\u00e7evede ortaya koymu\u015ftur. Bunun i\u00e7in ger\u00e7ekten y\u00fcrekten te\u015fekk\u00fcr ediyoruz. Esnaf\u0131n bereketiyle, deste\u011fiyle, duas\u0131yla in\u015fallah deprem b\u00f6lgelerimizdeki bu ihya, in\u015fa \u00e7al\u0131\u015fmalar\u0131n\u0131 h\u0131zl\u0131 bir \u015fekilde tamamlayaca\u011f\u0131z. Sadece konutlar\u0131 imar etmekle kalmayaca\u011f\u0131z, kal\u0131c\u0131 konutlar\u0131 ayn\u0131 zamanda altyap\u0131y\u0131 tamir edece\u011fiz ve ekonomik, sosyal hayat\u0131 canland\u0131raca\u011f\u0131z. \u0130\u015fte bu \u00e7abalar\u0131n i\u00e7inde esnaf\u0131m\u0131z yine \u00f6nemli bir yer i\u015fgal edecek\u201d diye konu\u015ftu.<\/span><br \/>\n<span style=\"font-family: arial, helvetica, sans-serif; font-size: 14px;\">Depremden etkilenen \u015fehirleri hep birlikte eskisinden daha iyi yerlere ta\u015f\u0131yacaklar\u0131na i\u015faret eden Y\u0131lmaz, \u201cDepremden etkilenen \u015fehirlerimizi hep birlikte in\u015fallah eskisinden de daha iyi bir noktaya ta\u015f\u0131yaca\u011f\u0131z. Esnaf ve sanatkarlar\u0131m\u0131z\u0131n ayn\u0131 ya da benzer i\u015f kollar\u0131nda birlikte ya da tamamlay\u0131c\u0131 bir bi\u00e7imde b\u00fcy\u00fck firmalarla i\u015f yapmalar\u0131n\u0131 sa\u011flayacak giri\u015fimleri de destekliyoruz. Esnaf ve sanatkar\u0131m\u0131z\u0131n nitelikli i\u015f g\u00fcc\u00fc temin etme ve yeti\u015ftirme s\u00fcre\u00e7lerini yeni bir bak\u0131\u015f a\u00e7\u0131s\u0131yla ele alarak mesleki e\u011fitim s\u00fcrecinin \u00f6nemli bir par\u00e7as\u0131 haline getirece\u011fiz. Biz esnaf\u0131m\u0131z\u0131 ayn\u0131 zamanda bir okul olarak g\u00f6r\u00fcyoruz. Esnaf, insan yeti\u015ftirir asl\u0131nda. Hem sanatkar, bilgi beceri anlam\u0131nda hem ahlaki anlamda insan yeti\u015ftiren bir kurumdur. Dolay\u0131s\u0131yla bu konuda da kamu olarak her zaman esnaf\u0131m\u0131z\u0131n, sanatkar\u0131m\u0131z\u0131n yan\u0131nday\u0131z. Ge\u00e7ti\u011fimiz d\u00f6nemde de yeni programlar ba\u015flatt\u0131k. Biliyorsunuz \u00f6zellikle bu \u00e7\u0131rakl\u0131k dedi\u011fimiz; esnaf\u0131n bilgisini, birikimini, becerisini, k\u00fclt\u00fcr\u00fcn\u00fc gelecek nesillere aktard\u0131\u011f\u0131 yollar\u0131, y\u00f6ntemleri \u00e7ok \u00f6nemli g\u00f6r\u00fcyoruz ve desteklemeye devam edece\u011fiz. Esnaf ve sanatkar\u0131m\u0131z\u0131n k\u00fcmelenmelerini ve kooperatifle\u015fmelerini kolayla\u015ft\u0131racak ad\u0131mlar\u0131 da desteklemeye devam edece\u011fiz\u201d ifadelerini kulland\u0131.<\/span><br \/>\n<span style=\"font-family: arial, helvetica, sans-serif; font-size: 14px;\">D\u00fcnyan\u0131n dijitale do\u011fru gitti\u011fini belirten Y\u0131lmaz, \u201cD\u00fcnyan\u0131n bir gidi\u015fat\u0131 var, geli\u015fmeler var. Bir taraftan b\u00fcy\u00fck \u00f6l\u00e7ekli i\u015fletmeler bu \u00f6l\u00e7e\u011fin avantaj\u0131n\u0131 kullanarak rekabette kendilerine daha g\u00fc\u00e7l\u00fc pozisyon elde etmeye \u00e7al\u0131\u015f\u0131yorlar. Bir taraftan dijitalle\u015fme diyoruz. D\u00fcnya art\u0131k dijital bir d\u00fcnyaya do\u011fru gidiyor. Bu b\u00fct\u00fcn hayat\u0131m\u0131z\u0131 etkiledi\u011fi gibi ticari hayat\u0131 da t\u00fcm d\u00fcnyada bizi de etkiliyor. \u0130\u015fte burada esnaf\u0131m\u0131z\u0131n o geleneksel \u00f6zelliklerini koruyarak yeni d\u00f6nemin \u015fartlar\u0131na da adapte olmas\u0131 \u00e7ok k\u0131ymetli. Bu anlamda esnaf sanatkar\u0131m\u0131z\u0131n kendi aralar\u0131nda olu\u015fturacaklar\u0131 organizasyonlarla bu \u00f6l\u00e7ek meselesinde kendilerine avantaj te\u015fkil edecek \u015fekilde hareket etmelerini \u00e7ok k\u0131ymetli buldu\u011fumuzu ifade etmek isterim. Yine dijitalle\u015fme; k\u00fc\u00e7\u00fck esnaf\u0131m\u0131z\u0131n dijital imkanlardan, elektronik ticaretten, elektronik tedarikten, b\u00fct\u00fcn bu imkanlardan maliyetlerini d\u00fc\u015f\u00fcr\u00fcc\u00fc bir anlay\u0131\u015f i\u00e7inde faydalanmas\u0131 da bizim i\u00e7in \u00e7ok \u00f6nemli. Esnaf\u0131m\u0131z\u0131n e-ticaret ve e-ihracat pazarlar\u0131na eri\u015fimlerini kolayla\u015ft\u0131racak programlar\u0131 bu \u00e7er\u00e7evede mutlaka hayata ge\u00e7iriyoruz\u201d dedi.<\/span><br \/>\n<span style=\"font-family: arial, helvetica, sans-serif; font-size: 14px;\">D\u00fcn Ekonomi Koordinasyon Kurulu toplant\u0131s\u0131n\u0131 ger\u00e7ekle\u015ftirdiklerini hat\u0131rlatan Y\u0131lmaz, T\u00fcrkiye\u2019nin finans piyasalar\u0131n geli\u015fimini ve ekonomik istikrar\u0131 destekleyecek politikalar\u0131 ve tedbirleri ele ald\u0131klar\u0131n\u0131 s\u00f6yledi. Y\u0131lmaz, \u201cOrta Vadeli Program&#8217;\u0131n tamamlay\u0131c\u0131s\u0131 niteli\u011finde 12. Kalk\u0131nma Plan\u0131m\u0131z\u0131 ve h\u00fck\u00fcmet program\u0131m\u0131z\u0131 da \u00f6n\u00fcm\u00fczdeki g\u00fcnlerde milletimizin takdirine T\u00fcrkiye B\u00fcy\u00fck Millet Meclisi&#8217;ne sunaca\u011f\u0131z. Toplumun t\u00fcm kesimleri i\u00e7in refah ve s\u00fcrd\u00fcr\u00fclebilirlik, kalk\u0131nmay\u0131 hedefleyen politikalar\u0131m\u0131z\u0131n hep birlikte sahiplenece\u011fimize ve s\u0131k\u0131nt\u0131lar\u0131, sorunlar\u0131, meydan okumalar\u0131 da hep birlikte a\u015faca\u011f\u0131m\u0131za, f\u0131rsatlar\u0131 hep birlikte de\u011ferlendirece\u011fimize y\u00fcrekten inan\u0131yorum\u201d ifadelerine yer verdi.<\/span><br \/>\n<span style=\"font-family: arial, helvetica, sans-serif; font-size: 14px;\">T\u00fcrkiye&#8217;nin d\u00fcnyan\u0131n ekonomisiyle b\u00fct\u00fcnle\u015fmi\u015f bir \u00fclke oldu\u011funu vurgulayan Y\u0131lmaz, \u201cDolay\u0131s\u0131yla d\u00fcnyada ya\u015fanan ekonomik, sosyal, jeopolitik geli\u015fmeler T\u00fcrkiye&#8217;yi de mutlaka etkilemektedir. Geli\u015fmi\u015f \u00fclkeleri dahi alabora eden k\u00fcresel f\u0131rt\u0131nadan ister istemez biz de etkileniyoruz. K\u00fcresel d\u00fczeyde enerji, g\u0131da, iklim de\u011fi\u015fikli\u011fi ve jeopolitik gerilimler kaynakl\u0131 bir\u00e7ok sorunla kar\u015f\u0131 kar\u015f\u0131yay\u0131z. D\u00fcnyada enflasyon oranlar\u0131 bir\u00e7ok \u00fclkede hala uzun d\u00f6nem ortalamalar\u0131na g\u00f6re y\u00fcksek seviyelerde seyretmektedir; ald\u0131klar\u0131 bir\u00e7ok tedbire ra\u011fmen. K\u00fcresel b\u00fcy\u00fcmedeki zay\u0131f seyir devam etmektedir. Son 20 y\u0131la bakt\u0131\u011f\u0131n\u0131zda d\u00fcnya ekonomisi y\u00fczde 3,6 b\u00fcy\u00fcm\u00fc\u015f. Bug\u00fcn i\u00e7inden ge\u00e7ti\u011fimiz s\u00fcrece, son 3 y\u0131la bakt\u0131\u011f\u0131n\u0131zda pandemi ve di\u011fer problemler bu b\u00fcy\u00fcme h\u0131z\u0131 y\u00fczde 2\u2019lere kadar d\u00fc\u015fm\u00fc\u015f. Son 3 y\u0131lda d\u00fcnyan\u0131n ortalama y\u0131ll\u0131k b\u00fcy\u00fcme h\u0131z\u0131, y\u00fczde ikilere kadar d\u00fc\u015fm\u00fc\u015f. T\u00fcrkiye bu d\u00f6nemde ne yapm\u0131\u015f? Son 20 y\u0131lda d\u00fcnya 3 nokta 6 b\u00fcy\u00fcrken, y\u0131ll\u0131k ortalama, biz y\u0131ll\u0131k ortalama 5 bu\u00e7uk b\u00fcy\u00fcm\u00fc\u015f\u00fcz. D\u00fcnyan\u0131n a\u015fa\u011f\u0131 yukar\u0131 2 puan \u00fcst\u00fcnde b\u00fcy\u00fcm\u00fc\u015f\u00fcz. Son 3 y\u0131lda d\u00fcnya y\u00fczde 2 ortalamayla b\u00fcy\u00fcrken, biz y\u00fczde 6 ortalamayla b\u00fcy\u00fcm\u00fc\u015f\u00fcz. D\u00fcnyan\u0131n 3 misini neredeyse bir ortalamayla ekonomimizi b\u00fcy\u00fctm\u00fc\u015f\u00fcz. Bu T\u00fcrkiye&#8217;nin ba\u015far\u0131s\u0131d\u0131r. 85 milyonun ba\u015far\u0131s\u0131d\u0131r. Esnaf\u0131m\u0131z\u0131n sanatkar\u0131m\u0131z\u0131n ba\u015far\u0131s\u0131d\u0131r. Zor zamanlarda bu performans\u0131 g\u00f6stermek \u00f6nemlidir. \u2018Ge\u00e7mi\u015fe g\u00f6re niye yeterince b\u00fcy\u00fcm\u00fcyoruz?\u2019 diyebiliriz ama her d\u00f6nemi kendi \u015fartlar\u0131 i\u00e7inde de\u011ferlendirmek laz\u0131m. D\u00fcnyan\u0131n \u015fartlar\u0131 i\u00e7inde siz d\u00fcnyaya g\u00f6re daha m\u0131 iyisiniz, daha m\u0131 k\u00f6t\u00fcs\u00fcn\u00fcz? D\u00fcnyadan daha m\u0131 h\u0131zl\u0131 b\u00fcy\u00fcyorsunuz, daha m\u0131 yava\u015f b\u00fcy\u00fcyorsunuz? Buna bakmak laz\u0131m. Ba\u015far\u0131y\u0131 \u00f6l\u00e7erken tek ba\u015f\u0131na kendinizi, rakamlar\u0131n\u0131z\u0131 de\u011ferlendirmek yerine mukayeseli bakmak gerekiyor. B\u00f6yle bakt\u0131\u011f\u0131m\u0131zda son 3 y\u0131lda dedi\u011fim gibi d\u00fcnya i\u015fte y\u00fczde 2 civar\u0131nda b\u00fcy\u00fcrken, biz 6 b\u00fcy\u00fcm\u00fc\u015f\u00fcz. Peki \u015fu anda tablo nedir? \u00d6n\u00fcm\u00fczdeki 3 y\u0131la bakt\u0131\u011f\u0131m\u0131z zaman d\u00fcnya ekonomisinin y\u00fczde 3 civar\u0131nda b\u00fcy\u00fcmesini bekliyoruz. Yani ortalaman\u0131n alt\u0131nda 3,6 ortalamas\u0131n\u0131n alt\u0131nda b\u00fcy\u00fcyecek. T\u00fcrkiye ekonomisi ne kadar b\u00fcy\u00fcyecek? Orta Vadeli Programda biz 4,5 olarak bunu tayin ettik. Yine d\u00fcnya ortalamas\u0131n\u0131n bir bu\u00e7uk puan \u00fczerinde. Belki bizim ge\u00e7mi\u015f ortalamam\u0131z\u0131n bir miktar alt\u0131nda. Ama d\u00fcnya ortalamas\u0131n\u0131n yine \u00fcst\u00fcnde bir b\u00fcy\u00fcme performans\u0131yla devam edece\u011fiz. Bu d\u00fcnyadaki k\u00fcresel atmosfere ra\u011fmen T\u00fcrkiye hedeflerinden kopmadan yolunda ilerlemeye devam ediyor. Nice badireleri hep birlikte atlatt\u0131k. Bug\u00fcn d\u00fcnyam\u0131z\u0131n, b\u00f6lgemizin ya\u015fad\u0131\u011f\u0131 badireleri de hep birlikte atlataca\u011f\u0131z. Enflasyon kaynakl\u0131 g\u0131dada kira ve kira seviyelerinde hayat pahal\u0131l\u0131\u011f\u0131n\u0131 olu\u015ftu\u011funu, aksakl\u0131klar\u0131, esnaf\u0131m\u0131z\u0131n finansmana eri\u015fim ba\u015fta olmak \u00fczere talep ve beklentilerinin fark\u0131nday\u0131z. S\u0131k\u0131nt\u0131l\u0131 bir d\u00f6nemden ge\u00e7iyoruz. Deprem di\u011fer sorunlar ama her t\u00fcrl\u00fc imkan\u0131m\u0131z\u0131 esnaf\u0131m\u0131z\u0131n lehine kullanmakta da hi\u00e7bir teredd\u00fct etmedik, etmeyiz\u201d ifadelerini kulland\u0131.<\/span><\/p>\n<p><strong><span style=\"font-family: arial, helvetica, sans-serif; font-size: 14px;\">\u201c3 y\u0131l i\u00e7inde deprem b\u00f6lgesine harcayaca\u011f\u0131m\u0131z para 3 trilyon T\u00fcrk liras\u0131n\u0131 a\u015facak\u201d<\/span><\/strong><br \/>\n<span style=\"font-family: arial, helvetica, sans-serif; font-size: 14px;\">Siyasi g\u00fcvenin, istikrar\u0131n olmad\u0131\u011f\u0131 yerde ekonomik istikrar\u0131n da olmad\u0131\u011f\u0131n\u0131n alt\u0131n\u0131 \u00e7izen Cumhurba\u015fkan\u0131 Yard\u0131mc\u0131s\u0131 Y\u0131lmaz, \u201c\u015eimdi Orta Vadeli Program&#8217;la birlikte teknik anlamdaki \u00f6ng\u00f6r\u00fclebilirli\u011fi de sa\u011flam\u0131\u015f durumday\u0131z. Belirsizlikleri ortadan kald\u0131rm\u0131\u015f durumday\u0131z. Dolay\u0131s\u0131yla \u00f6n\u00fcm\u00fczdeki d\u00f6nem \u00e7ok daha etkili bir \u015fekilde politikalar\u0131m\u0131z\u0131 hayata ge\u00e7irece\u011fiz. Orta vadeli programda 4 tane ama\u00e7 belirledik. Bu \u00f6n\u00fcm\u00fczdeki 3 y\u0131l i\u00e7in 4 tane ama\u00e7 belirledik. Birincisi \u00e7ok b\u00fcy\u00fck bir afet ya\u015fad\u0131k. 11 ilimizi 14 milyon insan\u0131m\u0131z\u0131 do\u011frudan etkileyen, asl\u0131nda 85 milyonu da dolayl\u0131 olarak etkileyen bir hadise ya\u015fad\u0131k. Y\u00fczy\u0131llar i\u00e7inde en b\u00fcy\u00fck felaket. Bunu unutmamam\u0131z laz\u0131m. Acil m\u00fcdahaleleri tamamlad\u0131k. Ama as\u0131l i\u015f \u015fu anda ba\u015fl\u0131yor. Oradaki kal\u0131c\u0131 konutlar\u0131 in\u015fa edece\u011fiz. Altyap\u0131y\u0131 tamir edece\u011fiz ekonomik ve sosyal hayat\u0131 canland\u0131raca\u011f\u0131z. Bir taraftan da deprem riski olan di\u011fer b\u00f6lgelerimizde riskleri azalt\u0131c\u0131 yat\u0131r\u0131mlar yapaca\u011f\u0131z. Kentsel d\u00f6n\u00fc\u015f\u00fcm ba\u015fta olmak \u00fczere. Sadece bu y\u0131l merkezi y\u00f6netim b\u00fct\u00e7emizde deprem b\u00f6lgesi i\u00e7in koydu\u011fumuz \u00f6denek 762 milyar T\u00fcrk liras\u0131 gelecek y\u0131l ki b\u00fct\u00e7emizde bu rakam 1 trilyon T\u00fcrk liras\u0131n\u0131n \u00fcst\u00fcne \u00e7\u0131k\u0131yor. Bu rakam\u0131n b\u00fcy\u00fckl\u00fc\u011f\u00fcn\u00fc takdir edersiniz. Bu 3 y\u0131l i\u00e7inde deprem b\u00f6lgesine harcayaca\u011f\u0131m\u0131z para 3 trilyon T\u00fcrk liras\u0131n\u0131 a\u015facak. Dolay\u0131s\u0131yla b\u00fcy\u00fck bir y\u00fckle kar\u015f\u0131 kar\u015f\u0131yay\u0131z. Bunu devlet millet \u00f6yle de in\u015fallah bu yaralar\u0131 saraca\u011f\u0131z. Buna hi\u00e7bir \u015fekilde bir teredd\u00fctl\u00fcm\u00fcz yok ama bunun takdir edersiniz ki getirdi\u011fi bir tak\u0131m zorluklarla da hep birlikte ba\u015f etmek durumunday\u0131z\u201d diye konu\u015ftu.<\/span><br \/>\n<span style=\"font-family: arial, helvetica, sans-serif; font-size: 14px;\">\u201cBu y\u0131l ve gelecek y\u0131l \u00f6zellikle 2023 ve 2024\u2019de a\u011f\u0131rl\u0131kl\u0131 harcamalar\u0131m\u0131z var\u201d diyen Y\u0131lmaz, \u201c2025 itibaren in\u015fallah kademeli bir \u015fekilde bir rahatlama s\u00fcrecine giriyoruz. Bu deprem \u00fclke a\u00e7\u0131s\u0131ndan s\u00f6yl\u00fcyor. \u0130\u015fte 2025\u2019de 500 milyarlara d\u00fc\u015fecek. Y\u00fck\u00fcm\u00fcz 2026&#8217;da 300 milyarlara kademeli bir \u015fekilde d\u00fc\u015fecek. \u00d6n\u00fcm\u00fczdeki y\u0131l\u0131n \u00f6zellikle bu b\u00fcy\u00fck y\u00fck\u00fcn\u00fc hep birlikte omuzlamam\u0131z milli bir dayan\u0131\u015fma i\u00e7inde, bu \u00e7ok \u00f6nemli. Bunu ba\u015fard\u0131\u011f\u0131m\u0131zda sadece deprem b\u00f6lgelerimiz daha g\u00fc\u00e7l\u00fc bir \u015fekilde yenilenmi\u015f olmayacak, \u00fclkemizin kalk\u0131nma s\u00fcrecinde yerini alm\u0131\u015f olmayacak, t\u00fcm T\u00fcrkiye de bundan istifade edecek. \u0130n\u015fallah \u00e7ok daha b\u00fcnyemizi g\u00fc\u00e7lendirmi\u015f bir \u015fekilde gelece\u011fe y\u00fcr\u00fcyece\u011fiz. Birinci amac\u0131m\u0131z bu. Depremin yol a\u00e7t\u0131\u011f\u0131 zararlar\u0131, tahribat\u0131 gidermek. Di\u011fer b\u00f6lgelerimizde deprem veya di\u011fer afetlerle ilgili riskleri azalt\u0131c\u0131 i\u015fler yapmak. \u0130kinci hedefimiz; enflasyonu tek haneli rakamlara yeniden d\u00fc\u015f\u00fcrmek, Orta Vadeli Program\u0131m\u0131zda kademeli bir \u015fekilde. Bir anda tabii ki bu olmayacak. Kademeli bir \u015fekilde gelecek y\u0131ldan ba\u015flayarak bir d\u00fc\u015f\u00fc\u015f trendine giren enflasyonun 2026\u2019da y\u00fczde 8.5&#8217;lara kadar d\u00fc\u015fmesini bekliyoruz. Ge\u00e7mi\u015fte bunu biz ba\u015fard\u0131k, tek haneli rakamlar\u0131 yine hep birlikte in\u015fallah ba\u015faraca\u011f\u0131z. Orta vade i\u00e7inde tek haneli rakamlara gidece\u011fiz. G\u00fcncellenmi\u015f para politikam\u0131zla, maliye politikam\u0131zla, yap\u0131sal reformlar\u0131m\u0131zla in\u015fallah b\u00fct\u00fcn bunlar\u0131 uyumlu, koordineli bir \u015fekilde hayata ge\u00e7irerek tek haneli enflasyonlar\u0131 g\u00f6rece\u011fiz. \u00dc\u00e7\u00fcnc\u00fcs\u00fc; afetin yaralar\u0131n\u0131 sararken ve enflasyonu tek haneye indirirken, b\u00fcy\u00fcmeyi, istihdam\u0131 da ihmal etmeyece\u011fiz. \u00c7\u00fcnk\u00fc b\u00fcy\u00fcmenin olmad\u0131\u011f\u0131 yerde kamu geliri de olmaz, sosyal refah da olmaz. Ortalama 4.5 bir b\u00fcy\u00fcme h\u0131z\u0131yla devam edece\u011fiz ve 2.7 milyon, 3 y\u0131ll\u0131k s\u00fcre\u00e7 i\u00e7inde yeni istihdam \u00fcretmeyi de yine \u00f6ng\u00f6r\u00fcyoruz. Gen\u00e7lerimizin, kad\u0131nlar\u0131n istihdam piyasalar\u0131na girmesi, giri\u015fimcili\u011fin geli\u015fmesi, yeni imkanlar\u0131n olu\u015fturulmas\u0131yla bunlar\u0131 mesleki e\u011fitime yine daha fazla destek verilmesiyle b\u00fct\u00fcn bunlar\u0131 ba\u015faraca\u011f\u0131z. D\u00f6rd\u00fcnc\u00fc amac\u0131m\u0131z ise b\u00fct\u00fcn bunlar\u0131 ni\u00e7in yap\u0131yoruz? De\u011ferli arkada\u015flar. Ekonomi ni\u00e7in var; insan, sonra toplumlar i\u00e7in var. Dolay\u0131s\u0131yla bu yapt\u0131\u011f\u0131m\u0131z yat\u0131r\u0131mlar, uygulad\u0131\u011f\u0131m\u0131z politikalarla bir defa enflasyonu d\u00fc\u015f\u00fcrmek bile ba\u015fl\u0131 ba\u015f\u0131na sosyal vefa i\u00e7in, insan\u0131m\u0131z i\u00e7in \u00e7ok k\u0131ymetli bir hadise. Enflasyon sadece ekonomik bir mesele de\u011fil, sosyal adalet, sosyal refah bak\u0131m\u0131ndan da \u00e7ok \u00f6nemli. Dolay\u0131s\u0131yla enflasyonun d\u00fc\u015ft\u00fc\u011f\u00fc bir ortamda sosyal refah\u0131 art\u0131r\u0131c\u0131 tedbirlere devam edece\u011fiz. Vergi d\u00fczeninden e\u011fitime yapt\u0131\u011f\u0131m\u0131z yat\u0131r\u0131mlar, ba\u015fka bir tak\u0131m politikalarla da birlikte sosyal refah\u0131, sosyal adaleti artt\u0131r\u0131c\u0131 yine politikalar d\u00f6rd\u00fcnc\u00fc eksenimizi olu\u015fturuyor. B\u00fct\u00fcn bunlar\u0131 in\u015fallah hep birlikte sizlerle birlikte ba\u015faraca\u011f\u0131z\u201d \u015feklinde konu\u015ftu.<\/span><br \/>\n<span style=\"font-family: arial, helvetica, sans-serif; font-size: 14px;\">Uygulanan maliye politikalar\u0131n\u0131n i\u00e7eride ve d\u0131\u015far\u0131da g\u00fczel tepkiler verdi\u011fine i\u015faret eden Y\u0131lmaz, \u201cPara politikalar\u0131m\u0131zla, maliye politikalar\u0131m\u0131zla ve yap\u0131sal reformlarla bunlar\u0131 detayl\u0131 bir \u015fekilde Orta Vadeli Program\u0131m\u0131zda ifade ettik. \u0130\u00e7eride, d\u0131\u015far\u0131da da \u00e7ok g\u00fczel tepkiler ald\u0131\u011f\u0131m\u0131z\u0131 ifade edebilirim. \u0130n\u015fallah bu tepkilerle birlikte hem i\u00e7eride yat\u0131r\u0131m ortam\u0131n\u0131n iyile\u015fmesi hem d\u0131\u015far\u0131dan T\u00fcrkiye&#8217;ye daha fazla kaynak giri\u015fiyle birlikte bu hedeflerimize hep birlikte ula\u015faca\u011f\u0131z. D\u0131\u015far\u0131dan kaynak maliyetini d\u00fc\u015f\u00fcr\u00fcc\u00fc tedbirler alm\u0131\u015f durumday\u0131z. Merkez Bankam\u0131z yine bu d\u00f6nemde rezerv biriktirmeye ba\u015flad\u0131. Ge\u00e7ti\u011fimiz may\u0131s ay\u0131nda 98 bu\u00e7uk milyar dolara kadar d\u00fc\u015fm\u00fc\u015ft\u00fc rezervimiz, 22 Eyl\u00fcl itibariyle bu br\u00fct rezervimiz 125 bu\u00e7uk milyar dolar seviyesine ula\u015ft\u0131. Yani sadece ge\u00e7ti\u011fimiz i\u015fte 3, 3 bu\u00e7uk ayl\u0131k d\u00f6nemde 27 milyar dolar bir rezerv art\u0131\u015f\u0131 ger\u00e7ekle\u015ftirmi\u015f olduk. Bu da b\u00fcnyemizi risklere kar\u015f\u0131 g\u00fc\u00e7lendiren, T\u00fcrkiye&#8217;nin gelece\u011fine y\u00fcr\u00fcrken daha sa\u011flam bir \u015fekilde y\u00fcr\u00fcmesini sa\u011flayan bir rakam. Ge\u00e7ti\u011fimiz hafta 4 milyar dolar rezervimiz artt\u0131. Cari a\u00e7\u0131\u011f\u0131m\u0131z\u0131 finanse etti\u011fimiz halde bu rezerve art\u0131\u015f\u0131n\u0131n sa\u011flanmas\u0131 asl\u0131nda ekonomimize duyulan g\u00fcvenin de \u00f6nemli bir g\u00f6stergesidir. Demek ki d\u0131\u015far\u0131dan kaynak giriyor T\u00fcrkiye&#8217;ye veya sistemin d\u0131\u015f\u0131nda finansal sistemin d\u0131\u015f\u0131nda olan baz\u0131 kaynaklar yeniden sisteme d\u00f6nm\u00fc\u015f oluyor. T\u00fcrkiye \u00e7ok daha g\u00fc\u00e7l\u00fc bir rezervle sa\u011flam, istikrarl\u0131 bir finansal ortamda fiyatlar\u0131n d\u00fc\u015ft\u00fc\u011f\u00fc bir ortamda kalk\u0131nma, b\u00fcy\u00fcme hedeflerine y\u00fcr\u00fcyecek. Cumhurba\u015fkan\u0131m\u0131z hep ifade ediyor \u2018yat\u0131r\u0131m, istihdam, \u00fcretim, ihracat\u2019, bu 4 kavram bizim i\u00e7in \u00e7ok \u00f6nemli. Sonu\u00e7 itibariyle bunlar\u0131 sa\u011flayarak hem enflasyonun hem faizlerin geriledi\u011fi, d\u00fc\u015ft\u00fc\u011f\u00fc bir ortam\u0131 hep birlikte g\u00f6rece\u011fiz. Ancak \u015fu anda bir ge\u00e7i\u015f s\u00fcrecindeyiz. Ge\u00e7i\u015f s\u00fcrecinde ge\u00e7ici olarak bir y\u00fckseli\u015fle enflasyonda \u00e7e\u015fitli sebeplerle detay\u0131na girmek istemiyorum. Ge\u00e7ici bir y\u00fckseli\u015fler bir s\u00fcre sonra bu yerini d\u00fc\u015f\u00fc\u015fe b\u0131rakacak. \u00d6nce ayl\u0131k d\u00fc\u015f\u00fc\u015fleri g\u00f6rece\u011fiz, daha sonra da y\u0131ll\u0131k d\u00fc\u015f\u00fc\u015fleri g\u00f6rece\u011fiz. Ayl\u0131k d\u00fc\u015f\u00fc\u015fler daha erken ba\u015flayacak. Bu y\u0131l\u0131n i\u015fte \u00f6n\u00fcm\u00fczdeki aylarda ve gelecek y\u0131l\u0131n ba\u015flar\u0131nda bu ayl\u0131k d\u00fc\u015f\u00fc\u015fleri g\u00f6rece\u011fiz. Temmuz, a\u011fustostaki y\u00fcksek art\u0131\u015flardan sonra asl\u0131nda ayl\u0131k olarak d\u00fc\u015f\u00fc\u015fler ba\u015flayacak. Y\u0131ll\u0131k bazda enflasyondaki \u00f6nemli d\u00fc\u015f\u00fc\u015fler ise 2024 y\u0131l\u0131n\u0131n ortalar\u0131ndan itibaren ba\u015flam\u0131\u015f olacak ve bu bizi 2026&#8217;da in\u015fallah tek haneli rakamlara g\u00f6t\u00fcrecek. Bu y\u00f6nde b\u00fct\u00fcn haz\u0131rl\u0131klar\u0131m\u0131z\u0131, politikalar\u0131m\u0131z\u0131 ortaya koymu\u015f durumday\u0131z\u201d dedi.<\/span><br \/>\n<span style=\"font-family: arial, helvetica, sans-serif; font-size: 14px;\">TBMM\u2019nin pazar g\u00fcn\u00fc a\u00e7\u0131laca\u011f\u0131n\u0131 belirten Y\u0131lmaz, yo\u011fun bir g\u00fcndem oldu\u011funu aktararak, \u201cBurada da yine Aile ve Gen\u00e7lik Bankas\u0131&#8217;n\u0131n kurulmas\u0131 y\u00f6n\u00fcnde bir \u00e7al\u0131\u015fmam\u0131z oldu. Say\u0131n Cumhurba\u015fkan\u0131m\u0131z son kabine toplant\u0131s\u0131ndan sonra bu kanunun Meclisin takdirine sunulaca\u011f\u0131n\u0131 ifade etti. Dolay\u0131s\u0131yla bu kanun var, g\u00fcndemimizde. \u0130\u015f ve yat\u0131r\u0131m ortam\u0131n\u0131n iyile\u015ftirilmesine d\u00f6n\u00fcp yeni d\u00fczenlemeler haz\u0131rl\u0131yoruz. Bir taraftan da az \u00f6nce bahsettim kentsel d\u00f6n\u00fc\u015f\u00fcm ba\u015fta olmak \u00fczere afet risklerini azalt\u0131c\u0131 yeni kanuni d\u00fczenlemeler de bir\u00e7ok di\u011fer ba\u015fl\u0131\u011f\u0131n yan\u0131 s\u0131ra Meclisimizin g\u00fcndemine gelecek diye ifade etmek istiyorum\u201d dedi.<\/span><br \/>\n<span style=\"font-family: arial, helvetica, sans-serif; font-size: 14px;\">T\u00fcrkiye Esnaf ve Sanatkarlar\u0131 Konfederasyonu\u2019nun il temsilcileri ile ger\u00e7ekle\u015ftirilen toplant\u0131n\u0131n ard\u0131ndan bas\u0131n mensuplar\u0131n\u0131n sorular\u0131n\u0131 cevaplayan Cumhurba\u015fkan\u0131 Yard\u0131mc\u0131s\u0131 Cevdet Y\u0131lmaz, \u201cEsnaf, sanatkar\u0131m\u0131zla \u00e7ok g\u00fczel bir toplant\u0131 yapt\u0131k. Hem a\u00e7\u0131l\u0131\u015f konu\u015fmalar\u0131 sonras\u0131nda da bir\u00e7ok arkada\u015f\u0131m\u0131z s\u00f6z al\u0131p \u00f6nerilerini, fikirlerini, ele\u015ftirilerini payla\u015ft\u0131lar. Hepsine te\u015fekk\u00fcr ediyoruz. Biz de onlara cevaplar\u0131m\u0131z\u0131 verdik. \u00c7al\u0131\u015fmam\u0131z gereken konularda da \u00e7al\u0131\u015faca\u011f\u0131m\u0131z\u0131 ifade ettik. Esnaf ve sanatkar\u0131m\u0131z sadece ekonomik bir akt\u00f6r de\u011fil, ayn\u0131 zamanda bizim sosyal b\u00fcnyemizin, k\u00fclt\u00fcr\u00fcm\u00fcz\u00fcn, medeniyetimizin ta\u015f\u0131y\u0131c\u0131s\u0131. Biz \u00e7ok de\u011ferli g\u00f6r\u00fcyoruz esnaf\u0131m\u0131z\u0131. Cumhurba\u015fkan\u0131m\u0131z da her f\u0131rsatta esnaf\u0131n, sanatkar\u0131n yan\u0131nda oldu\u011funu g\u00f6steriyor hem s\u00f6zleriyle hem ald\u0131\u011f\u0131 kararlarla, politikalarla. Orta Vadeli Program\u0131m\u0131zda da bu anlamda \u00f6nemli bir \u00e7er\u00e7eve \u015fekillendirdik. O s\u00fcrece de sa\u011f olsun TESK ve di\u011fer i\u015f d\u00fcnyas\u0131 temsilcileri \u00f6nemli katk\u0131da bulundular. Birlikte bir taraftan depremin yaralar\u0131n\u0131, di\u011fer taraftan fiyat istikrar\u0131m\u0131z\u0131 sa\u011flayaca\u011f\u0131z. B\u00fcy\u00fcmemizi, istihdam\u0131m\u0131z\u0131 devam ettirerek kal\u0131c\u0131 bir \u015fekilde sosyal refah\u0131m\u0131z\u0131 art\u0131rmaya devam edece\u011fiz. T\u00fcrkiye son 20 y\u0131ld\u0131r d\u00fcnyan\u0131n \u00fcst\u00fcnde bir ekonomik performans g\u00f6steren ve yerini her ge\u00e7en g\u00fcn sa\u011flamla\u015ft\u0131ran bir \u00fclke. T\u00fcrkiye Y\u00fczy\u0131l\u0131&#8217;nda daha \u00fcst hedeflere do\u011fru y\u00fcr\u00fcyece\u011fiz\u201d diye konu\u015ftu.<\/span><\/p>\n","protected":false},"excerpt":{"rendered":"<p>Cumhurba\u015fkan\u0131 Yard\u0131mc\u0131s\u0131 Cevdet Y\u0131lmaz, \u201cY\u0131ll\u0131k bazda enflasyondaki \u00f6nemli d\u00fc\u015f\u00fc\u015fler 2024 y\u0131l\u0131n\u0131n ortalar\u0131ndan itibaren ba\u015flam\u0131\u015f olacak ve bu bizi 2026&#8217;da in\u015fallah<\/p>\n","protected":false},"author":3,"featured_media":15940,"comment_status":"open","ping_status":"open","sticky":false,"template":"","format":"standard","meta":{"colormag_page_container_layout":"default_layout","colormag_page_sidebar_layout":"default_layout","footnotes":""},"categories":[3,1,5,8],"tags":[],"class_list":["post-15938","post","type-post","status-publish","format-standard","has-post-thumbnail","hentry","category-ekonomi","category-genel","category-gundem","category-siyaset"],"_links":{"self":[{"href":"https:\/\/marmarayerelhizmet.com\/index.php\/wp-json\/wp\/v2\/posts\/15938","targetHints":{"allow":["GET"]}}],"collection":[{"href":"https:\/\/marmarayerelhizmet.com\/index.php\/wp-json\/wp\/v2\/posts"}],"about":[{"href":"https:\/\/marmarayerelhizmet.com\/index.php\/wp-json\/wp\/v2\/types\/post"}],"author":[{"embeddable":true,"href":"https:\/\/marmarayerelhizmet.com\/index.php\/wp-json\/wp\/v2\/users\/3"}],"replies":[{"embeddable":true,"href":"https:\/\/marmarayerelhizmet.com\/index.php\/wp-json\/wp\/v2\/comments?post=15938"}],"version-history":[{"count":0,"href":"https:\/\/marmarayerelhizmet.com\/index.php\/wp-json\/wp\/v2\/posts\/15938\/revisions"}],"wp:featuredmedia":[{"embeddable":true,"href":"https:\/\/marmarayerelhizmet.com\/index.php\/wp-json\/wp\/v2\/media\/15940"}],"wp:attachment":[{"href":"https:\/\/marmarayerelhizmet.com\/index.php\/wp-json\/wp\/v2\/media?parent=15938"}],"wp:term":[{"taxonomy":"category","embeddable":true,"href":"https:\/\/marmarayerelhizmet.com\/index.php\/wp-json\/wp\/v2\/categories?post=15938"},{"taxonomy":"post_tag","embeddable":true,"href":"https:\/\/marmarayerelhizmet.com\/index.php\/wp-json\/wp\/v2\/tags?post=15938"}],"curies":[{"name":"wp","href":"https:\/\/api.w.org\/{rel}","templated":true}]}}