{"id":15934,"date":"2023-09-29T14:46:38","date_gmt":"2023-09-29T11:46:38","guid":{"rendered":"https:\/\/marmarayerelhizmet.com\/?p=15934"},"modified":"2023-09-29T14:46:38","modified_gmt":"2023-09-29T11:46:38","slug":"kentsel-donusum-yasasi-bekleniyor","status":"publish","type":"post","link":"https:\/\/marmarayerelhizmet.com\/index.php\/2023\/09\/29\/kentsel-donusum-yasasi-bekleniyor\/","title":{"rendered":"Kentsel D\u00f6n\u00fc\u015f\u00fcm Yasas\u0131 Bekleniyor"},"content":{"rendered":"<p><strong><span style=\"font-family: arial, helvetica, sans-serif; font-size: 14px;\">Gayrimenkul Uzman\u0131 \u015eule Duman, T\u00fcrkiye B\u00fcy\u00fck Millet Meclisi\u2019nde (TBMM) ba\u015flayacak yasama \u00e7al\u0131\u015fmalar\u0131nda en \u00f6nemli konulardan biri olan kentsel d\u00f6n\u00fc\u015f\u00fcm d\u00fczenlemesinin vatanda\u015flara b\u00fcy\u00fck kolayl\u0131k sa\u011flayaca\u011f\u0131n\u0131 s\u00f6yledi.<br \/>\n<\/span><\/strong><br \/>\n<span style=\"font-family: arial, helvetica, sans-serif; font-size: 14px;\">TBMM Genel Kurulu, 28\u2019inci d\u00f6nem 2\u2019nci yasama y\u0131l\u0131 \u00e7al\u0131\u015fmalar\u0131na 1 Ekim Pazartesi g\u00fcn\u00fc ba\u015flayacak. Meclis&#8217;te \u00f6n planda olacak g\u00fcndem ba\u015fl\u0131klar\u0131ndan birisi de kentsel d\u00f6n\u00fc\u015f\u00fcm olacak. Yeni kentsel d\u00f6n\u00fc\u015f\u00fcm yasa teklifi i\u00e7in \u00e7al\u0131\u015fmalar\u0131n\u0131 s\u00fcrd\u00fcren \u00c7evre, \u015eehircilik ve \u0130klim De\u011fi\u015fikli\u011fi Bakanl\u0131\u011f\u0131 ile AK Parti Grubu\u2019nun haz\u0131rlad\u0131\u011f\u0131 \u00e7al\u0131\u015fmaya g\u00f6re \u2018Kentsel D\u00f6n\u00fc\u015f\u00fcm Ba\u015fkanl\u0131\u011f\u0131\u2019 kurulmas\u0131 ve \u0130stanbul\u2019a \u00f6zel bir birim olu\u015fturulmas\u0131 planlan\u0131yor. D\u00f6n\u00fc\u015f\u00fcm\u00fcn hangi b\u00f6lgelerde olaca\u011f\u0131 ve \u015fartlar\u0131n\u0131n neler olaca\u011f\u0131 merak edilirken, Gayrimenkul Uzman\u0131 \u015eule Duman konu ile ilgili a\u00e7\u0131klamalarda bulundu. Kentsel d\u00f6n\u00fc\u015f\u00fcme girecek binalar i\u00e7in hak sahiplerinin tamam\u0131n\u0131n r\u0131zas\u0131na gerek olmad\u0131\u011f\u0131n\u0131 belirten Duman, \u201cHaz\u0131rlanan \u00e7al\u0131\u015fman\u0131n tasla\u011f\u0131na g\u00f6re kentsel d\u00f6n\u00fc\u015f\u00fcme girecek binalarda hak sahiplerinin tamam\u0131 de\u011fil, \u00fc\u00e7te ikisinin r\u0131zas\u0131 s\u00fcreci ba\u015flatabilecek\u201d dedi.<\/span><\/p>\n<p><strong><span style=\"font-family: arial, helvetica, sans-serif; font-size: 14px;\">\u201cVatanda\u015flara kentsel d\u00f6n\u00fc\u015f\u00fcmde b\u00fcy\u00fck kolayl\u0131k sa\u011flanacak\u201d<\/span><\/strong><br \/>\n<span style=\"font-family: arial, helvetica, sans-serif; font-size: 14px;\">Gayrimenkul Uzman\u0131 \u015eule Duman, \u00c7evre, \u015eehircilik ve \u0130klim De\u011fi\u015fikli\u011fi Bakanl\u0131\u011f\u0131 taraf\u0131ndan haz\u0131rlanan kentsel d\u00f6n\u00fc\u015f\u00fcm yasa tasar\u0131s\u0131nda vatanda\u015flara b\u00fcy\u00fck kolayl\u0131k sa\u011flanaca\u011f\u0131n\u0131 belirtti. \u0130stanbul\u2019a \u00f6zel bir birimin de kurulaca\u011f\u0131n\u0131 dile getiren Duman, \u201cD\u00fczenlenen taslak \u00e7al\u0131\u015fmalarda \u2018kentsel d\u00f6n\u00fc\u015f\u00fcm\u2019 ile ilgili yeni bir ba\u015fkanl\u0131k kurulmas\u0131n\u0131 bekliyoruz. \u0130stanbul \u00f6zelinde de bu ba\u015fkanl\u0131\u011fa ait bir alt kurulu\u015f olacak ve kentteki riskli alanlar\u0131n d\u00f6n\u00fc\u015ft\u00fcr\u00fclmesi i\u00e7in \u00e7al\u0131\u015faca\u011f\u0131 ve b\u00fct\u00e7e olu\u015fturaca\u011f\u0131 konu\u015fuluyor. \u00c7al\u0131\u015fman\u0131n ba\u015flamas\u0131yla \u0130stanbul\u2019daki d\u00f6n\u00fc\u015f\u00fcm h\u0131zlanacak. Bunun yan\u0131nda ise hazine alanlar\u0131 yeniden devletin i\u015fleyi\u015fine kazand\u0131r\u0131lacak. Bu alanlara yeni konutlar yap\u0131lacak. Bilindi\u011fi \u00fczere \u0130stanbul deprem riski ta\u015f\u0131yan bir kent. Bu sebeple \u00f6ncelik imara kapal\u0131 alanlarda bulunan ve depreme dayan\u0131ks\u0131z binalar kentsel d\u00f6n\u00fc\u015f\u00fcm ile h\u0131zl\u0131 bir \u015fekilde yap\u0131lacak. Vatanda\u015fa kolayl\u0131k sa\u011flanmas\u0131 i\u00e7in imara kapal\u0131 alanlarda evi olanlara rezerv alanlardaki yeni konutlarda d\u00fc\u015f\u00fck faiz ve uygun taksit olana\u011f\u0131 sa\u011flanacak. \u0130mara kapal\u0131 alanlar ise park, ye\u015fil alan ve toplanma b\u00f6lgeleri gibi yerlere d\u00f6n\u00fc\u015ft\u00fcr\u00fclecek. Bu \u00e7al\u0131\u015fmalara ek olarak evini kentsel d\u00f6n\u00fc\u015f\u00fcme verenlere yap\u0131lan kira yard\u0131mlar\u0131n\u0131n artt\u0131r\u0131lmas\u0131 ve kentsel d\u00f6n\u00fc\u015f\u00fcm oran\u0131n\u0131n artmas\u0131 ama\u00e7lan\u0131yor. Bu sayede vatanda\u015flar\u0131m\u0131z hem evlerini uygun \u015fartlarda yenilemi\u015f olacak hem de depreme kar\u015f\u0131 \u00f6nlem alacak. Kentsel d\u00f6n\u00fc\u015f\u00fcmde vatanda\u015flar\u0131n ekonomik s\u0131k\u0131nt\u0131ya girmemesi i\u00e7in hem uygun kredi hem de kira yard\u0131m\u0131n\u0131n y\u00fckseltilmesi de bekleniyor\u201d diye konu\u015ftu.<\/span><\/p>\n","protected":false},"excerpt":{"rendered":"<p>Gayrimenkul Uzman\u0131 \u015eule Duman, T\u00fcrkiye B\u00fcy\u00fck Millet Meclisi\u2019nde (TBMM) ba\u015flayacak yasama \u00e7al\u0131\u015fmalar\u0131nda en \u00f6nemli konulardan biri olan kentsel d\u00f6n\u00fc\u015f\u00fcm d\u00fczenlemesinin<\/p>\n","protected":false},"author":3,"featured_media":15936,"comment_status":"open","ping_status":"open","sticky":false,"template":"","format":"standard","meta":{"colormag_page_container_layout":"default_layout","colormag_page_sidebar_layout":"default_layout","footnotes":""},"categories":[3,1,5,8],"tags":[],"class_list":["post-15934","post","type-post","status-publish","format-standard","has-post-thumbnail","hentry","category-ekonomi","category-genel","category-gundem","category-siyaset"],"_links":{"self":[{"href":"https:\/\/marmarayerelhizmet.com\/index.php\/wp-json\/wp\/v2\/posts\/15934","targetHints":{"allow":["GET"]}}],"collection":[{"href":"https:\/\/marmarayerelhizmet.com\/index.php\/wp-json\/wp\/v2\/posts"}],"about":[{"href":"https:\/\/marmarayerelhizmet.com\/index.php\/wp-json\/wp\/v2\/types\/post"}],"author":[{"embeddable":true,"href":"https:\/\/marmarayerelhizmet.com\/index.php\/wp-json\/wp\/v2\/users\/3"}],"replies":[{"embeddable":true,"href":"https:\/\/marmarayerelhizmet.com\/index.php\/wp-json\/wp\/v2\/comments?post=15934"}],"version-history":[{"count":0,"href":"https:\/\/marmarayerelhizmet.com\/index.php\/wp-json\/wp\/v2\/posts\/15934\/revisions"}],"wp:featuredmedia":[{"embeddable":true,"href":"https:\/\/marmarayerelhizmet.com\/index.php\/wp-json\/wp\/v2\/media\/15936"}],"wp:attachment":[{"href":"https:\/\/marmarayerelhizmet.com\/index.php\/wp-json\/wp\/v2\/media?parent=15934"}],"wp:term":[{"taxonomy":"category","embeddable":true,"href":"https:\/\/marmarayerelhizmet.com\/index.php\/wp-json\/wp\/v2\/categories?post=15934"},{"taxonomy":"post_tag","embeddable":true,"href":"https:\/\/marmarayerelhizmet.com\/index.php\/wp-json\/wp\/v2\/tags?post=15934"}],"curies":[{"name":"wp","href":"https:\/\/api.w.org\/{rel}","templated":true}]}}