{"id":15903,"date":"2023-09-28T15:31:37","date_gmt":"2023-09-28T12:31:37","guid":{"rendered":"https:\/\/marmarayerelhizmet.com\/?p=15903"},"modified":"2023-09-28T15:31:37","modified_gmt":"2023-09-28T12:31:37","slug":"77-kaymakam-adayi-alinacak","status":"publish","type":"post","link":"https:\/\/marmarayerelhizmet.com\/index.php\/2023\/09\/28\/77-kaymakam-adayi-alinacak\/","title":{"rendered":"77 Kaymakam Aday\u0131 Al\u0131nacak"},"content":{"rendered":"<p><strong><span style=\"font-family: arial, helvetica, sans-serif; font-size: 14px;\">\u0130\u00e7i\u015fleri Bakan\u0131 Ali Yerlikaya, &#8220;Kaymakaml\u0131k S\u0131nav\u0131m\u0131z\u0131 3 Aral\u0131k 20232&#8217;te yap\u0131yoruz ve 77 kaymakam aday\u0131 al\u0131yoruz. Ba\u015fvuru \u015fartlar\u0131n\u0131 \u00f6n\u00fcm\u00fczdeki g\u00fcnlerde duyuraca\u011f\u0131z&#8221; dedi.<br \/>\n<\/span><\/strong><br \/>\n<span style=\"font-family: arial, helvetica, sans-serif; font-size: 14px;\">Bakan Yerlikaya, sosyal medya hesab\u0131ndan yeni kaymakam aday\u0131 al\u0131m\u0131na ili\u015fkin yapt\u0131\u011f\u0131 payla\u015f\u0131mda, &#8220;Kaymakam olup \u0130\u00e7i\u015fleri Bakanl\u0131\u011f\u0131 ailemize kat\u0131lmak isteyen, gelece\u011fin m\u00fclki idare amiri olarak vatan\u0131m\u0131za hizmet etmeyi arzulayan k\u0131ymetli arkada\u015flar\u0131m. Bekledi\u011finiz haberi payla\u015f\u0131yorum; Kaymakaml\u0131k S\u0131nav\u0131m\u0131z\u0131 3 Aral\u0131k 2023&#8217;te yap\u0131yoruz ve 77 kaymakam aday\u0131 al\u0131yoruz. Ba\u015fvuru \u015fartlar\u0131n\u0131 \u00f6n\u00fcm\u00fczdeki g\u00fcnlerde duyuraca\u011f\u0131z. Siz \u015fimdiden \u00e7al\u0131\u015fmaya ba\u015flay\u0131n&#8221; ifadelerini kulland\u0131.<\/span><\/p>\n","protected":false},"excerpt":{"rendered":"<p>\u0130\u00e7i\u015fleri Bakan\u0131 Ali Yerlikaya, &#8220;Kaymakaml\u0131k S\u0131nav\u0131m\u0131z\u0131 3 Aral\u0131k 20232&#8217;te yap\u0131yoruz ve 77 kaymakam aday\u0131 al\u0131yoruz. Ba\u015fvuru \u015fartlar\u0131n\u0131 \u00f6n\u00fcm\u00fczdeki g\u00fcnlerde duyuraca\u011f\u0131z&#8221;<\/p>\n","protected":false},"author":3,"featured_media":15905,"comment_status":"open","ping_status":"open","sticky":false,"template":"","format":"standard","meta":{"colormag_page_container_layout":"default_layout","colormag_page_sidebar_layout":"default_layout","footnotes":""},"categories":[1,5,8],"tags":[],"class_list":["post-15903","post","type-post","status-publish","format-standard","has-post-thumbnail","hentry","category-genel","category-gundem","category-siyaset"],"_links":{"self":[{"href":"https:\/\/marmarayerelhizmet.com\/index.php\/wp-json\/wp\/v2\/posts\/15903","targetHints":{"allow":["GET"]}}],"collection":[{"href":"https:\/\/marmarayerelhizmet.com\/index.php\/wp-json\/wp\/v2\/posts"}],"about":[{"href":"https:\/\/marmarayerelhizmet.com\/index.php\/wp-json\/wp\/v2\/types\/post"}],"author":[{"embeddable":true,"href":"https:\/\/marmarayerelhizmet.com\/index.php\/wp-json\/wp\/v2\/users\/3"}],"replies":[{"embeddable":true,"href":"https:\/\/marmarayerelhizmet.com\/index.php\/wp-json\/wp\/v2\/comments?post=15903"}],"version-history":[{"count":0,"href":"https:\/\/marmarayerelhizmet.com\/index.php\/wp-json\/wp\/v2\/posts\/15903\/revisions"}],"wp:featuredmedia":[{"embeddable":true,"href":"https:\/\/marmarayerelhizmet.com\/index.php\/wp-json\/wp\/v2\/media\/15905"}],"wp:attachment":[{"href":"https:\/\/marmarayerelhizmet.com\/index.php\/wp-json\/wp\/v2\/media?parent=15903"}],"wp:term":[{"taxonomy":"category","embeddable":true,"href":"https:\/\/marmarayerelhizmet.com\/index.php\/wp-json\/wp\/v2\/categories?post=15903"},{"taxonomy":"post_tag","embeddable":true,"href":"https:\/\/marmarayerelhizmet.com\/index.php\/wp-json\/wp\/v2\/tags?post=15903"}],"curies":[{"name":"wp","href":"https:\/\/api.w.org\/{rel}","templated":true}]}}