{"id":15899,"date":"2023-09-28T15:28:40","date_gmt":"2023-09-28T12:28:40","guid":{"rendered":"https:\/\/marmarayerelhizmet.com\/?p=15899"},"modified":"2023-09-28T15:28:40","modified_gmt":"2023-09-28T12:28:40","slug":"ekk-toplantisi-sonrasi-aciklama","status":"publish","type":"post","link":"https:\/\/marmarayerelhizmet.com\/index.php\/2023\/09\/28\/ekk-toplantisi-sonrasi-aciklama\/","title":{"rendered":"EKK Toplant\u0131s\u0131 Sonras\u0131 A\u00e7\u0131klama"},"content":{"rendered":"<p><strong><span style=\"font-family: arial, helvetica, sans-serif; font-size: 14px;\">Ekonomi Koordinasyon Kurulu (EKK) toplant\u0131s\u0131 sonras\u0131 yap\u0131lan a\u00e7\u0131klamada, toplant\u0131da finansal piyasalarda T\u00fcrk liras\u0131 cinsinden enstr\u00fcmanlar\u0131n \u00e7e\u015fitlendirilmesi ve yat\u0131r\u0131mc\u0131lar i\u00e7in daha cazip hale getirilmesi kapsam\u0131nda y\u00fcr\u00fct\u00fclen \u00e7al\u0131\u015fmalar\u0131n de\u011ferlendirildi\u011fi belirtildi.<br \/>\n<\/span><\/strong><br \/>\n<span style=\"font-family: arial, helvetica, sans-serif; font-size: 14px;\">Ekonomi Koordinasyon Kurulu, Cumhurba\u015fkan\u0131 Yard\u0131mc\u0131s\u0131 Cevdet Y\u0131lmaz ba\u015fkanl\u0131\u011f\u0131nda topland\u0131. Cumhurba\u015fkanl\u0131\u011f\u0131 K\u00fclliyesi&#8217;ndeki toplant\u0131ya Hazine ve Maliye Bakan\u0131 Mehmet \u015eim\u015fek, Sanayi ve Teknoloji Bakan\u0131 Mehmet Fatih Kac\u0131r, Tar\u0131m ve Orman Bakan\u0131 \u0130brahim Yumakl\u0131, Ticaret Bakan\u0131 \u00d6mer Bolat, Cumhurba\u015fkanl\u0131\u011f\u0131 Strateji ve B\u00fct\u00e7e Ba\u015fkan\u0131 \u0130brahim \u015eenel, Merkez Bankas\u0131 Ba\u015fkan\u0131 Hafize Gaye Erkan kat\u0131ld\u0131.<\/span><br \/>\n<span style=\"font-family: arial, helvetica, sans-serif; font-size: 14px;\">Toplant\u0131 sonras\u0131 yap\u0131lan yaz\u0131l\u0131 a\u00e7\u0131klamada, Ekonomi Koordinasyon Kurulu&#8217;nun ekonomi politikalar\u0131n\u0131n e\u015fg\u00fcd\u00fcm i\u00e7erisinde daha b\u00fct\u00fcnc\u00fcl bir yakla\u015f\u0131mla olu\u015fturulmas\u0131n\u0131 ve daha etkin uygulanmas\u0131n\u0131 sa\u011flamak, ekonomik istikrarla ilgili geli\u015fmeleri izlemek ve de\u011ferlendirmek \u00fczere her ay d\u00fczenli olarak topland\u0131\u011f\u0131n\u0131 vurguland\u0131. 4&#8217;\u00fcnc\u00fcs\u00fc ger\u00e7ekle\u015fen EKK toplant\u0131s\u0131n\u0131n ana g\u00fcndeminin T\u00fcrkiye\u2019nin finans piyasalar\u0131n\u0131n geli\u015fimini ve istikrar\u0131n\u0131 destekleyecek politikalar ve tedbirler oldu\u011fu ifade edildi. Yap\u0131lan \u00e7al\u0131\u015fmalarla T\u00fcrkiye Y\u00fczy\u0131l\u0131\u2019nda fiyat istikrar\u0131n\u0131 esas alan s\u00fcrd\u00fcr\u00fclebilir ve kapsay\u0131c\u0131 ekonomik b\u00fcy\u00fcmenin sa\u011flanmas\u0131, stratejik yat\u0131r\u0131mlar\u0131n desteklenmesi, k\u00fcresel ekonomide ortaya \u00e7\u0131kabilecek risklere kar\u015f\u0131 finansal istikrar\u0131n g\u00fc\u00e7lendirilmesi, yurt i\u00e7i tasarruflar\u0131n art\u0131r\u0131lmas\u0131, kaynak da\u011f\u0131l\u0131m\u0131nda etkinli\u011fin sa\u011flanmas\u0131 ve finansmana eri\u015fimin art\u0131r\u0131lmas\u0131n\u0131n hedeflendi\u011fini aktar\u0131ld\u0131. A\u00e7\u0131klamada toplant\u0131da g\u00f6r\u00fc\u015f\u00fclen konular \u015fu \u015fekilde \u00f6zetlendi:<\/span><br \/>\n<span style=\"font-family: arial, helvetica, sans-serif; font-size: 14px;\">\u201cFiyat istikrar\u0131 ve finansal istikrar\u0131n sa\u011flanmas\u0131 ile uyumlu olacak \u015fekilde katma de\u011feri y\u00fcksek ve ihracat odakl\u0131 yat\u0131r\u0131mlar\u0131n te\u015fvik edilmesi, d\u0131\u015fa ba\u011f\u0131ml\u0131l\u0131\u011f\u0131n azalt\u0131lmas\u0131 ve s\u00fcrd\u00fcr\u00fclebilir b\u00fcy\u00fcmenin desteklenmesi amac\u0131yla ba\u015fta Yat\u0131r\u0131m Taahh\u00fctl\u00fc Avans Kredileri (YTAK) olmak \u00fczere yat\u0131r\u0131mc\u0131lar\u0131n finansman imk\u00e2nlar\u0131n\u0131 art\u0131racak yeni stratejiler isti\u015fare edilmi\u015ftir. Finansal piyasalarda T\u00fcrk liras\u0131 cinsinden enstr\u00fcmanlar\u0131n \u00e7e\u015fitlendirilmesi ve yat\u0131r\u0131mc\u0131lar i\u00e7in daha cazip hale getirilmesi kapsam\u0131nda y\u00fcr\u00fct\u00fclen \u00e7al\u0131\u015fmalar de\u011ferlendirilmi\u015ftir. Yast\u0131k alt\u0131ndaki alt\u0131nlar\u0131n ekonomiye kazand\u0131r\u0131lmas\u0131na y\u00f6nelik mevcut sistemlerin geli\u015ftirilmesi amac\u0131yla \u00f6n\u00fcm\u00fczdeki d\u00f6nemde at\u0131lmas\u0131 planlanan ad\u0131mlar g\u00f6r\u00fc\u015f\u00fclm\u00fc\u015ft\u00fcr. TCMB \u00f6nc\u00fcl\u00fc\u011f\u00fcnde \u00e7al\u0131\u015fmalar\u0131 y\u00fcr\u00fct\u00fclen Dijital T\u00fcrk Liras\u0131 Projesi\u2019nde gelinen a\u015fama ve \u00f6n\u00fcm\u00fczdeki d\u00f6neme ili\u015fkin yol haritas\u0131 hakk\u0131nda bilgilendirme yap\u0131lm\u0131\u015ft\u0131r. Kurulumuz bu alanda yap\u0131lan haz\u0131rl\u0131klar\u0131n h\u0131zland\u0131r\u0131lmas\u0131 hususunda anlay\u0131\u015f birli\u011fi i\u00e7inde bir de\u011ferlendirme yapm\u0131\u015ft\u0131r. Kat\u0131l\u0131m finans ekosisteminin geli\u015ftirilmesine y\u00f6nelik \u00e7al\u0131\u015fmalar ve sekt\u00f6r\u00fc destekleyici mekanizmalar g\u00f6r\u00fc\u015f\u00fclerek Kat\u0131l\u0131m Finans \u00c7er\u00e7eve Kanunu haz\u0131rl\u0131klar\u0131 de\u011ferlendirilmi\u015ftir. Aile ve Gen\u00e7lik Bankas\u0131\u2019na ili\u015fkin \u00e7al\u0131\u015fmalar ve \u00f6n\u00fcm\u00fczdeki g\u00fcnlerde TBMM\u2019ye sunulmas\u0131 planlanan kanun teklifi Kurul \u00fcyeleri ve ilgili taraflarla isti\u015fare edilmi\u015ftir.\u201d<\/span><\/p>\n","protected":false},"excerpt":{"rendered":"<p>Ekonomi Koordinasyon Kurulu (EKK) toplant\u0131s\u0131 sonras\u0131 yap\u0131lan a\u00e7\u0131klamada, toplant\u0131da finansal piyasalarda T\u00fcrk liras\u0131 cinsinden enstr\u00fcmanlar\u0131n \u00e7e\u015fitlendirilmesi ve yat\u0131r\u0131mc\u0131lar i\u00e7in daha<\/p>\n","protected":false},"author":3,"featured_media":15901,"comment_status":"open","ping_status":"open","sticky":false,"template":"","format":"standard","meta":{"colormag_page_container_layout":"default_layout","colormag_page_sidebar_layout":"default_layout","footnotes":""},"categories":[3,1,5,8],"tags":[],"class_list":["post-15899","post","type-post","status-publish","format-standard","has-post-thumbnail","hentry","category-ekonomi","category-genel","category-gundem","category-siyaset"],"_links":{"self":[{"href":"https:\/\/marmarayerelhizmet.com\/index.php\/wp-json\/wp\/v2\/posts\/15899","targetHints":{"allow":["GET"]}}],"collection":[{"href":"https:\/\/marmarayerelhizmet.com\/index.php\/wp-json\/wp\/v2\/posts"}],"about":[{"href":"https:\/\/marmarayerelhizmet.com\/index.php\/wp-json\/wp\/v2\/types\/post"}],"author":[{"embeddable":true,"href":"https:\/\/marmarayerelhizmet.com\/index.php\/wp-json\/wp\/v2\/users\/3"}],"replies":[{"embeddable":true,"href":"https:\/\/marmarayerelhizmet.com\/index.php\/wp-json\/wp\/v2\/comments?post=15899"}],"version-history":[{"count":0,"href":"https:\/\/marmarayerelhizmet.com\/index.php\/wp-json\/wp\/v2\/posts\/15899\/revisions"}],"wp:featuredmedia":[{"embeddable":true,"href":"https:\/\/marmarayerelhizmet.com\/index.php\/wp-json\/wp\/v2\/media\/15901"}],"wp:attachment":[{"href":"https:\/\/marmarayerelhizmet.com\/index.php\/wp-json\/wp\/v2\/media?parent=15899"}],"wp:term":[{"taxonomy":"category","embeddable":true,"href":"https:\/\/marmarayerelhizmet.com\/index.php\/wp-json\/wp\/v2\/categories?post=15899"},{"taxonomy":"post_tag","embeddable":true,"href":"https:\/\/marmarayerelhizmet.com\/index.php\/wp-json\/wp\/v2\/tags?post=15899"}],"curies":[{"name":"wp","href":"https:\/\/api.w.org\/{rel}","templated":true}]}}