{"id":15875,"date":"2023-09-28T15:18:59","date_gmt":"2023-09-28T12:18:59","guid":{"rendered":"https:\/\/marmarayerelhizmet.com\/?p=15875"},"modified":"2023-09-28T15:18:59","modified_gmt":"2023-09-28T12:18:59","slug":"istanbulda-yagis-basladi","status":"publish","type":"post","link":"https:\/\/marmarayerelhizmet.com\/index.php\/2023\/09\/28\/istanbulda-yagis-basladi\/","title":{"rendered":"\u0130stanbul\u2019da Ya\u011f\u0131\u015f Ba\u015flad\u0131"},"content":{"rendered":"<p><strong><span style=\"font-family: arial, helvetica, sans-serif; font-size: 14px;\">Meteorolojinin uyar\u0131lar\u0131n\u0131n ard\u0131ndan yaz aylar\u0131n\u0131 a\u015f\u0131r\u0131 s\u0131cak ve ya\u011f\u0131\u015fs\u0131z ge\u00e7iren \u0130stanbul\u2019da, ya\u011fmur etkili oldu.<br \/>\n<\/span><\/strong><br \/>\n<span style=\"font-family: arial, helvetica, sans-serif; font-size: 14px;\">Meteoroloji Genel M\u00fcd\u00fcrl\u00fc\u011f\u00fc uyar\u0131lar\u0131n\u0131n ard\u0131ndan \u0130stanbul&#8217;da ya\u011f\u0131\u015f etkili oluyor. Hafif \u015fekilde devam eden ya\u011f\u0131\u015f, aral\u0131klarla etkisini artt\u0131r\u0131yor. S\u00fcr\u00fcc\u00fcler ya\u011f\u0131\u015f, nedeniyle kontroll\u00fc bir \u015fekilde ilerlerken, haz\u0131rl\u0131ks\u0131z yakalanan baz\u0131 vatanda\u015flar ise h\u0131rka ve g\u00f6mlekle kendilerini ya\u011fmurdan korumaya \u00e7al\u0131\u015ft\u0131. \u00d6te yandan, Meteoroloji Genel M\u00fcd\u00fcrl\u00fc\u011f\u00fc&#8217;n\u00fcn son hava durumu raporuna g\u00f6re, \u0130stanbul&#8217;da bug\u00fcnden itibaren 5 g\u00fcn boyunca ya\u011f\u0131\u015f bekleniyor.<\/span><\/p>\n","protected":false},"excerpt":{"rendered":"<p>Meteorolojinin uyar\u0131lar\u0131n\u0131n ard\u0131ndan yaz aylar\u0131n\u0131 a\u015f\u0131r\u0131 s\u0131cak ve ya\u011f\u0131\u015fs\u0131z ge\u00e7iren \u0130stanbul\u2019da, ya\u011fmur etkili oldu. Meteoroloji Genel M\u00fcd\u00fcrl\u00fc\u011f\u00fc uyar\u0131lar\u0131n\u0131n ard\u0131ndan \u0130stanbul&#8217;da<\/p>\n","protected":false},"author":3,"featured_media":15877,"comment_status":"open","ping_status":"open","sticky":false,"template":"","format":"standard","meta":{"colormag_page_container_layout":"default_layout","colormag_page_sidebar_layout":"default_layout","footnotes":""},"categories":[1,5],"tags":[],"class_list":["post-15875","post","type-post","status-publish","format-standard","has-post-thumbnail","hentry","category-genel","category-gundem"],"_links":{"self":[{"href":"https:\/\/marmarayerelhizmet.com\/index.php\/wp-json\/wp\/v2\/posts\/15875","targetHints":{"allow":["GET"]}}],"collection":[{"href":"https:\/\/marmarayerelhizmet.com\/index.php\/wp-json\/wp\/v2\/posts"}],"about":[{"href":"https:\/\/marmarayerelhizmet.com\/index.php\/wp-json\/wp\/v2\/types\/post"}],"author":[{"embeddable":true,"href":"https:\/\/marmarayerelhizmet.com\/index.php\/wp-json\/wp\/v2\/users\/3"}],"replies":[{"embeddable":true,"href":"https:\/\/marmarayerelhizmet.com\/index.php\/wp-json\/wp\/v2\/comments?post=15875"}],"version-history":[{"count":0,"href":"https:\/\/marmarayerelhizmet.com\/index.php\/wp-json\/wp\/v2\/posts\/15875\/revisions"}],"wp:featuredmedia":[{"embeddable":true,"href":"https:\/\/marmarayerelhizmet.com\/index.php\/wp-json\/wp\/v2\/media\/15877"}],"wp:attachment":[{"href":"https:\/\/marmarayerelhizmet.com\/index.php\/wp-json\/wp\/v2\/media?parent=15875"}],"wp:term":[{"taxonomy":"category","embeddable":true,"href":"https:\/\/marmarayerelhizmet.com\/index.php\/wp-json\/wp\/v2\/categories?post=15875"},{"taxonomy":"post_tag","embeddable":true,"href":"https:\/\/marmarayerelhizmet.com\/index.php\/wp-json\/wp\/v2\/tags?post=15875"}],"curies":[{"name":"wp","href":"https:\/\/api.w.org\/{rel}","templated":true}]}}