{"id":15855,"date":"2023-09-27T17:50:14","date_gmt":"2023-09-27T14:50:14","guid":{"rendered":"https:\/\/marmarayerelhizmet.com\/?p=15855"},"modified":"2023-09-27T17:50:14","modified_gmt":"2023-09-27T14:50:14","slug":"fiyatlar-yokus-asagi-gidiyor","status":"publish","type":"post","link":"https:\/\/marmarayerelhizmet.com\/index.php\/2023\/09\/27\/fiyatlar-yokus-asagi-gidiyor\/","title":{"rendered":"Fiyatlar Yoku\u015f A\u015fa\u011f\u0131 Gidiyor"},"content":{"rendered":"<p><strong><span style=\"font-family: arial, helvetica, sans-serif; font-size: 14px;\">\u0130kinci el otomobil piyasas\u0131 neredeyse kontak kapatt\u0131. Durgunlu\u011fun etkisiyle piyasada fiyatlar d\u00fc\u015fe\u015fe ge\u00e7ti. Oto galericiler fiyatlardaki gerilemenin y\u00fczde 25\u2019i bulaca\u011f\u0131n\u0131 \u00f6ng\u00f6r\u00fcyor.<br \/>\n<\/span><\/strong><br \/>\n<span style=\"font-family: arial, helvetica, sans-serif; font-size: 14px;\">Son iki ayd\u0131r ikinci el otomobil piyasas\u0131nda durgunluk hakim. Bu durgunluk fiyatlara da iyiden iyiye yans\u0131maya ba\u015flad\u0131. Fiyatlarda yakla\u015f\u0131k y\u00fczde 15 gerileme ya\u015fan\u0131rken, bu rakam\u0131n y\u00fczde 25\u2019leri bulmas\u0131 \u00f6ng\u00f6r\u00fcl\u00fcyor. Piyasada s\u0131f\u0131r ve ikinci el arac\u0131n bulundu\u011funu belirten oto galericiler, \u015fu anda sadece de\u011ferinin alt\u0131nda sat\u0131lan ara\u00e7lara talep oldu\u011funu s\u00f6yledi.<br \/>\n<\/span><br \/>\n<strong><span style=\"font-family: arial, helvetica, sans-serif; font-size: 14px;\">\u201c\u0130kinci el otomobil piyasas\u0131ndaki gerileme y\u00fczde 25\u2019i bulabilir\u201d<\/span><\/strong><br \/>\n<span style=\"font-family: arial, helvetica, sans-serif; font-size: 14px;\">Son birka\u00e7 ayd\u0131r ikinci el otomobil piyasas\u0131nda durgunlu\u011fun hakim oldu\u011funu belirten Galerici G\u00f6khan Arde\u015fen, \u201cFiyatlarada yans\u0131maya ba\u015flad\u0131. Ortalama y\u00fczde 15 gibi bir gerileme oldu. Bu durum k\u0131\u015fa do\u011fru y\u00fczde 25\u2019leri bulacakt\u0131r. Piyasa istedi\u011fimiz noktaya geldi. Biz bu durumdan memnunuz. En az\u0131ndan ne kazand\u0131\u011f\u0131m\u0131z\u0131 biliyoruz ve satt\u0131\u011f\u0131m\u0131z arac\u0131n yerine ara\u00e7 koyabiliyoruz. Son 1 ayda normalde 55 olmas\u0131 laz\u0131mken \u015fu anda 35\u2019lerde diyebiliriz\u201d dedi.<br \/>\n<\/span><br \/>\n<strong><span style=\"font-family: arial, helvetica, sans-serif; font-size: 14px;\">\u201cYat\u0131r\u0131mc\u0131lar ara\u00e7 almas\u0131n\u201d<\/span><\/strong><br \/>\n<span style=\"font-family: arial, helvetica, sans-serif; font-size: 14px;\">De\u011feri istenen ara\u00e7lar\u0131n sat\u0131lmad\u0131\u011f\u0131n\u0131 s\u00f6yleyen Arde\u015fen, \u201cAvantajl\u0131 olan ara\u00e7lar talep g\u00f6r\u00fcyor diyebiliriz. Eskiden ara\u00e7lar\u0131 sadece yat\u0131r\u0131mc\u0131lar al\u0131yordu \u015fimdi ise kullanmak isteyenler al\u0131yor. \u015eu anda yat\u0131r\u0131mc\u0131lar ara\u00e7 almas\u0131n. \u0130htiyac\u0131 olanlar ara\u00e7 alabilir. Eskiden de b\u00f6yle olsayd\u0131 fiyatlar buralara gelmezdi. Stoklama durumu tamamen bitti. S\u0131f\u0131r bayilerde de ara\u00e7 var, galerilerde de ara\u00e7 var. Piyasa rahatlad\u0131 diyebiliriz\u201d \u015feklinde konu\u015ftu.<\/span><\/p>\n","protected":false},"excerpt":{"rendered":"<p>\u0130kinci el otomobil piyasas\u0131 neredeyse kontak kapatt\u0131. Durgunlu\u011fun etkisiyle piyasada fiyatlar d\u00fc\u015fe\u015fe ge\u00e7ti. Oto galericiler fiyatlardaki gerilemenin y\u00fczde 25\u2019i bulaca\u011f\u0131n\u0131<\/p>\n","protected":false},"author":3,"featured_media":15857,"comment_status":"open","ping_status":"open","sticky":false,"template":"","format":"standard","meta":{"colormag_page_container_layout":"default_layout","colormag_page_sidebar_layout":"default_layout","footnotes":""},"categories":[3,1,5],"tags":[],"class_list":["post-15855","post","type-post","status-publish","format-standard","has-post-thumbnail","hentry","category-ekonomi","category-genel","category-gundem"],"_links":{"self":[{"href":"https:\/\/marmarayerelhizmet.com\/index.php\/wp-json\/wp\/v2\/posts\/15855","targetHints":{"allow":["GET"]}}],"collection":[{"href":"https:\/\/marmarayerelhizmet.com\/index.php\/wp-json\/wp\/v2\/posts"}],"about":[{"href":"https:\/\/marmarayerelhizmet.com\/index.php\/wp-json\/wp\/v2\/types\/post"}],"author":[{"embeddable":true,"href":"https:\/\/marmarayerelhizmet.com\/index.php\/wp-json\/wp\/v2\/users\/3"}],"replies":[{"embeddable":true,"href":"https:\/\/marmarayerelhizmet.com\/index.php\/wp-json\/wp\/v2\/comments?post=15855"}],"version-history":[{"count":0,"href":"https:\/\/marmarayerelhizmet.com\/index.php\/wp-json\/wp\/v2\/posts\/15855\/revisions"}],"wp:featuredmedia":[{"embeddable":true,"href":"https:\/\/marmarayerelhizmet.com\/index.php\/wp-json\/wp\/v2\/media\/15857"}],"wp:attachment":[{"href":"https:\/\/marmarayerelhizmet.com\/index.php\/wp-json\/wp\/v2\/media?parent=15855"}],"wp:term":[{"taxonomy":"category","embeddable":true,"href":"https:\/\/marmarayerelhizmet.com\/index.php\/wp-json\/wp\/v2\/categories?post=15855"},{"taxonomy":"post_tag","embeddable":true,"href":"https:\/\/marmarayerelhizmet.com\/index.php\/wp-json\/wp\/v2\/tags?post=15855"}],"curies":[{"name":"wp","href":"https:\/\/api.w.org\/{rel}","templated":true}]}}