{"id":15851,"date":"2023-09-27T17:47:14","date_gmt":"2023-09-27T14:47:14","guid":{"rendered":"https:\/\/marmarayerelhizmet.com\/?p=15851"},"modified":"2023-09-27T17:47:14","modified_gmt":"2023-09-27T14:47:14","slug":"esenler-film-gunleri-festival-oldu","status":"publish","type":"post","link":"https:\/\/marmarayerelhizmet.com\/index.php\/2023\/09\/27\/esenler-film-gunleri-festival-oldu\/","title":{"rendered":"Esenler Film G\u00fcnleri Festival Oldu"},"content":{"rendered":"<p><strong><span style=\"font-family: arial, helvetica, sans-serif; font-size: 14px;\">Esenler Belediyesi taraf\u0131ndan 3 y\u0131ld\u0131r sineman\u0131n duayen isimlerini ve sinemaseverleri bir araya getiren Esenler Film G\u00fcnleri, festivale d\u00f6n\u00fc\u015f\u00fcyor. Bu y\u0131l 15-19 Aral\u0131k 2023 tarihlerinde merakl\u0131lar\u0131yla bulu\u015facak 4. Esenler Film Festivali kapsam\u0131nda sinema co\u015fkusu Esenler ile s\u0131n\u0131rl\u0131 kalmay\u0131p \u0130stanbul\u2019un d\u00f6rt bir yan\u0131na ula\u015facak.<br \/>\n<\/span><\/strong><br \/>\n<span style=\"font-family: arial, helvetica, sans-serif; font-size: 14px;\">Esenler\u2019in prestijli etkinliklerinden biri olan ve 3 y\u0131ld\u0131r sinemaseverlerle bulu\u015fan Esenler Film G\u00fcnleri, bu y\u0131l festival oluyor. Birbirinden se\u00e7kin filmleri, yurt i\u00e7i ve yurt d\u0131\u015f\u0131ndan \u00f6nemli sinemac\u0131lar\u0131 ve \u00e7ok say\u0131da sinemasal etkinli\u011fi merakl\u0131lar\u0131yla bulu\u015fturan Esenler Belediyesi, sinema co\u015fkusunu \u0130stanbul\u2019un muhtelif noktalar\u0131na ula\u015ft\u0131racak. Bu y\u0131l yoluna Esenler Film Festivali olarak devam edecek etkinlikte, g\u00f6sterimi yap\u0131lacak uzun ve k\u0131sa metraj filmlerin say\u0131s\u0131 artarken T\u00fcrk ve d\u00fcnya sinemas\u0131ndan se\u00e7kin filmler \u00e7e\u015fitli ba\u015fl\u0131klarla seyirciyle bulu\u015facak. \u00c7ok say\u0131da s\u00f6yle\u015fi, panel, konser, e\u011fitim ve \u00f6zel etkinlikle binlerce sinemaseveri bu heyecana ortak edecek olan 4. Esenler Film Festivali, bu y\u0131l s\u00fcrpriz etkinlik ve ba\u015fl\u0131klarla i\u00e7eri\u011fini zenginle\u015ftirecek. Her ya\u015ftan sinemaseverlerin b\u00fcy\u00fck ilgi g\u00f6sterdi\u011fi festivalde yurt i\u00e7i ve yurt d\u0131\u015f\u0131ndan kat\u0131lacak konuklar bilgi ve tecr\u00fcbelerini sinemaseverlerle payla\u015facak.<\/span><\/p>\n<p><strong><span style=\"font-family: arial, helvetica, sans-serif; font-size: 14px;\">Daha fazla film daha fazla mekan<\/span><\/strong><br \/>\n<span style=\"font-family: arial, helvetica, sans-serif; font-size: 14px;\">Bu y\u0131l yoluna Esenler Film Festivali olarak devam edecek etkinlikte, g\u00f6sterimi yap\u0131lacak uzun ve k\u0131sa metraj filmlerin say\u0131s\u0131 artacak. T\u00fcrk ve d\u00fcnya sinemas\u0131ndan se\u00e7kin filmler \u00e7e\u015fitli ba\u015fl\u0131klarla seyirciyle bulu\u015furken g\u00f6sterim sonras\u0131 d\u00fczenlenecek ekip s\u00f6yle\u015filerinde de film ekipleri duygu ve d\u00fc\u015f\u00fcncelerini seyirciyle payla\u015facak. Daha fazla film ve etkinlikle yoluna devam edecek 4. Esenler Film Festivali, Esenler Kadir Topba\u015f K\u00fclt\u00fcr Merkezi\u2019nin yan\u0131 s\u0131ra bu y\u0131l AKM Ye\u015fil\u00e7am Sinemas\u0131, Atlas Sinemas\u0131 ve Esenler Belediyesi taraf\u0131ndan Ad\u0131yaman G\u00f6lba\u015f\u0131\u2019nda kurulan konteyner kent ve di\u011fer baz\u0131 mekanlarda film g\u00f6sterimleri ve etkinliklerle sinemaseverlerle bulu\u015facak.<\/span><\/p>\n<p><strong><span style=\"font-family: arial, helvetica, sans-serif; font-size: 14px;\">\u2018Onur \u00d6d\u00fclleri\u2019 s\u00fcrpriz isimlerin olacak<\/span><\/strong><br \/>\n<span style=\"font-family: arial, helvetica, sans-serif; font-size: 14px;\">\u201cK\u0131sa Film Yar\u0131\u015fmas\u0131\u201d ve \u201cK\u0131sa Film Yap\u0131m Destek \u201d ile k\u0131sa filmcileri y\u00fcreklendiren Esenler Film Festivali, bu misyonunu bu y\u0131l da s\u00fcrd\u00fcrecek. \u0130lk y\u0131ldan bu yana k\u0131sa filmcilerin yo\u011fun ilgi g\u00f6sterdi\u011fi K\u0131sa Film Yar\u0131\u015fmas\u0131 kapsam\u0131nda bu y\u0131l da K\u0131sa Film Yap\u0131m Deste\u011fi artarak devam edecek. \u00c7ok say\u0131da \u00f6d\u00fcll\u00fc y\u00f6netmenin yeni projeleriyle kat\u0131ld\u0131klar\u0131 destek \u00f6d\u00fcllerinde heyecan bu y\u0131l da festivale ayr\u0131 bir co\u015fku katacak. Bu y\u0131l\u0131n \u2018Onur \u00d6d\u00fclleri\u2019 yine s\u00fcrpriz isimlerin olacak.<\/span><\/p>\n","protected":false},"excerpt":{"rendered":"<p>Esenler Belediyesi taraf\u0131ndan 3 y\u0131ld\u0131r sineman\u0131n duayen isimlerini ve sinemaseverleri bir araya getiren Esenler Film G\u00fcnleri, festivale d\u00f6n\u00fc\u015f\u00fcyor. Bu y\u0131l<\/p>\n","protected":false},"author":3,"featured_media":15853,"comment_status":"open","ping_status":"open","sticky":false,"template":"","format":"standard","meta":{"colormag_page_container_layout":"default_layout","colormag_page_sidebar_layout":"default_layout","footnotes":""},"categories":[1,5,6,8],"tags":[],"class_list":["post-15851","post","type-post","status-publish","format-standard","has-post-thumbnail","hentry","category-genel","category-gundem","category-kultur-sanat","category-siyaset"],"_links":{"self":[{"href":"https:\/\/marmarayerelhizmet.com\/index.php\/wp-json\/wp\/v2\/posts\/15851","targetHints":{"allow":["GET"]}}],"collection":[{"href":"https:\/\/marmarayerelhizmet.com\/index.php\/wp-json\/wp\/v2\/posts"}],"about":[{"href":"https:\/\/marmarayerelhizmet.com\/index.php\/wp-json\/wp\/v2\/types\/post"}],"author":[{"embeddable":true,"href":"https:\/\/marmarayerelhizmet.com\/index.php\/wp-json\/wp\/v2\/users\/3"}],"replies":[{"embeddable":true,"href":"https:\/\/marmarayerelhizmet.com\/index.php\/wp-json\/wp\/v2\/comments?post=15851"}],"version-history":[{"count":0,"href":"https:\/\/marmarayerelhizmet.com\/index.php\/wp-json\/wp\/v2\/posts\/15851\/revisions"}],"wp:featuredmedia":[{"embeddable":true,"href":"https:\/\/marmarayerelhizmet.com\/index.php\/wp-json\/wp\/v2\/media\/15853"}],"wp:attachment":[{"href":"https:\/\/marmarayerelhizmet.com\/index.php\/wp-json\/wp\/v2\/media?parent=15851"}],"wp:term":[{"taxonomy":"category","embeddable":true,"href":"https:\/\/marmarayerelhizmet.com\/index.php\/wp-json\/wp\/v2\/categories?post=15851"},{"taxonomy":"post_tag","embeddable":true,"href":"https:\/\/marmarayerelhizmet.com\/index.php\/wp-json\/wp\/v2\/tags?post=15851"}],"curies":[{"name":"wp","href":"https:\/\/api.w.org\/{rel}","templated":true}]}}