{"id":15827,"date":"2023-09-27T01:27:00","date_gmt":"2023-09-26T22:27:00","guid":{"rendered":"https:\/\/marmarayerelhizmet.com\/?p=15827"},"modified":"2023-09-27T01:27:00","modified_gmt":"2023-09-26T22:27:00","slug":"faizsiz-kredi-imkani-sunacagiz","status":"publish","type":"post","link":"https:\/\/marmarayerelhizmet.com\/index.php\/2023\/09\/27\/faizsiz-kredi-imkani-sunacagiz\/","title":{"rendered":"&#8216;Faizsiz Kredi \u0130mkan\u0131 Sunaca\u011f\u0131z&#8217;"},"content":{"rendered":"<p><strong><span style=\"font-family: arial, helvetica, sans-serif; font-size: 14px;\">Cumhurba\u015fkan\u0131 Recep Tayyip Erdo\u011fan, \u201cYeni evlenen \u00e7iftlere, Aile ve Gen\u00e7lik Bankas\u0131\u2019ndan kar\u015f\u0131lanmak \u00fczere faizsiz kredi imkan\u0131 sunaca\u011f\u0131z. Aile ve Gen\u00e7lik Bankas\u0131 gelirleri tesis edilene kadar bu uygulamay\u0131 pilot proje olarak deprem b\u00f6lgesinde ba\u015flataca\u011f\u0131z.\u201d dedi.<\/span><\/strong><\/p>\n<p><span style=\"font-family: arial, helvetica, sans-serif; font-size: 14px;\">Cumhurba\u015fkan\u0131 Recep Tayyip Erdo\u011fan, Be\u015ftepe\u2019de Kabine Toplant\u0131s\u0131 Sonras\u0131 Millete Sesleni\u015f konu\u015fmas\u0131n\u0131 ger\u00e7ekle\u015ftirdi. Erdo\u011fan, \u201dT\u00fcrk demokrasisinin g\u00fcc\u00fcn\u00fc ve milletimizin iradesine sahip \u00e7\u0131kma azmini g\u00f6steren son se\u00e7imlerle birlikte, T\u00fcrkiye\u2019ye y\u00f6nelik ilgi t\u00fcm d\u00fcnyada artm\u0131\u015f durumdad\u0131r. Bu hakikati BM 78. Genel Kurulu\u2019na kat\u0131lmak \u00fczere New York\u2019a gitti\u011fimiz ziyarette bir kez daha m\u00fc\u015fahede ettik. BM\u2019nin tam kar\u015f\u0131s\u0131nda yer alan T\u00fcrkevi&#8217;miz, bu sene de diplomasinin en \u00f6nemli merkezlerinden biriydi. Cezayir, Polonya, G\u00fcney Afrika Cumhurba\u015fkanlar\u0131 ile G\u00fcrcistan, \u0130talya, Yunanistan, \u0130srail, Malezya Ba\u015fbakanlar\u0131 ve NATO Genel Sekreterinin de aralar\u0131nda oldu\u011fu pek \u00e7ok liderle g\u00f6r\u00fc\u015fmeler ger\u00e7ekle\u015ftirdik. Vatanda\u015fl\u0131\u011f\u0131m\u0131za kabul etti\u011fimiz Ah\u0131ska T\u00fcrk\u00fc karde\u015flerimize kimliklerini takdim ettik\u201d de\u011ferlendirmesinde bulundu.<\/span><\/p>\n<p><span style=\"font-family: arial, helvetica, sans-serif; font-size: 14px;\">&#8220;B\u00fcy\u00fcyen, g\u00fc\u00e7lenen, d\u00fcnyada a\u011f\u0131rl\u0131\u011f\u0131 ve itibar\u0131 artan T\u00fcrkiye\u201d<\/span><br \/>\n<span style=\"font-family: arial, helvetica, sans-serif; font-size: 14px;\">T\u00fcrk-Amerikan Ulusal Y\u00f6nlendirme Komitesinin toplant\u0131s\u0131nda bu \u00fclkede ya\u015fayan vatanda\u015flarla hasret giderdiklerini ifade eden Erdo\u011fan, \u201dT\u00fcrk-Amerikan \u0130\u015f Konseyinin 13. T\u00fcrkiye Yat\u0131r\u0131m Konferans\u0131nda Amerikan i\u015f d\u00fcnyas\u0131yla bir araya geldik. Space X ve Tesla \u015eirketlerinin kurucusu Elon Musk\u2019\u0131 kabul\u00fcm\u00fczde kendisini \u00fclkemize yat\u0131r\u0131m yapmaya davet ettim. \u2018D\u00fcnya be\u015ften b\u00fcy\u00fckt\u00fcr\u2019 tespitimize hak ve destek verenlerin say\u0131s\u0131 g\u00fcnden g\u00fcne art\u0131yor. BM Genel Sekreteri Say\u0131n Guterres de \u00fclkemizin tezlerine benzer ifadelerle reform \u00e7a\u011fr\u0131s\u0131nda bulundu. Genel Kurula hitab\u0131m\u0131zda k\u00fcresel meselelere dair ufuk turu yapt\u0131k. Hem \u0130slam d\u00fc\u015fmanl\u0131\u011f\u0131yla m\u00fccadelenin ehemmiyetine dikkat \u00e7ektik hem de k\u00fcresel lobilerin hedefindeki aile kurumuna sahip \u00e7\u0131k\u0131lmas\u0131 gerekti\u011fini ifade ettik. T\u00fcrk ve \u0130slam d\u00fcnyas\u0131yla i\u015fbirli\u011fimizi geli\u015ftirme irademizi teyit ettik. Karaba\u011f\u2019\u0131n Azerbaycan topra\u011f\u0131 oldu\u011funu bir kez daha hayk\u0131rd\u0131k. Daha adil bir d\u00fcnyan\u0131n m\u00fcmk\u00fcn oldu\u011funu t\u00fcm samimiyetimizle dile getirdik\u201d dedi.<\/span><\/p>\n<p><span style=\"font-family: arial, helvetica, sans-serif; font-size: 14px;\">Herkesi iyi niyet beyan\u0131na davet eden Cumhurba\u015fkan\u0131 Erdo\u011fan, \u201dE\u015fim Emine Erdo\u011fan\u2019\u0131n himayesinde d\u00fcnya \u00e7ap\u0131nda bir harekete d\u00f6n\u00fc\u015fen K\u00fcresel S\u0131f\u0131r At\u0131k iyi niyet beyan\u0131na imza att\u0131k. Herkesi bu iyi niyet beyan\u0131n\u0131 imzalayarak destek olmaya davet ediyoruz. T\u00fcm bu temaslar\u0131m\u0131zda b\u00fcy\u00fcyen, g\u00fc\u00e7lenen, d\u00fcnyada a\u011f\u0131rl\u0131\u011f\u0131 ve itibar\u0131 artan T\u00fcrkiye ger\u00e7e\u011fine bir kez daha \u015fahit olman\u0131n bahtiyarl\u0131\u011f\u0131n\u0131 ya\u015fad\u0131k\u201d a\u00e7\u0131klamas\u0131n\u0131 yapt\u0131.<\/span><\/p>\n<p><strong><span style=\"font-family: arial, helvetica, sans-serif; font-size: 14px;\">\u201cKanun teklifini Meclisimizin takdirine sunaca\u011f\u0131z\u201d<\/span><\/strong><br \/>\n<span style=\"font-family: arial, helvetica, sans-serif; font-size: 14px;\">\u201cT\u00fcrkiye olarak toplumun ve insanl\u0131\u011f\u0131n temeli olan aile m\u00fcessesesinin korunmas\u0131 \u00e7abalar\u0131na da bayraktarl\u0131k yapmakta kararl\u0131y\u0131z\u201d diyen Cumhurba\u015fkan\u0131 Erdo\u011fan, \u201dBu y\u00f6nde ilk ad\u0131m\u0131m\u0131z\u0131 BM k\u00fcrs\u00fcs\u00fcnden verdi\u011fimiz net mesajlarla atm\u0131\u015f bulunuyoruz. Se\u00e7im d\u00f6neminde milletimize verdi\u011fimiz s\u00f6zlerden biri de Aile ve Gen\u00e7lik Bankas\u0131n\u0131n kurulmas\u0131yd\u0131. Evlenecek gen\u00e7lerin ekonomik a\u00e7\u0131dan desteklenmesini, evliliklerinin daha sa\u011flam temeller \u00fczerine in\u015fa edilmesini ama\u00e7layan projemizle ilgili \u00e7al\u0131\u015fmalar\u0131m\u0131z\u0131 tamamlad\u0131k. \u00d6n\u00fcm\u00fczdeki g\u00fcnlerde Cumhur \u0130ttifak\u0131&#8217;ndaki ortaklar\u0131m\u0131zla Aile ve Gen\u00e7lik Bankas\u0131\u2019na dair kanun teklifini Meclisimizin takdirine sunaca\u011f\u0131z. Bankaya gelir tesis etmek amac\u0131yla do\u011fal gaz, petrol, madenlerden elde edilen devlet gelirlerinin belli bir k\u0131sm\u0131n\u0131 buraya aktaraca\u011f\u0131z. Banka gelirleri tesis edilene kadar \u00f6ncelikle aile ve gen\u00e7lere y\u00f6nelik pilot projeleri hayata ge\u00e7irecek sonras\u0131nda bu projeleri yayg\u0131nla\u015ft\u0131raca\u011f\u0131z. Yeni evlenen \u00e7iftlere, Aile ve Gen\u00e7lik Bankas\u0131\u2019ndan kar\u015f\u0131lanmak \u00fczere faizsiz kredi imkan\u0131 sunaca\u011f\u0131z. Aile ve Gen\u00e7lik Bankas\u0131 gelirleri tesis edilene kadar bu uygulamay\u0131 pilot proje olarak deprem b\u00f6lgesinde ba\u015flataca\u011f\u0131z. Gen\u00e7 depremzedelerimizin yuva kurmas\u0131na yard\u0131mc\u0131 olarak bu \u00f6nemli projemizin de hay\u0131rl\u0131 olmas\u0131n\u0131 diliyorum\u201d dedi.<\/span><\/p>\n<p><span style=\"font-family: arial, helvetica, sans-serif; font-size: 14px;\">Ermenistan\u2019\u0131n k\u0131\u015fk\u0131rtmalara prim vermemesini beklediklerini aktaran Cumhurba\u015fkan\u0131 Erdo\u011fan, \u201dEnerji, ula\u015f\u0131m, konut alanlar\u0131nda imzalad\u0131\u011f\u0131m\u0131z 3 yeni anla\u015fma ile Azerbaycan\u2019la i\u015fbirli\u011fimizi g\u00fc\u00e7lendirdik. Nah\u00e7\u0131van ziyaretimiz ayn\u0131 zamanda \u00f6nemli mesajlar da i\u00e7eriyor. Karaba\u011f\u2019daki ter\u00f6r unsurlar\u0131na y\u00f6nelik Azerbaycan ordusu taraf\u0131ndan ger\u00e7ekle\u015ftirilen operasyonun ba\u015far\u0131s\u0131ndan hepimiz gurur duyuyoruz. Tam 30 y\u0131l boyunca ya\u015fad\u0131klar\u0131 onca ac\u0131ya, zulme ve katliama ra\u011fmen Azerbaycanl\u0131 karde\u015flerimizin Karaba\u011f\u2019daki Ermenilere y\u00f6nelik sergiledi\u011fi insani tav\u0131r her t\u00fcrl\u00fc takdirin \u00fczerindedir. Operasyon s\u0131ras\u0131nda sivillerin zarar g\u00f6rmemesi i\u00e7in gereken t\u00fcm \u00f6nlemler al\u0131nm\u0131\u015ft\u0131r. \u0130nsani yard\u0131mlar\u0131n ula\u015ft\u0131r\u0131lmas\u0131nda da Azerbaycan makamlar\u0131 ola\u011fan\u00fcst\u00fc \u00e7aba g\u00f6stermi\u015ftir. Y\u0131llard\u0131r b\u00f6lgedeki \u00e7\u00f6z\u00fcms\u00fczl\u00fckten beslenen kimi devletlerin iddialar\u0131n\u0131n tamam\u0131 safsatadan ve iftiradan ibarettir. Ermenistan\u2019\u0131n da d\u0131\u015far\u0131dan ve diasporadan gelen bu t\u00fcr k\u0131\u015fk\u0131rtmalara prim vermemesini bekliyoruz. Ermeni halk\u0131n\u0131n refah\u0131, huzuru, esenli\u011fi kom\u015fular\u0131yla kavgadan de\u011fil, bar\u0131\u015ftan ve i\u015fbirli\u011finden ge\u00e7mektedir.\u201d diye konu\u015ftu.<\/span><\/p>\n<p><span style=\"font-family: arial, helvetica, sans-serif; font-size: 14px;\">T\u00fcrkiye\u2019nin, b\u00f6lgenin kal\u0131c\u0131 bar\u0131\u015fa kavu\u015fmas\u0131 i\u00e7in \u00fczerine d\u00fc\u015feni yapmaktan \u00e7ekinmedi\u011fini, bundan sonra da \u00e7ekinmeyece\u011fini vurgulayan Erdo\u011fan, \u201d\u0130n\u015fallah Zengezur koridorunu da en k\u0131sa s\u00fcrede hayata ge\u00e7irerek dost ve karde\u015f Azerbaycan ile karayolu ve demiryolu irtibat\u0131m\u0131z\u0131 Nah\u00e7\u0131van \u00fczerinden kesintisiz hale getirece\u011fiz. Kom\u015fumuz \u0130ran\u2019\u0131n da dahil olaca\u011f\u0131 ortak projelerle b\u00f6lgemizi in\u015fallah bir bar\u0131\u015f ve refah havzas\u0131na \u00e7evirmeyi istiyoruz. Kimseyi d\u0131\u015flamadan ve d\u0131\u015far\u0131da b\u0131rakmadan bu s\u00fcreci y\u00f6netece\u011fiz. Ula\u015ft\u0131rma Bakan\u0131m\u0131z gerek Zengezur koridoru, gerekse Irak ve k\u00f6rfez \u00fclkeleriyle birlikte hayata ge\u00e7irece\u011fimiz Kalk\u0131nma Yolu ve gerekse \u00fclkemizin di\u011fer kritik ula\u015ft\u0131rma projeleriyle ilgili kapsaml\u0131 bir sunum yapt\u0131. Muhalefetin engelleme \u00e7abalar\u0131na ra\u011fmen son 21 y\u0131lda \u00fclkemize kazand\u0131rd\u0131\u011f\u0131m\u0131z devasa ula\u015ft\u0131rma yat\u0131r\u0131mlar\u0131na yenilerini ekleyece\u011fiz\u201d de\u011ferlendirmesini yapt\u0131.<\/span><\/p>\n<p><span style=\"font-family: arial, helvetica, sans-serif; font-size: 14px;\">S\u00fcrd\u00fcr\u00fclebilir kalk\u0131nman\u0131n, h\u00fck\u00fcmete geldiklerinden beri t\u00fcm programlar\u0131n esas\u0131n\u0131 olu\u015fturdu\u011funun alt\u0131n\u0131 \u00e7izen Cumhurba\u015fkan\u0131 Erdo\u011fan, \u015funlar\u0131 s\u00f6yledi:<\/span><br \/>\n<span style=\"font-family: arial, helvetica, sans-serif; font-size: 14px;\">\u201cBu yakla\u015f\u0131mla tesis etti\u011fimiz g\u00fcven ve istikrar ikliminde \u00fclkemizin as\u0131rl\u0131k demokrasi ve kalk\u0131nma eksiklerini gidermekle kalmad\u0131k, T\u00fcrkiye Y\u00fczy\u0131l\u0131n\u0131n ufkunu da ayd\u0131nlatmay\u0131 ba\u015fard\u0131k. Tabi uzun, me\u015fakkatli, kimi zaman ini\u015fleri-\u00e7\u0131k\u0131\u015flar\u0131 olan, hep kazand\u0131ran ama kimi zaman fedakarl\u0131kta gerektiren bir yoldur. D\u00fcnya \u00e7o\u011fu da yak\u0131n \u00e7evremizde ya\u015fanan siyasi, ekonomik, sosyal, askeri krizlerle bo\u011fu\u015ftu\u011fu bir d\u00f6nemden ge\u00e7iyor. T\u00fcrkiye\u2019nin b\u00f6yle bir zeminde asli hedeflerinden kopmadan, kalk\u0131nmas\u0131n\u0131 s\u00fcrd\u00fcrmesi \u00f6nemli bir ba\u015far\u0131d\u0131r. Esasen biz 21 y\u0131ld\u0131r yapt\u0131\u011f\u0131m\u0131z her i\u015fi, att\u0131\u011f\u0131m\u0131z her ad\u0131m\u0131, elde etti\u011fimiz her neticeyi kar\u015f\u0131la\u015ft\u0131\u011f\u0131m\u0131z b\u00fcy\u00fck zorluklara ra\u011fmen, verdi\u011fimiz tarihi m\u00fccadeleler sayesinde ger\u00e7ekle\u015ftirmi\u015f bir h\u00fck\u00fcmetiz. Vesayetle m\u00fccadele ettik, \u00fcniformal\u0131, c\u00fcbbeli, klavyeli cuntac\u0131lar\u0131n her t\u00fcrden mandac\u0131lar\u0131n oyunlar\u0131n\u0131 bozduk, vekalet sava\u015f\u0131 y\u00fcr\u00fcten ter\u00f6r \u00f6rg\u00fctleriyle m\u00fccadele ettik. Adeta s\u0131n\u0131rlar\u0131m\u0131z i\u00e7inde ve \u00f6tesinde istiklalimizi tekrar kazand\u0131k. K\u00fcresel ticaret \u00e7eki\u015fmelerinin ortas\u0131nda kald\u0131k. \u00dcretimimizi ve ihracat\u0131m\u0131z\u0131 rekor seviyelerde b\u00fcy\u00fcterek rekabet g\u00fcc\u00fcm\u00fcz\u00fc art\u0131rd\u0131k. Enerjide, do\u011falgazdan petrole, yenilenebilir kaynaklardan batarya teknolojilerine kadar her konuda kendimize yeni pencereler a\u00e7t\u0131k. D\u00fcnyay\u0131 esir eden salg\u0131n hastal\u0131klara kar\u015f\u0131 sa\u011fl\u0131k hizmetlerinden sosyal desteklere kadar her konuda \u00f6rnek bir koruma kalkan\u0131 olu\u015fturduk.\u201d<\/span><\/p>\n<p><strong><span style=\"font-family: arial, helvetica, sans-serif; font-size: 14px;\">\u201cT\u00fcrkiye\u2019siz hi\u00e7bir proje ba\u015far\u0131l\u0131 olmayacakt\u0131r\u201d<\/span><\/strong><br \/>\n<span style=\"font-family: arial, helvetica, sans-serif; font-size: 14px;\">T\u00fcrkiye\u2019nin geli\u015fmi\u015f \u00fclkelerin m\u00fcsebbibi oldu\u011fu iklim kriziyle m\u00fccadelede insanl\u0131\u011fa kar\u015f\u0131 y\u00fck\u00fcml\u00fcl\u00fcklerini \u00fcstlenmekten asla \u00e7ekinmedi\u011fini, geri durmad\u0131\u011f\u0131n\u0131 ifade eden Cumhurba\u015fkan\u0131 Erdo\u011fan, \u201dSavunma sanayinde sadece kendi ihtiya\u00e7lar\u0131m\u0131z\u0131 kar\u015f\u0131lamakla kalmad\u0131k, d\u00fcnyan\u0131n \u00f6nde gelen teknoloji geli\u015ftiricilerinden biri haline geldik. \u015eimdi yeni s\u0131namalarla kar\u015f\u0131 kar\u015f\u0131yay\u0131z. T\u00fcrkiye\u2019nin kurdu\u011fu g\u00fc\u00e7l\u00fc alt yap\u0131 \u00fczerinde y\u00fckselen bir \u00fclke olarak her co\u011frafyada ve her platformda k\u00fcresel stat\u00fckoyla kar\u015f\u0131 kar\u015f\u0131ya kalmas\u0131 gayet tabi bir durumdur. D\u00fcnya 5\u2019ten b\u00fcy\u00fckt\u00fcr, diyerek 1\u2019inci ve 2\u2019nci D\u00fcnya Sava\u015f\u0131 sonras\u0131 kurulmu\u015f k\u00fcresel y\u00f6netim ve g\u00fcvenlik mimarisine meydan okuyan bir \u00fclkeye t\u00fcm kap\u0131lar\u0131n ard\u0131na kadar a\u00e7\u0131lmas\u0131 elbette beklenemez. Ancak ister m\u00fcttefikimiz, ister rakibimiz olsun t\u00fcm \u00fclkelerin kabul etti\u011fi bir ger\u00e7ek var ki; kimsenin bundan kurtulu\u015fu yoktur. Bu ger\u00e7ek uzak yak\u0131n t\u00fcm co\u011frafyam\u0131zda T\u00fcrkiye\u2019siz hi\u00e7bir projenin hayata ge\u00e7irilemeyece\u011fi, denense bile ba\u015far\u0131l\u0131 olamayaca\u011f\u0131d\u0131r. Biz bunun say\u0131s\u0131z \u00f6rne\u011fini, say\u0131s\u0131z te\u015febb\u00fcs\u00fcn\u00fc, say\u0131s\u0131z niyetini g\u00f6rd\u00fck, ya\u015fad\u0131k. Sonu\u00e7ta bu denemeleri yapanlar\u0131n hepsi g\u00fcn\u00fcn sonunda gelip T\u00fcrkiye\u2019nin ortakl\u0131\u011f\u0131na, m\u00fcttefikli\u011fine, deste\u011fine talip olmak mecburiyetinde kald\u0131\u201d dedi.<\/span><\/p>\n<p><span style=\"font-family: arial, helvetica, sans-serif; font-size: 14px;\">T\u00fcrkiye\u2019yi oyun d\u0131\u015f\u0131na itme gayretinin ba\u015far\u0131s\u0131zl\u0131\u011fa mahkum oldu\u011funu s\u00f6yleyen Erdo\u011fan, \u201dT\u00fcm bu hakikatlere ra\u011fmen hala ham hayal pe\u015finde ko\u015fanlar yok mu? Elbette var. Ama hi\u00e7 \u015f\u00fcpheniz bulunmas\u0131n ki olmazlar\u0131n hepsi denendikten sonra onlar da gelip T\u00fcrkiye\u2019nin kap\u0131s\u0131n\u0131 \u00e7alacaklard\u0131r. \u00c7\u00fcnk\u00fc bizimle bizi rakip g\u00f6renler aras\u0131ndaki fark \u015fudur; biz gitti\u011fimiz her yerde medeniyetimizin miras\u0131 ecdad\u0131n emaneti olan insani de\u011ferlerimizle birlikte kazanma anlay\u0131\u015f\u0131m\u0131zla masaya oturuyoruz. Fark\u0131m\u0131z budur. Bizi rakip g\u00f6renler ise kimi s\u00f6m\u00fcrge ge\u00e7mi\u015finin al\u0131\u015fkanl\u0131\u011f\u0131 ile kimi g\u00f6z\u00fcn\u00fc b\u00fcr\u00fcyen s\u0131n\u0131rs\u0131z kazan\u00e7 h\u0131rs\u0131yla tek tarafl\u0131 dayatmalarla ayn\u0131 masan\u0131n \u00fczerine \u00e7\u0131kmaya, masan\u0131n \u00fczerinde tepinmeye \u00e7al\u0131\u015f\u0131yorlar. 6\u2019l\u0131 masa 16\u2019l\u0131 masa da oldu\u011fu gibi. Ne oldu? Tepindiler tepindiler hepsi ortadan yok oldu. Dolay\u0131s\u0131yla T\u00fcrkiye\u2019yi saf d\u0131\u015f\u0131, b\u0131rakma denklemden \u00e7\u0131karma, oyun d\u0131\u015f\u0131na itme gayretleri hep ba\u015far\u0131s\u0131zl\u0131\u011fa mahkum kal\u0131yor. Co\u011frafya kaderdir s\u00f6z\u00fc sadece bizi ba\u011flam\u0131yor. \u00c7\u00fcnk\u00fc T\u00fcrkiye\u2019nin bulundu\u011fu co\u011frafya bizimle beraber t\u00fcm b\u00f6lgenin ve d\u00fcnyan\u0131n kaderidir. Kim hangi oyunu kurarsa kursun, biz Rabbimizin takdirine boyun e\u011fmi\u015f bir millet olarak oyunlar\u0131 boza boza yolumuza devam ediyoruz, edece\u011fiz. T\u00fcrkiye ile dost olan kazan\u0131r, husumet besleyen kaybeder. Biz dostlar\u0131m\u0131z\u0131n say\u0131s\u0131n\u0131 \u00e7o\u011faltman\u0131n yoluna bak\u0131yoruz. Bunun i\u00e7inde yak\u0131n \u00e7evremizden ba\u015flayarak t\u00fcm d\u00fcnyadan bar\u0131\u015f\u0131, diyalogu birlikte kazanmay\u0131, hakkaniyeti, adaleti, ahlak\u0131, insan\u0131 esas alan bir siyaset y\u00fcr\u00fct\u00fcyoruz. Her ne kadar bu y\u00fczden kimi zaman bedel \u00f6demek mecburiyetinde kalsak da orta ve uzun vadede kazanan hep T\u00fcrkiye olmu\u015ftur, T\u00fcrkiye olmaya devam edecektir. Yeter ki biz millet ve devlet olarak tarihimize, k\u00fclt\u00fcr\u00fcm\u00fcze, de\u011ferlerimize uygun duru\u015f sergilemeyi s\u00fcrd\u00fcrelim\u201d \u015feklinde konu\u015ftu.<\/span><\/p>\n<p><span style=\"font-family: arial, helvetica, sans-serif; font-size: 14px;\">\u201cSon d\u00f6nemde gen\u00e7ler ba\u015fta olmak \u00fczere milli birli\u011fi ve manevi de\u011ferleri hedef alan sinsi kampanyalar\u0131n bu g\u00fc\u00e7l\u00fc kaleyi y\u0131kmak oldu\u011fu \u00e7ok a\u00e7\u0131kt\u0131r.\u201d diyen Erdo\u011fan, \u201dAllah\u2019\u0131n izniyle nice badireyi suhuletle atlatt\u0131\u011f\u0131m\u0131z gibi kirli ve sinsi sald\u0131r\u0131y\u0131 da bo\u015fa \u00e7\u0131kartaca\u011f\u0131z. \u00dclkemize ve milletimize kar\u015f\u0131 boynumuzun borcu olan bu m\u00fccadeleyi daha etkin bir \u015fekilde s\u00fcrd\u00fcrmek i\u00e7in hem milletimize hem de yasama yarg\u0131 organlar\u0131ndan daha fazla destek bekliyoruz. Cumhur \u0130ttifak\u0131 olarak bu konudaki kararl\u0131\u011f\u0131m\u0131z tamd\u0131r\u201d ifadelerini kulland\u0131.<\/span><\/p>\n<p><strong><span style=\"font-family: arial, helvetica, sans-serif; font-size: 14px;\">\u201cF\u0131rsat\u00e7\u0131lara g\u00f6z a\u00e7t\u0131rm\u0131yoruz\u201d<\/span><\/strong><br \/>\n<span style=\"font-family: arial, helvetica, sans-serif; font-size: 14px;\">Ter\u00f6r \u00f6rg\u00fctlerine kar\u015f\u0131 m\u00fccadelenin ba\u015far\u0131 ile devam etti\u011fine dikkat \u00e7eken Erdo\u011fan, \u201dSon ter\u00f6ristler \u00fclkemiz i\u00e7in tehdit kayna\u011f\u0131 olmaktan \u00e7\u0131kar\u0131lana dek, bu m\u00fccadeleyi i\u00e7erde ve d\u0131\u015far\u0131da azimle s\u00fcrd\u00fcrece\u011fiz. Son d\u00f6nemde artan hayat pahal\u0131l\u0131\u011f\u0131 ortadan \u00e7\u0131kar\u0131ld\u0131\u011f\u0131 g\u0131dadan kiraya kadar insan\u0131m\u0131z\u0131n g\u00fcnl\u00fck hayat\u0131ndan ortadan \u00e7\u0131kaca\u011f\u0131 ortada. Bu dengesizleri gidermek de bizim di\u011fer \u00f6ncelimizdir. Bunun i\u00e7in sab\u0131rl\u0131 ve kararl\u0131 bir m\u00fccadele y\u00fcr\u00fct\u00fcyoruz. Vatanda\u015f\u0131m\u0131z\u0131n lokmas\u0131na kast eden f\u0131rsat\u00e7\u0131lara g\u00f6z a\u00e7t\u0131rm\u0131yoruz. 6 ay 6 bin kilometre s\u0131n\u0131r\u0131na ilan sitelerine getirdi\u011fimiz k\u0131s\u0131tlamalara liste fiyat\u0131ndan daha fazla para talep eden bayilere y\u00f6nelik denetimlere kadar att\u0131\u011f\u0131m\u0131z \u00e7e\u015fitli ad\u0131mlarla otomobil piyasas\u0131ndaki balonu s\u00f6nd\u00fcrd\u00fck. \u0130lan sitelerini 1 Kas\u0131m itibariyle sahte ve aldat\u0131c\u0131 emlak ve otomobil ilanlar\u0131ndan dolay\u0131 mesul tutuyoruz. Yan\u0131lt\u0131c\u0131 ilan verilmesi veya bu konuda zafiyet g\u00f6sterilmesi halinde 100 bin liraya kadar idari para cezas\u0131 uygulayaca\u011f\u0131z\u201d dedi.<\/span><\/p>\n<p><strong><span style=\"font-family: arial, helvetica, sans-serif; font-size: 14px;\">&#8220;Kararl\u0131l\u0131kla \u00fczerine gidece\u011fiz&#8221;<\/span><\/strong><br \/>\n<span style=\"font-family: arial, helvetica, sans-serif; font-size: 14px;\">Deprem b\u00f6lgesinde \u00f6zellikle in\u015faat malzemelerinin temini ve fiyat\u0131 ile ilgili benzer tamahkarl\u0131klar\u0131n ya\u015fand\u0131\u011f\u0131n\u0131 g\u00f6rd\u00fcklerini bildiren Erdo\u011fan, \u201d6 \u015eubat&#8217;ta evini ve yak\u0131n\u0131n\u0131 kaybetmi\u015f depremzedelerimizi ma\u011fduriyeti f\u0131rsata \u00e7evirmeye \u00e7al\u0131\u015fan a\u00e7 g\u00f6zl\u00fclerin insaf\u0131na kesinlikle b\u0131rakmayaca\u011f\u0131z. Gereken her t\u00fcrl\u00fc hukuki, idari ve yasal tedbiri alarak bu f\u0131rsat\u00e7\u0131lar\u0131n da \u00fczerine kararl\u0131l\u0131kla gidece\u011fiz.\u201d diye konu\u015ftu.<\/span><\/p>\n<p><span style=\"font-family: arial, helvetica, sans-serif; font-size: 14px;\">Erdo\u011fan, \u015funlar\u0131 kaydetti:<\/span><br \/>\n<span style=\"font-family: arial, helvetica, sans-serif; font-size: 14px;\">\u201cB\u00fcy\u00fck ve g\u00fc\u00e7l\u00fc T\u00fcrkiye i\u00e7in verdi\u011fimiz bu m\u00fccadeleyi devleti milletiyle \u00f6zel sekt\u00f6r\u00fcyle, esnaf\u0131yla, \u00fcreticisiyle t\u00fcketicisiyle her kesimden insan\u0131 ile birlikte g\u00f6sterece\u011fimiz ferasetle ba\u015far\u0131ya ula\u015ft\u0131raca\u011f\u0131z. G\u00fcn\u00fcbirlik kazan\u00e7 u\u011fruna kendisinin, evlatlar\u0131n\u0131n, \u00fclkesinin gelece\u011fini tehlikeye atan insan tipi, bu millete, bu medeniyete, bu inanca ait de\u011fildir. Bu vir\u00fcs\u00fc temizlemek hepimizin ortak g\u00f6revidir.\u201d<\/span><\/p>\n","protected":false},"excerpt":{"rendered":"<p>Cumhurba\u015fkan\u0131 Recep Tayyip Erdo\u011fan, \u201cYeni evlenen \u00e7iftlere, Aile ve Gen\u00e7lik Bankas\u0131\u2019ndan kar\u015f\u0131lanmak \u00fczere faizsiz kredi imkan\u0131 sunaca\u011f\u0131z. Aile ve Gen\u00e7lik<\/p>\n","protected":false},"author":3,"featured_media":15829,"comment_status":"open","ping_status":"open","sticky":false,"template":"","format":"standard","meta":{"colormag_page_container_layout":"default_layout","colormag_page_sidebar_layout":"default_layout","footnotes":""},"categories":[3,1,5,8],"tags":[],"class_list":["post-15827","post","type-post","status-publish","format-standard","has-post-thumbnail","hentry","category-ekonomi","category-genel","category-gundem","category-siyaset"],"_links":{"self":[{"href":"https:\/\/marmarayerelhizmet.com\/index.php\/wp-json\/wp\/v2\/posts\/15827","targetHints":{"allow":["GET"]}}],"collection":[{"href":"https:\/\/marmarayerelhizmet.com\/index.php\/wp-json\/wp\/v2\/posts"}],"about":[{"href":"https:\/\/marmarayerelhizmet.com\/index.php\/wp-json\/wp\/v2\/types\/post"}],"author":[{"embeddable":true,"href":"https:\/\/marmarayerelhizmet.com\/index.php\/wp-json\/wp\/v2\/users\/3"}],"replies":[{"embeddable":true,"href":"https:\/\/marmarayerelhizmet.com\/index.php\/wp-json\/wp\/v2\/comments?post=15827"}],"version-history":[{"count":0,"href":"https:\/\/marmarayerelhizmet.com\/index.php\/wp-json\/wp\/v2\/posts\/15827\/revisions"}],"wp:featuredmedia":[{"embeddable":true,"href":"https:\/\/marmarayerelhizmet.com\/index.php\/wp-json\/wp\/v2\/media\/15829"}],"wp:attachment":[{"href":"https:\/\/marmarayerelhizmet.com\/index.php\/wp-json\/wp\/v2\/media?parent=15827"}],"wp:term":[{"taxonomy":"category","embeddable":true,"href":"https:\/\/marmarayerelhizmet.com\/index.php\/wp-json\/wp\/v2\/categories?post=15827"},{"taxonomy":"post_tag","embeddable":true,"href":"https:\/\/marmarayerelhizmet.com\/index.php\/wp-json\/wp\/v2\/tags?post=15827"}],"curies":[{"name":"wp","href":"https:\/\/api.w.org\/{rel}","templated":true}]}}