{"id":15819,"date":"2023-09-26T17:51:58","date_gmt":"2023-09-26T14:51:58","guid":{"rendered":"https:\/\/marmarayerelhizmet.com\/?p=15819"},"modified":"2023-09-26T17:51:58","modified_gmt":"2023-09-26T14:51:58","slug":"erdogandan-azerbaycan-donusu-aciklamalar","status":"publish","type":"post","link":"https:\/\/marmarayerelhizmet.com\/index.php\/2023\/09\/26\/erdogandan-azerbaycan-donusu-aciklamalar\/","title":{"rendered":"Erdo\u011fan&#8217;dan Azerbaycan D\u00f6n\u00fc\u015f\u00fc A\u00e7\u0131klamalar"},"content":{"rendered":"<p><strong><span style=\"font-family: arial, helvetica, sans-serif; font-size: 14px;\">Cumhurba\u015fkan\u0131 Recep Tayyip Erdo\u011fan, Azerbaycan&#8217;a yapt\u0131\u011f\u0131 ziyaretin ard\u0131ndan T\u00fcrkiye&#8217;ye d\u00f6n\u00fc\u015f\u00fcnde u\u00e7akta gazetecilere de\u011ferlendirmelerde bulundu, sorular\u0131n\u0131 yan\u0131tlad\u0131. Cumhurba\u015fkan\u0131 Erdo\u011fan, &#8220;Menendez&#8217;in devreden \u00e7\u0131kmas\u0131 bize avantaj sa\u011fl\u0131yor ancak F-16 meselesi sadece Menendez&#8217;e ba\u011fl\u0131 bir konu de\u011fil&#8221; dedi.<br \/>\n<\/span><\/strong><br \/>\n<span style=\"font-family: arial, helvetica, sans-serif; font-size: 14px;\">Cumhurba\u015fkan\u0131 Recep Tayyip Erdo\u011fan, Azerbaycan&#8217;a yapt\u0131\u011f\u0131 ziyaretin ard\u0131ndan T\u00fcrkiye&#8217;ye d\u00f6n\u00fc\u015f\u00fcnde u\u00e7akta gazetecilere de\u011ferlendirmelerde bulundu, sorular\u0131n\u0131 yan\u0131tlad\u0131. Erdo\u011fan, Haziran ay\u0131ndaki Bak\u00fc ziyaretinin ard\u0131ndan T\u00fcrk d\u00fcnyas\u0131na a\u00e7\u0131lan kap\u0131 Nah\u00e7\u0131van&#8217;da olduklar\u0131n\u0131, Azerbaycan Cumhurba\u015fkan\u0131 \u0130lham Aliyev ile I\u011fd\u0131r-Nah\u00e7\u0131van Do\u011falgaz Boru Hatt\u0131&#8217;n\u0131n temelini att\u0131klar\u0131n\u0131 hat\u0131rlatt\u0131. I\u011fd\u0131r-Nah\u00e7\u0131van Do\u011falgaz Boru Hatt\u0131&#8217;n\u0131n toplam 80 bin 150 metrelik hatt\u0131n g\u00fcnl\u00fck 2 milyon metrek\u00fcp ta\u015f\u0131ma kapasitesine ula\u015fmas\u0131n\u0131 hedeflediklerini belirten Erdo\u011fan, &#8220;Projeyle Nah\u00e7\u0131vanl\u0131 karde\u015flerimizin do\u011fal gaz ihtiyac\u0131n\u0131n tamam\u0131 kar\u015f\u0131lan\u0131yor. Ayr\u0131ca Nah\u00e7\u0131van Onar\u0131m \u00dcretim Askeri Kompleksi&#8217;nin a\u00e7\u0131l\u0131\u015f\u0131n\u0131 ger\u00e7ekle\u015ftirdik. G\u00fcncel geli\u015fmeler savunma sanayinde yerli ve milli kabiliyetlerin ehemmiyetini bir kez daha g\u00f6sterdi. Bu kompleksin Azerbaycan ve Nah\u00e7\u0131van&#8217;\u0131n savunma kabiliyetine \u00f6nemli katk\u0131 yapaca\u011f\u0131na inan\u0131yorum. Enerji, ula\u015f\u0131m ve toplu konut alanlar\u0131nda imzalanan \u00fc\u00e7 anla\u015fmayla Nah\u00e7\u0131van ziyaretimiz adeta ta\u00e7lanm\u0131\u015f oldu. Yeni projelerle Azerbaycan&#8217;la i\u015f birli\u011fimizi her seferinde bir ad\u0131m daha \u00f6teye ta\u015f\u0131man\u0131n bahtiyarl\u0131\u011f\u0131 i\u00e7indeyiz&#8221; diye konu\u015ftu.<\/span><br \/>\n<span style=\"font-family: arial, helvetica, sans-serif; font-size: 14px;\">Azerbaycan Cumhurba\u015fkan\u0131 \u0130lham Aliyev ile yapt\u0131klar\u0131 g\u00f6r\u00fc\u015fmede ikili ve b\u00f6lgesel bir\u00e7ok hususu ele ald\u0131klar\u0131n\u0131 ifade eden Erdo\u011fan, &#8220;Karaba\u011f&#8217;daki son durum \u00fczerinde \u00f6zellikle durduk ve Azerbaycan&#8217;\u0131n hakl\u0131 davas\u0131nda g\u00fc\u00e7l\u00fc deste\u011fimizi tekrarlad\u0131k. Can Azerbaycan&#8217;\u0131m\u0131z\u0131, antiter\u00f6r operasyonunda elde etti\u011fi tarihi ba\u015far\u0131dan dolay\u0131 bir kez daha tebrik ediyorum. \u015eehitlerimize Allah\u2019tan rahmet, yaral\u0131lar\u0131m\u0131za acil \u015fifalar diliyorum. Azerbaycan ordusu ter\u00f6ristlere kar\u015f\u0131 tavizsiz, sivillere ise son derece merhametli davranm\u0131\u015ft\u0131r. 30 y\u0131l \u00f6nce Karaba\u011f&#8217;\u0131n i\u015fgali s\u0131ras\u0131nda ya\u015fananlar ile i\u015fgal edilmi\u015f topraklar\u0131n kurtar\u0131lmas\u0131 sonras\u0131nda ya\u015fananlar aras\u0131ndaki b\u00fcy\u00fck fark \u015fimdiden haf\u0131zalara kaz\u0131nm\u0131\u015ft\u0131r. Sivillerin ihtiya\u00e7 duydu\u011fu t\u00fcm malzemeler, ciddi manada t\u0131rlar dolusu g\u0131da \u00fcr\u00fcnleri b\u00f6lgeye ula\u015ft\u0131r\u0131l\u0131yor. Azerbaycanl\u0131 karde\u015flerimizi harekat sonras\u0131nda sivillere y\u00f6nelik sergiledikleri bu insani ve vicdani tutum dolay\u0131s\u0131yla ayr\u0131ca kutluyorum&#8221; de\u011ferlendirmesinde bulundu.<\/span><br \/>\n<span style=\"font-family: arial, helvetica, sans-serif; font-size: 14px;\">T\u00fcrkiye olarak t\u00fcm s\u00fcre\u00e7lerde Azerbaycan&#8217;\u0131n yan\u0131nda yer ald\u0131klar\u0131n\u0131n alt\u0131n\u0131 \u00e7izen Erdo\u011fan, s\u00f6zlerini \u015f\u00f6yle s\u00fcrd\u00fcrd\u00fc:<\/span><br \/>\n<span style=\"font-family: arial, helvetica, sans-serif; font-size: 14px;\">&#8220;Deste\u011fimizi, ge\u00e7ti\u011fimiz hafta BM Genel Kurulu&#8217;ndaki hitab\u0131mda g\u00fc\u00e7l\u00fc bir \u015fekilde vurgulad\u0131m. Harekat neticesinde Azerbaycan&#8217;\u0131n Karaba\u011f&#8217;\u0131n tamam\u0131ndaki egemenli\u011fi per\u00e7inlenmi\u015f oldu. \u00c7ok daha \u00f6nemlisi 44 g\u00fcnl\u00fck vatan savunmas\u0131n\u0131n ard\u0131ndan b\u00f6lgede kal\u0131c\u0131 bar\u0131\u015f ve istikrar\u0131n tesisi yolunda yeni bir f\u0131rsat penceresi a\u00e7\u0131ld\u0131. Bu imkan\u0131n de\u011ferlendirilmesi gerekti\u011fine dair g\u00f6r\u00fc\u015f\u00fcm\u00fcz herkesin malumudur. Ermenistan&#8217;\u0131n s\u00fcreci uzatmak yerine art\u0131k g\u00fc\u00e7l\u00fc bir irade sergilemesini bekliyoruz. Bu beklentimizi 11 Eyl\u00fcl&#8217;de telefonla g\u00f6r\u00fc\u015ft\u00fc\u011f\u00fcm Ermenistan Ba\u015fbakan\u0131 Say\u0131n Nikol Pa\u015finyan&#8217;a da ifade ettim. Azerbaycan&#8217;\u0131n toprak b\u00fct\u00fcnl\u00fc\u011f\u00fcne, egemenli\u011fine ve kom\u015fuluk hukukuna riayet edildi\u011fi takdirde \u00e7\u00f6z\u00fclemeyecek hi\u00e7bir sorun g\u00f6rm\u00fcyoruz. Azerbaycan-Ermenistan s\u00fcrecinde ilerleme sa\u011flanmas\u0131, b\u00f6lgesel normalle\u015fmeye de b\u00fcy\u00fck ivme kazand\u0131racakt\u0131r. G\u00fcney Kafkasya&#8217;da istikrar, bar\u0131\u015f ve refah\u0131n tesis edilmesi i\u00e7in Azerbaycan&#8217;la birlikte \u00e7al\u0131\u015fmay\u0131 s\u00fcrd\u00fcrece\u011fiz. Ziyaretimizin, sadece ikili ili\u015fkilerimiz de\u011fil t\u00fcm b\u00f6lgemiz i\u00e7in hay\u0131rlara vesile olmas\u0131n\u0131 temenni ediyorum. \u015eahs\u0131ma ve heyetime g\u00f6sterilen h\u00fcsn\u00fc kabulden dolay\u0131 karde\u015fim Azerbaycan Cumhurba\u015fkan\u0131 \u0130lham Aliyev&#8217;e bir kez daha te\u015fekk\u00fcr ediyorum.&#8221;<\/span><br \/>\n<span style=\"font-family: arial, helvetica, sans-serif; font-size: 14px;\">Bir gazetecinin, &#8220;T\u00fcrkiye&#8217;ye F-16 sat\u0131\u015f\u0131 ve modernizasyonunun engellerinden olarak g\u00f6r\u00fclen ABD&#8217;li senat\u00f6r Bob Menendez, hakk\u0131nda haz\u0131rlanan yolsuzluk iddianamesinden sonra ge\u00e7ici olarak g\u00f6revini b\u0131rakmak zorunda kald\u0131. Beyaz Saray&#8217;dan gerek F-16 sat\u0131\u015f\u0131n\u0131n senatoya sunulmas\u0131, gerekse modernizasyonun onaylanmas\u0131yla ilgili bir hareket bekliyor musunuz&#8221; sorusuna Cumhurba\u015fkan\u0131 Erdo\u011fan, \u015fu \u015fekilde cevap verdi:<\/span><br \/>\n<span style=\"font-family: arial, helvetica, sans-serif; font-size: 14px;\">&#8220;Bizim, F-16\u2019larla ilgili bu konuda en \u00f6nemli s\u0131k\u0131nt\u0131lar\u0131m\u0131zdan biri de ABD\u2019li senat\u00f6r Bob Menendez\u2019in \u00fclkemiz aleyhine faaliyetleriydi. Dolay\u0131s\u0131yla, D\u0131\u015fi\u015fleri Bakan\u0131m\u0131z Hakan Fidan \u015fu anda bu s\u00fcreci yak\u0131ndan takip edecek. Zaten ABD D\u0131\u015fi\u015fleri Bakan\u0131 Antony Blinken ile D\u0131\u015fi\u015fleri Bakan\u0131m\u0131z Hakan Fidan \u00fc\u00e7-d\u00f6rt g\u00fcn \u00f6nce Amerika&#8217;da g\u00f6r\u00fc\u015ft\u00fcler. Bu g\u00f6r\u00fc\u015fmeler hala devam ediyor. Ama \u015fimdi bu durumu f\u0131rsata d\u00f6n\u00fc\u015ft\u00fcr\u00fcp kendisiyle tekrar g\u00f6r\u00fc\u015fmekte fayda var. Bu sayede F-16 ile ilgili s\u00fcreci de belki h\u0131zland\u0131rma f\u0131rsat\u0131m\u0131z da olabilir. Sadece F-16 de\u011fil, di\u011fer b\u00fct\u00fcn konularda Menendez ve onun zihniyetindekiler bize kar\u015f\u0131 engelleyici faaliyet y\u00fcr\u00fct\u00fcyor. Menendez\u2019in devreden \u00e7\u0131kmas\u0131 bize avantaj sa\u011fl\u0131yor ancak F-16 meselesi sadece Menendez\u2019e ba\u011fl\u0131 bir konu de\u011fil. Y\u00f6netilmesi gereken alanlar\u0131 D\u0131\u015fi\u015fleri Bakan\u0131m\u0131z Hakan Fidan y\u00fcr\u00fctecek. Bu konuda ABD\u2019den art\u0131k net bir yan\u0131t bekliyoruz. Temenni ediyoruz ki bekledi\u011fimiz olumlu neticeyi fazla uzamadan al\u0131r\u0131z. Bu konu dahi bizlere savunma sanayii noktas\u0131nda kendi kendine yeten bir \u00fclke olman\u0131n ne kadar \u00f6nemli oldu\u011funu g\u00f6steriyor. Daha \u00f6nce \u0130HA-S\u0130HA noktas\u0131nda da ayn\u0131 durumdayd\u0131k. O zamanlar Predat\u00f6r meselesi vard\u0131. \u0130htiyac\u0131m\u0131z oldu\u011fu halde m\u00fcttefikimizden alamam\u0131\u015ft\u0131k. Ne yapt\u0131k, kendi \u0130HA\u2019lar\u0131m\u0131z\u0131 \u00fcrettik. Durmad\u0131k S\u0130HA yapt\u0131k, T\u0130HA yapt\u0131k, K\u0131z\u0131lelma yapt\u0131k, H\u00fcrku\u015f yapt\u0131k, Atak yapt\u0131k, \u015fimdi de F-16\u2019lara ihtiyac\u0131m\u0131z var fakat bir yandan da yeni nesil sava\u015f u\u00e7a\u011f\u0131m\u0131z Kaan\u2019\u0131 \u00fcretmek i\u00e7in \u00e7al\u0131\u015f\u0131yoruz.&#8221;<\/span><br \/>\n<span style=\"font-family: arial, helvetica, sans-serif; font-size: 14px;\">&#8220;Azerbaycan&#8217;\u0131n Karaba\u011f&#8217;daki ter\u00f6rle m\u00fccadele operasyonlar\u0131ndan sonra Zengezur Koridoru&#8217;nda nas\u0131l bir s\u00fcre\u00e7 bekleniyor&#8221; sorusu \u00fczerine de Erdo\u011fan, &#8220;Kara ve demiryolu hatlar\u0131 ile Nah\u00e7\u0131van ve Azerbaycan\u2019\u0131n di\u011fer b\u00f6lgeleri ile do\u011frudan ba\u011flant\u0131 kurmam\u0131z ili\u015fkilerimizi daha g\u00fc\u00e7l\u00fc hale getirecek. Bu g\u00fc\u00e7l\u00fc ba\u011f sayesinde bir\u00e7ok konuda y\u00fcr\u00fcyerek ald\u0131\u011f\u0131m\u0131z mesafenin katbekat fazlas\u0131n\u0131 \u00f6n\u00fcm\u00fczdeki s\u00fcre\u00e7te ko\u015farak alaca\u011f\u0131z. Bu nedenle bir an \u00f6nce bu koridorun a\u00e7\u0131lmas\u0131 i\u00e7in elimizden gelen gayreti g\u00f6sterece\u011fiz. T\u00fcrkiye ve Azerbaycan i\u00e7in \u00e7ok \u00f6nemli bu koridorun hayata ge\u00e7mesi stratejik bir konudur ve muhakkak tamamlanmal\u0131d\u0131r. Bu koridor a\u00e7\u0131ld\u0131\u011f\u0131nda Bak\u00fc\u2019den \u00e7\u0131kan bir ara\u00e7 ya da tren do\u011frudan Kars\u2019a gelebilecek. T\u00fcrkiye-Azerbaycan karde\u015fli\u011fi \u00e7ok daha g\u00fc\u00e7lenecek. \u0130ran\u2019dan da bu konuda olumlu sinyaller gelmesi sevindirici&#8221; ifadelerini kulland\u0131.<\/span><br \/>\n<span style=\"font-family: arial, helvetica, sans-serif; font-size: 14px;\">Bir gazetecinin, &#8220;Azerbaycanl\u0131 T\u00fcrklerin Hocal\u0131\u2019ya, tekrar evlerine d\u00f6nme yolu a\u00e7\u0131ld\u0131. Bu geli\u015fmenin sizde olu\u015fturdu\u011fu hissiyat\u0131 payla\u015fman\u0131z m\u00fcmk\u00fcn m\u00fc&#8221; sorusuna ili\u015fkin Cumhurba\u015fkan\u0131 Erdo\u011fan, &#8220;En az o yavrumuz kadar biz de o s\u00fcreci ya\u015fad\u0131k. O katliam\u0131n a\u00e7t\u0131\u011f\u0131 yaralar var. Tabii o katliam\u0131 ya\u015fayanlar i\u00e7in de bizler i\u00e7in de Hocal\u0131 katliam\u0131 unutulmaz. Hocal\u0131 katliam\u0131n\u0131n \u015fu anda Ermenistan bedelini \u00f6d\u00fcyor ve \u00f6deyecek. \u00c7\u00fcnk\u00fc 1 milyon Azeri, Hocal\u0131\u2019dan ve di\u011fer \u015fehirlerden adeta hicret etti. Nereye? Azerbaycan\u2019a. \u015eimdi ondan 10 y\u0131llar sonra Azerbaycan bu katliam\u0131n hesab\u0131n\u0131 sordu. \u00c7ok \u00e7ok farkl\u0131 bir \u015fekilde sordu ve topraklar\u0131n\u0131 geri ald\u0131. Malum, Amerika, Rusya, Fransa, Minsk \u00dc\u00e7l\u00fcs\u00fc denilen bu \u00fclkeler, y\u0131llarca Azerbaycan\u2019\u0131n bu hakk\u0131n\u0131 tan\u0131mad\u0131lar. Sonunda Azerbaycan kendi g\u00f6be\u011fini kendi kesti ve i\u015fi bitirdi. \u015eimdi Hocal\u0131\u2019da art\u0131k kim var? Hocal\u0131\u2019n\u0131n ger\u00e7ek sahipleri. T\u00fcm \u015fehitlere Allah\u2019tan rahmet diliyoruz. Azerbaycan ordusu Hocal\u0131\u2019ya kaos, kan ve \u00f6l\u00fcm de\u011fil, huzur ve bar\u0131\u015f getirmek i\u00e7in girdi. Y\u0131llar \u00f6nce oraya Ermeni \u00e7etelerin girdi\u011fi gibi girmedi. \u0130nsanlar\u0131 katletmek i\u00e7in girmedi. Hocal\u0131\u2019ya hak etti\u011fi bar\u0131\u015f\u0131 ve huzuru sa\u011flamak i\u00e7in girdi. Kendi \u00f6z topra\u011f\u0131na ard\u0131ndaki zaferlerin m\u00fcjdesiyle girdi. Art\u0131k Hocal\u0131 i\u00e7in de Karaba\u011f i\u00e7in de Azerbaycan egemenli\u011fi alt\u0131nda kal\u0131c\u0131 bar\u0131\u015f ve huzurun vakti gelmi\u015ftir. Ermenistan\u2019a d\u00fc\u015fen de bu huzurun tesisi ve muhafazas\u0131 i\u00e7in bar\u0131\u015f\u0131n yan\u0131nda durmakt\u0131r&#8221; dedi.<\/span><br \/>\n<span style=\"font-family: arial, helvetica, sans-serif; font-size: 14px;\">&#8220;Karaba\u011f meselesinin hallolmas\u0131yla ayn\u0131 zamanda Kafkaslarda yeni bir i\u015f birli\u011fi ikliminin de temelleri at\u0131lacak. Birle\u015fmi\u015f Milletler\u2019deki son konu\u015fman\u0131zda KKTC\u2019nin tan\u0131nmas\u0131 \u00e7a\u011fr\u0131s\u0131n\u0131 yinelemi\u015ftiniz. Bu olu\u015fan iklimde KKTC\u2019nin T\u00fcrk devletleri ile daha fazla b\u00fct\u00fcnle\u015fmesi yolunda yeni ad\u0131mlar at\u0131l\u0131r m\u0131, bu noktada bir beklenti olmal\u0131 m\u0131&#8221; sorusuna Erdo\u011fan, &#8220;\u00d6n\u00fcm\u00fczdeki s\u00fcre\u00e7te T\u00fcrk Devletleri Te\u015fkilat\u0131\u2019n\u0131n toplant\u0131s\u0131 var. Azerbaycan bu toplant\u0131ya KKTC Cumhurba\u015fkan\u0131 Ersin Tatar Bey\u2019in de davet edilmesini \u00e7ok istiyor. 3 Kas\u0131m\u2019da Kazakistan\u2019da toplant\u0131 yap\u0131lacak ve bu toplant\u0131da in\u015fallah g\u00f6zlemci \u00fcye olarak Kuzey K\u0131br\u0131s T\u00fcrk Cumhuriyeti\u2019ni de g\u00f6rece\u011fiz. Bu konuda sa\u011f olsun Azerbaycan Cumhurba\u015fkan\u0131 \u0130lham Aliyev\u2019in de ciddi bir kararl\u0131l\u0131\u011f\u0131 var. O da KKTC bayra\u011f\u0131n\u0131n oralarda dalgalanmas\u0131n\u0131 istedi\u011fini ortaya koyuyor. Bizler de KKTC ile alakal\u0131 at\u0131lan bu ad\u0131mda beraberce el ele omuz omuza kararl\u0131l\u0131\u011f\u0131m\u0131z\u0131 g\u00f6stermeye in\u015fallah devam edece\u011fiz. KKTC\u2019nin tan\u0131nmas\u0131 K\u0131br\u0131s adas\u0131nda kal\u0131c\u0131 bar\u0131\u015f ve huzurun sa\u011flanmas\u0131n\u0131 isteyen t\u00fcm \u00fclkeler i\u00e7in en do\u011fru se\u00e7enektir. Adan\u0131n ger\u00e7ekleri ortadad\u0131r ve KKTC K\u0131br\u0131s\u2019\u0131n en somut ger\u00e7e\u011fidir. Y\u0131llarca oradaki T\u00fcrk varl\u0131\u011f\u0131n\u0131 g\u00f6rmezden gelmeye \u00e7al\u0131\u015fanlar\u0131n denemedi\u011fi yol kalmad\u0131. Fakat giri\u015ftikleri her ad\u0131m temelsiz oldu\u011fu i\u00e7in onlar a\u00e7\u0131s\u0131ndan h\u00fcsranla sonu\u00e7land\u0131. Bizler KKTC ile birlikte \u00e7\u00f6z\u00fcm i\u00e7in t\u00fcm yollar\u0131 denedik. Federasyon form\u00fcl\u00fc dahil t\u00fcm form\u00fcllere samimiyetle yakla\u015ft\u0131k. Fakat bundan b\u00f6yle K\u0131br\u0131s\u2019ta iki devletli \u00e7\u00f6z\u00fcm d\u0131\u015f\u0131nda se\u00e7ene\u011fin kalmad\u0131\u011f\u0131 a\u00e7\u0131k ve net bir \u015fekilde ortaya \u00e7\u0131km\u0131\u015ft\u0131r. Kimse bizden KKTC\u2019nin haklar\u0131n\u0131 g\u00f6rmezden gelmemizi, onlar\u0131 \u00e7i\u011fnettirmemizi beklemesin. Bizler KKTC\u2019nin art\u0131k di\u011fer \u00fclkelerce tan\u0131nmas\u0131 i\u00e7in sesimizi daha \u00e7ok y\u00fckseltece\u011fiz. Biz daha \u00f6nce de \u2018\u00e7\u00f6z\u00fcms\u00fczl\u00fck \u00e7\u00f6z\u00fcm de\u011fildir\u2019 diyerek bu sorunun ortada b\u0131rak\u0131lmas\u0131n\u0131n, g\u00f6rmezden gelinmesinin yanl\u0131\u015f oldu\u011funu anlatm\u0131\u015ft\u0131k. Art\u0131k t\u00fcm yanl\u0131\u015flar\u0131 silecek do\u011fru ad\u0131m\u0131n vaktidir. KKTC\u2019nin tan\u0131nmas\u0131 ba\u015fta Avrupa Birli\u011fi olmak \u00fczere bir\u00e7ok taraf\u0131n att\u0131\u011f\u0131 yanl\u0131\u015f ad\u0131mlar\u0131n telafisi olacakt\u0131r. K\u0131br\u0131s adas\u0131 art\u0131k gerilimlerle de\u011fil, bar\u0131\u015f ve huzurla an\u0131lmay\u0131 hak ediyor&#8221; diye yan\u0131t verdi.<\/span><br \/>\n<span style=\"font-family: arial, helvetica, sans-serif; font-size: 14px;\">&#8220;T\u00fcrkiye\u2019nin, Irak, Birle\u015fik Arap Emirlikleri ve Katar ile \u2018Kalk\u0131nma Yolu Projesi\u2019 i\u00e7in g\u00f6r\u00fc\u015fmeler i\u00e7inde oldu\u011funu s\u00f6ylemi\u015ftiniz. Projeyle ilgili somut ad\u0131mlar ele al\u0131nd\u0131 m\u0131? T\u00fcrkiye ve Irak aras\u0131nda zaman zaman ter\u00f6rle m\u00fccadele operasyonlar\u0131 nedeniyle \u00e7\u0131kan gerginlikler bu projeye engel te\u015fkil edebilir mi&#8221; sorusu \u00fczerine Erdo\u011fan, \u015funlar\u0131 kaydetti:<\/span><br \/>\n<span style=\"font-family: arial, helvetica, sans-serif; font-size: 14px;\">&#8220;Kalk\u0131nma Yolu Projesi tamamen Basra K\u00f6rfezi \u00fclkeleri, Irak ve bizi kapsayan bir proje. Fakat bu konuda Birle\u015fik Arap Emirlikleri Devlet Ba\u015fkan\u0131 Muhammed Bin Zayed\u2019in \u00e7ok kararl\u0131 bir duru\u015fu var. Hatta en son g\u00f6r\u00fc\u015fmemizde projenin yaz\u0131l\u0131 olarak ortaya konulmas\u0131ndan bahisle \u201860 g\u00fcn i\u00e7inde bu projeye y\u00f6nelik haz\u0131rl\u0131klar\u0131 tamamlayal\u0131m\u2019 diye bir teklifi oldu. Tabii bu Kalk\u0131nma Yolu Projesi noktas\u0131nda, Amerika\u2019n\u0131n, Japonya\u2019n\u0131n, Hindistan\u2019\u0131n ve \u00c7in\u2019in kendilerince projeye yakla\u015f\u0131mlar\u0131 s\u00f6z konusu. Projeyle Irak \u00fczerinden T\u00fcrkiye ve Avrupa\u2019ya ge\u00e7i\u015f s\u00f6z konusu. O bak\u0131mdan bizim durumumuz \u00e7ok b\u00fcy\u00fck \u00f6nem arz ediyor. Onun i\u00e7in de s\u00fcratle Ula\u015ft\u0131rma ve Altyap\u0131 Bakanl\u0131\u011f\u0131m\u0131z muhataplar\u0131yla g\u00f6r\u00fc\u015fmeleri yap\u0131p bu i\u015fi hayata ge\u00e7irmenin gayreti i\u00e7erisinde olacak. \u00c7\u00fcnk\u00fc birileri anla\u015fmazl\u0131klar\u0131 k\u0131\u015fk\u0131rtman\u0131n gayreti i\u00e7inde. Biz ise bu anla\u015fmazl\u0131klar\u0131 k\u0131\u015fk\u0131rtmaktan \u00e7ok \u00e7\u00f6z\u00fcme y\u00f6nelik ne gibi ad\u0131mlar atar\u0131z bunun gayreti i\u00e7erisinde olaca\u011f\u0131z. \u00c7\u00fcnk\u00fc Kalk\u0131nma Yolu bu co\u011frafyaya \u00f6zellikle \u00e7\u00f6reklenmi\u015f t\u00fcm karanl\u0131k odaklar\u0131 yok edecek kalk\u0131nma ayd\u0131nl\u0131\u011f\u0131n\u0131n in\u015fallah ilk ad\u0131m\u0131 olacakt\u0131r. Bundan dolay\u0131 \u00e7ok \u00e7ok b\u00fcy\u00fck \u00f6nem arz ediyor. T\u00fcrkiye de bu i\u015fin tam nirengi noktas\u0131nda \u0130n\u015fallah sonu hay\u0131r olur.&#8221;<\/span><br \/>\n<span style=\"font-family: arial, helvetica, sans-serif; font-size: 14px;\">Bir gazetecinin &#8220;ABD ziyaretlerinizde \u0130srail\u2019le enerji sondaj \u00e7al\u0131\u015fmas\u0131 ba\u015flat\u0131laca\u011f\u0131n\u0131 s\u00f6ylemi\u015ftiniz. Hatta sadece T\u00fcrkiye de\u011fil, T\u00fcrkiye\u2019den Avrupa\u2019ya da enerji aktar\u0131m\u0131n\u0131n yap\u0131laca\u011f\u0131n\u0131 s\u00f6ylemi\u015ftiniz. Bu \u00e7al\u0131\u015fma tam olarak Akdeniz\u2019de nerede ger\u00e7ekle\u015fecek ve \u00e7al\u0131\u015fmaya ili\u015fkin bir takvim var m\u0131? Bir de Netanyahu\u2019nun bir ziyareti s\u00f6z konusu onun tarihi belli oldu mu&#8221; sorusuna ili\u015fkin Cumhurba\u015fkan\u0131 Erdo\u011fan, \u015f\u00f6yle cevap verdi:<\/span><br \/>\n<span style=\"font-family: arial, helvetica, sans-serif; font-size: 14px;\">&#8220;Ziyaret tarihi ile ilgili D\u0131\u015fi\u015fleri Bakanl\u0131\u011f\u0131m\u0131z\u0131n \u00e7al\u0131\u015fmalar\u0131 devam ediyor. Zannediyorum Ekim-Kas\u0131m gibi Netanyahu\u2019nun hastal\u0131k nedeniyle ger\u00e7ekle\u015ftiremedi\u011fi ve ertelenen T\u00fcrkiye ziyareti yap\u0131l\u0131r. En uygun zamanda bu ziyaretin olmas\u0131 i\u00e7in g\u00f6r\u00fc\u015fme trafi\u011fi devam ediyor. Biliyorsunuz bu i\u015flerin sekreteryas\u0131 T\u00fcrkiye ve \u0130srail D\u0131\u015fi\u015fleri Bakanlar\u0131na ait. Ondan sonra da biz iade-i ziyaretimizi yapaca\u011f\u0131z. T\u00fcrkiye ve \u0130srail olarak bir\u00e7ok alanda i\u015f birli\u011fi yap\u0131yoruz. Yeni i\u015f birli\u011fi alanlar\u0131n\u0131n varl\u0131\u011f\u0131 da bir ger\u00e7ek. \u00d6zellikle Avrupa, Rusya-Ukrayna sava\u015f\u0131 sonras\u0131 olu\u015fan konjonkt\u00fcr\u00fcn de etkisi ile s\u00fcrd\u00fcr\u00fclebilir enerji kayna\u011f\u0131 aray\u0131\u015f\u0131nda. \u0130srail\u2019in kaynaklar\u0131n\u0131n Avrupa\u2019ya ta\u015f\u0131nmas\u0131 konusunda aray\u0131\u015fta oldu\u011fu da herkesin malumu. En ak\u0131lc\u0131 rota ise T\u00fcrkiye \u00fczerinden bu kaynaklar\u0131n Avrupa\u2019ya ula\u015ft\u0131r\u0131lmas\u0131. Bunu son g\u00f6r\u00fc\u015fmemizde de ele ald\u0131k, \u00e7al\u0131\u015fmalara ba\u015flad\u0131k. Di\u011fer taraftan sondaj \u00e7al\u0131\u015fmalar\u0131 noktas\u0131nda da i\u015f birli\u011fi f\u0131rsatlar\u0131 bulunuyor. Bununla ilgili teknik \u00e7al\u0131\u015fmalar\u0131n yap\u0131lmas\u0131 talimatlar\u0131n\u0131 ilgili arkada\u015flar\u0131m\u0131za verdik. En k\u0131sa s\u00fcrede gerek T\u00fcrkiye\u2019de gerek \u0130srail\u2019de yapaca\u011f\u0131m\u0131z g\u00f6r\u00fc\u015fmelerde rota, takvim ve sondaj alanlar\u0131 gibi ayr\u0131nt\u0131lar\u0131 da netle\u015ftiririz.&#8221;<\/span><br \/>\n<span style=\"font-family: arial, helvetica, sans-serif; font-size: 14px;\">Bir gazetecinin &#8220;BM\u2019deki reform \u00e7a\u011fr\u0131n\u0131z sonras\u0131nda Afrika\u2019da, Kafkaslarda yeni bir hareketlenme var. Nas\u0131l de\u011ferlendirirsiniz? Bir de \u0130slam d\u00fcnyas\u0131 i\u00e7in de bu yap\u0131daki te\u015fkilatlar\u0131n reforme edilmesi y\u00f6n\u00fcnde bir \u00e7al\u0131\u015fman\u0131z var m\u0131&#8221; sorusuna Erdo\u011fan, &#8220;\u00d6zellikle G20 \u00fclkelerinden \u00f6te Afrika \u00fclkelerinin durumu bizim i\u00e7in \u00e7ok b\u00fcy\u00fck \u00f6nem arz ediyor. Afrika \u00fclkelerinin takip etti\u011fi \u00fclke biziz. T\u00fcrkiye\u2019yi takip ediyorlar. \u2018T\u00fcrkiye ne diyor, T\u00fcrkiye nas\u0131l bak\u0131yor\u2019 diyorlar. \u00d6rne\u011fin, BM Genel Kurulu\u2019na Afrika \u00fclkeleri ile yapt\u0131\u011f\u0131m\u0131z g\u00f6r\u00fc\u015fmelerin hepsinde de \u2018T\u00fcrkiye ne diyor\u2019 sorusunu i\u015fittik. \u00d6zellikle Tah\u0131l Koridoru meselesinde de yine Say\u0131n Putin\u2019in Tah\u0131l Koridoru&#8217;yla ilgili hedefinde Afrika \u00fclkeleri var. \u2018Biz Avrupa \u00fclkelerine tah\u0131l g\u00f6ndermeyiz. E\u011fer g\u00f6nderecekseniz T\u00fcrkiye-Katar-Rusya \u00fc\u00e7l\u00fc olarak bu i\u015fi yapal\u0131m, hatta 6 tane Afrika \u00fclkesi belirleyelim buralara bunu g\u00f6nderelim\u2019 diyor. Biz de \u2018tamam\u2019 dedik. \u015eimdi telefon diplomasisi ba\u015flad\u0131. D\u0131\u015fi\u015fleri Bakanlar\u0131m\u0131zla bu s\u00fcreci \u00e7al\u0131\u015ft\u0131r\u0131yoruz ve Afrika \u00fclkeleriyle bunu en ideal \u015fekilde s\u00fcrd\u00fcrelim istiyoruz. \u00c7\u00fcnk\u00fc koridordan ge\u00e7en tah\u0131l\u0131n y\u00fczde 44\u2019\u00fc Avrupa \u00fclkelerine gitti. Y\u00fczde 14 bize geldi, y\u00fczde 14 Afrika\u2019ya, di\u011feri de farkl\u0131 \u00fclkelere ula\u015ft\u0131. Her yerde ifade ediyoruz, d\u00fcnya de\u011fi\u015fiyor. De\u011fi\u015fen d\u00fcnyaya uyum sa\u011flayamayan, kendini yeni \u015fartlara uyduramayan, medeniyet yar\u0131\u015f\u0131n\u0131n gerisinde kalanlar en iyi ihtimalle etkisizle\u015fir. Bizler att\u0131\u011f\u0131m\u0131z ad\u0131mlarda dinamik bir s\u00fcre\u00e7 y\u00f6netimi ortaya koyuyoruz. \u0130slam d\u00fcnyas\u0131 da birlik olabilmek i\u00e7in karde\u015fli\u011fine ekilen fitne tohumlar\u0131n\u0131 temizlemeli ve samimiyetle kucakla\u015fmal\u0131d\u0131r. \u0130slam d\u00fcnyas\u0131 birli\u011finin temelini olu\u015fturan ilkeler \u00e7er\u00e7evesinde, de\u011fi\u015fen d\u00fcnyaya uyum sa\u011flamak, s\u00f6z sahibi hale gelebilmek ve etkin bir g\u00fc\u00e7 olabilmek i\u00e7in reforma mecburdur. \u0130slam Konferans\u0131 \u00d6rg\u00fct\u00fc\u2019n\u00fcn \u0130slam \u0130\u015f Birli\u011fi Te\u015fkilat\u0131\u2019na d\u00f6nmesi \u00f6nemli bir ad\u0131md\u0131. Bunun gibi ad\u0131mlar\u0131n at\u0131lmas\u0131 ve b\u00fcy\u00fck meselelerde a\u011f\u0131rl\u0131\u011f\u0131n\u0131 hissettirmesi gerekmektedir. Ter\u00f6r, g\u00f6\u00e7 sorunu, iklim krizleri, \u0130slam kar\u015f\u0131tl\u0131\u011f\u0131, \u0131rk\u00e7\u0131l\u0131k gibi meseleler ortada. Bunlara kar\u015f\u0131 ortak bir tav\u0131r geli\u015ftiremezsek \u0130slam d\u00fcnyas\u0131n\u0131n etkinli\u011finden s\u00f6z edemeyiz. Y\u00fcce kitab\u0131m\u0131za kar\u015f\u0131 al\u00e7ak\u00e7a sald\u0131r\u0131larda bile gereken \u015fekilde yeterli tepki veremeyen \u0130slam d\u00fcnyas\u0131 hangi meselede ortakla\u015fabilir&#8221; ifadelerini kulland\u0131.<\/span><br \/>\n<span style=\"font-family: arial, helvetica, sans-serif; font-size: 14px;\">Bir gazetecinin &#8220;Karaba\u011f zaferinin ard\u0131ndan 3 y\u0131ld\u0131r beklenen i\u015fler vard\u0131, bu ziyaretiniz sonras\u0131 onlar\u0131n \u00f6n\u00fc a\u00e7\u0131l\u0131p daha da h\u0131zlanmas\u0131 beklenebilir mi? Nah\u00e7\u0131van ziyaretinizin ard\u0131ndan koridorlar\u0131n a\u00e7\u0131lmas\u0131 ile ilgili \u00e7ok ciddi beklentiler var&#8221; sorusu \u00fczerine Cumhurba\u015fkan\u0131 Erdo\u011fan, &#8220;Bizim temennimiz buralar\u0131 bar\u0131\u015f koridoru haline getirerek a\u00e7makt\u0131r. Hala bir sava\u015f\u0131n egemen oldu\u011fu bir koridoru d\u00fc\u015f\u00fcnmek m\u00fcmk\u00fcn de\u011fil. \u00c7\u00fcnk\u00fc gerek Zengezur gerek La\u00e7in koridorlar\u0131n\u0131 e\u011fer bar\u0131\u015f koridoru olarak d\u00fc\u015f\u00fcneceksek kavga g\u00fcr\u00fclt\u00fc olmadan bu i\u015fi \u00e7\u00f6zmemiz gerekiyor. Hele hele bunlar rayl\u0131 sistem oldu\u011funu d\u00fc\u015f\u00fcn\u00fcrsek, T\u00fcrkiye&#8217;den gelen tren Nah\u00e7\u0131van\u2019dan, Ermenistan\u2019dan ge\u00e7erek Azerbaycan&#8217;a gidecek. Ermenistan&#8217;dan ge\u00e7me konusuna gelince. Ermenistan bu i\u015fin \u00f6n\u00fcn\u00fc a\u00e7mazsa nereden ge\u00e7ecek? \u0130ran&#8217;dan ge\u00e7ecek. \u0130ran \u015fu anda buna olumlu bak\u0131yor, olumlu bakt\u0131\u011f\u0131 i\u00e7in de \u0130ran\u2019dan art\u0131k Azerbaycan\u2019a ge\u00e7i\u015f imkan\u0131 olabilecek. Di\u011fer taraftan bu ziyaretimiz T\u00fcrkiye-Azerbaycan karde\u015fli\u011finin, iki devlet tek millet ruhunun bir kez daha b\u00fct\u00fcn d\u00fcnyaya ilan\u0131d\u0131r. Bunu Birle\u015fmi\u015f Milletler k\u00fcrs\u00fcs\u00fcnde nas\u0131l hayk\u0131rm\u0131\u015fsak, Can Azerbaycan\u2019\u0131n \u00f6z topra\u011f\u0131 \u015eu\u015fa\u2019da nas\u0131l duyurmu\u015fsak, her yerde gerek s\u00f6zlerimizle gerek uygulamalar\u0131m\u0131zla g\u00f6sterdik, g\u00f6steririz. Bizler iki devletiz ancak kaderi de \u00fclk\u00fcs\u00fc de bir milletiz. \u0130ki \u00fclke aras\u0131ndaki ili\u015fkilerin d\u00fczeyi olabilecek en y\u00fcksek seviyeye ula\u015facakt\u0131r. Yeni ad\u0131mlarla karde\u015fli\u011fimizi peki\u015ftirmekte kararl\u0131y\u0131z. Enerjiden savunma sanayiine, ticaret hatlar\u0131ndan b\u00f6lgesel i\u015f birliklerine kadar her alanda at\u0131lacak ad\u0131mlar a\u015fama a\u015fama hayata ge\u00e7irilecektir. \u0130ki \u00fclkenin potansiyelleri birlikte kazanma ilkesiyle at\u0131lacak bu ad\u0131mlarla \u00e7ok y\u00fcksek seviyelere ula\u015facakt\u0131r. TANAP\u2019\u0131n kapasitesinin geni\u015fletilmesi ve Hazar\u2019dan daha fazla do\u011fal gaz\u0131n T\u00fcrkiye ve Avrupa\u2019ya akmas\u0131 bu ad\u0131mlardan biridir. Bu hem iki \u00fclke \u00e7\u0131karlar\u0131na hizmet edecek hem de Avrupa\u2019n\u0131n enerji g\u00fcvenli\u011fine de katk\u0131da bulunacakt\u0131r. Ula\u015ft\u0131rma alan\u0131nda, turizm alan\u0131nda benzer ad\u0131mlar atarak ortak \u00e7\u0131karlar temelinde ve b\u00fct\u00fcnc\u00fcl bir bak\u0131\u015f a\u00e7\u0131s\u0131yla projeler ortaya koymaya devam edece\u011fiz&#8221; \u015feklinde konu\u015ftu.<\/span><br \/>\n<span style=\"font-family: arial, helvetica, sans-serif; font-size: 14px;\">&#8220;Orta Vadeli Program\u2019da enflasyonla m\u00fccadele ana hedeflerden biri. Enflasyonla ilgili olumlu geli\u015fmelerin \u00f6n\u00fcm\u00fczdeki y\u0131l\u0131n ilk \u00e7eyre\u011finde ger\u00e7ekle\u015fmesi \u00f6ng\u00f6r\u00fcl\u00fcyor. Peki enflasyonla m\u00fccadelede \u00f6n\u00fcm\u00fczdeki s\u00fcre\u00e7te neler yap\u0131lacak? Fahi\u015f fiyatlarla m\u00fccadele i\u00e7in nas\u0131l ad\u0131m at\u0131lmas\u0131 planlan\u0131yor&#8221; sorusuna Cumhurba\u015fkan\u0131 Erdo\u011fan \u015f\u00f6yle yan\u0131t verdi:<\/span><br \/>\n<span style=\"font-family: arial, helvetica, sans-serif; font-size: 14px;\">&#8220;Enflasyonla m\u00fccadelede \u015fu an itibar\u0131yla arkada\u015flar\u0131m\u0131z\u0131n yo\u011fun bir takvimi var. Enflasyonun dizginlenmesi ve kal\u0131c\u0131 olarak tek haneye inmesi amac\u0131yla a\u00e7\u0131klad\u0131\u011f\u0131m\u0131z Orta Vadeli Program bu yoldaki kilometre ta\u015flar\u0131m\u0131z\u0131 olu\u015fturuyor. Fiyat istikrar\u0131n\u0131n sa\u011flanmas\u0131 i\u00e7in parasal s\u0131k\u0131la\u015fma ve kredi s\u0131k\u0131la\u015fmas\u0131 tedbirleri ekonomi y\u00f6netimimizce hayata ge\u00e7iriliyor. Bu ad\u0131mlar kaynaklar\u0131m\u0131z\u0131n \u00fcretken alanlara y\u00f6nlendirilmesi ve bu sayede y\u00fcksek, s\u00fcrd\u00fcr\u00fclebilir ve dengeli b\u00fcy\u00fcmenin sa\u011flanmas\u0131 amac\u0131n\u0131 ta\u015f\u0131yor. Maliye politikalar\u0131 ile da bu ama\u00e7lar destekleniyor. \u00dcretimi ve yat\u0131r\u0131m\u0131 te\u015fvik ederek de enflasyonla m\u00fccadelemize g\u00fc\u00e7 aktaraca\u011f\u0131z. Bu s\u00fcre\u00e7te vatanda\u015f\u0131m\u0131z\u0131 enflasyona ezdirmemek i\u00e7in ald\u0131\u011f\u0131m\u0131z tedbirler ve att\u0131\u011f\u0131m\u0131z ad\u0131mlar devam edecek.&#8221;<\/span><br \/>\n<span style=\"font-family: arial, helvetica, sans-serif; font-size: 14px;\">&#8220;1 Ekim&#8217;de Meclis a\u00e7\u0131l\u0131yor. G\u00fcndem \u00e7ok yo\u011fun tabii ki. Acaba Ekim takvimi i\u00e7inde Meclis&#8217;te \u0130sve\u00e7 var m\u0131 yoksa daha sonraki bir tarihe mi kal\u0131r&#8221; sorusuna Erdo\u011fan, &#8220;Meclis&#8217;in bir yap\u0131s\u0131 var, ba\u015fkan\u0131 var. Amerika\u2019n\u0131n biliyorsunuz parlamentosu var, bizim de bir parlamentomuz var. Parlamentomuzun i\u00e7erisinde de bir yap\u0131 var. Cumhur \u0130ttifak\u0131 olarak bizim de bir yap\u0131m\u0131z var. Cumhur \u0130ttifak\u0131 olarak aram\u0131zda tabii ki g\u00f6r\u00fc\u015fmelerimizi yapaca\u011f\u0131z. Ona g\u00f6re de parlamentoya m\u00fcracaat\u0131m\u0131z\u0131 da bu arada yap\u0131p, parlamentomuz nas\u0131l bir takvim belirlerse, onu da orada takip edece\u011fiz. Bu konuyla ilgili olarak da D\u0131\u015fi\u015fleri Bakan\u0131m\u0131z Hakan Fidan, Amerika D\u0131\u015fi\u015fleri Bakan\u0131 Antony Blinken&#8217;la da baz\u0131 g\u00f6r\u00fc\u015fmeler yapt\u0131lar. Temenni ederim ki onlar da verdikleri s\u00f6ze sad\u0131k kal\u0131rlarsa bizim parlamentomuz da verilen s\u00f6ze sad\u0131k kalacakt\u0131r. Ad\u0131m\u0131n\u0131 da buna g\u00f6re atacakt\u0131r&#8221; dedi.<\/span><br \/>\n<span style=\"font-family: arial, helvetica, sans-serif; font-size: 14px;\">&#8220;Acaba onlar\u0131n verdikleri s\u00f6z F-16 konusu mu? \u0130kincisi Say\u0131n Bah\u00e7eli&#8217;yle d\u00f6nd\u00fc\u011f\u00fcn\u00fczde y\u00fcz y\u00fcze bir g\u00f6r\u00fc\u015fmeniz mi olacak&#8221; sorusuna Cumhurba\u015fkan\u0131 Erdo\u011fan, &#8220;Zaten \u0130sve\u00e7\u2019i F-16 ile ba\u011fl\u0131 hale getiriyorlar. Yani diyorlar ki bunu halledin. Kanada ayn\u0131 \u015feyi yap\u0131yor, Amerika da ayn\u0131 \u015feyi yap\u0131yor. Biz de diyoruz ki, \u2018sizin kongreniz varsa bizim de parlamentomuz var.\u2019 Biz parlamentomuzu geri plana atamay\u0131z ki. Yani bizim \u015fu anda Cumhur \u0130ttifak\u0131 olarak bir birlikteli\u011fimiz var. Bu birlikteli\u011fimiz i\u00e7erisinde biz de \u00e7al\u0131\u015fmalar\u0131m\u0131z\u0131 s\u00fcrd\u00fcr\u00fcyoruz. Netice itibariyle \u0130sve\u00e7\u2019in NATO \u00fcyeli\u011fi ile ilgili karar\u0131 art\u0131k T\u00fcrkiye B\u00fcy\u00fck Millet Meclisi verecektir. Meclisimiz bu konu ile ilgili her geli\u015fmeyi en ince ayr\u0131nt\u0131s\u0131na kadar takip etmektedir. O karar\u0131 ne zaman verece\u011fi de karar\u0131n ne olaca\u011f\u0131 da meclisimizin takdirindedir. Meclis\u2019in g\u00fcndemine konu geldi\u011finde karar\u0131n nas\u0131l olaca\u011f\u0131n\u0131 hep birlikte g\u00f6r\u00fcr\u00fcz&#8221; diye cevap verdi.<\/span><br \/>\n<span style=\"font-family: arial, helvetica, sans-serif; font-size: 14px;\">Bir gazetecinin &#8220;Ge\u00e7ti\u011fimiz g\u00fcnlerde T\u00fcrkiye\u2019nin art\u0131k darbe anayasas\u0131n\u0131 kald\u0131ramayaca\u011f\u0131n\u0131, ayn\u0131 zamanda T\u00fcrkiye Y\u00fczy\u0131l\u0131\u2019na yak\u0131\u015f\u0131r bir sivil anayasa \u00e7al\u0131\u015fmas\u0131na ili\u015fkin talebinizi ve bununla ilgili giri\u015fimlerde bulunaca\u011f\u0131n\u0131z\u0131 ifade ettiniz. Meclis a\u00e7\u0131ld\u0131\u011f\u0131nda \u00f6ncelikli g\u00fcndeminiz ne olacak&#8221; sorusuna Cumhurba\u015fkan\u0131 Erdo\u011fan, &#8220;Anayasayla ilgili davetimizi biz 12 Eyl\u00fcl\u2019\u00fcn y\u0131l d\u00f6n\u00fcm\u00fcnde Ulucanlar Cezaevi M\u00fczesi\u2019nde zaten yapt\u0131k. Bunu yaparken de \u00f6zellikle \u015funu s\u00f6yledik, dedik ki \u2018gelin bir sivil anayasay\u0131 bu d\u00f6nemde yapal\u0131m.\u2019 Bu konuyla ilgili olarak da AK Parti meclis grubumuz parlamentoda grubu olan di\u011fer partilerle g\u00f6r\u00fc\u015fmek suretiyle \u2018gelin bir sivil anayasay\u0131 beraber yapal\u0131m\u2019 davetimizi iletecek. Kabul ederler etmezler ama biz \u015fu anda kap\u0131lar\u0131 \u00e7alaca\u011f\u0131z. Kim \u00e7alacak? AK Parti\u2019nin TBMM Grubu. Bundan dolay\u0131 da herhangi bir nazlanmaya filan gerek yok. Arkada\u015flar\u0131ma da gereken talimatlar\u0131 verdim. Grup Ba\u015fkan\u0131m\u0131z Abdullah G\u00fcler Bey\u2019e \u2018hemen gereken suretle g\u00f6r\u00fc\u015fmeleri yap\u0131n\u2019 dedim. Yani 1 Ekim\u2019den itibaren Meclis konu\u015fmam\u0131zda da gerekli vurguyu buna g\u00f6re yapar\u0131z, gerekli ad\u0131mlar\u0131 da buna g\u00f6re in\u015fallah atar\u0131z. T\u00fcrkiye art\u0131k darbe anayasas\u0131 ay\u0131b\u0131ndan kurtulmal\u0131d\u0131r. Benim milletim \u00e7a\u011f\u0131n \u015fartlar\u0131na uygun, sivil, \u00f6zg\u00fcrl\u00fck\u00e7\u00fc, dili ve b\u00fct\u00fcnl\u00fc\u011f\u00fc ile milleti kucaklayan bir anayasa ile y\u00f6netilmeyi sonuna kadar hak ediyor. Zaman i\u00e7erisinde yap\u0131lan m\u00fcdahalelerle belli bir mesafe al\u0131nsa da mevcut anayasa T\u00fcrkiye Y\u00fczy\u0131l\u0131\u2019na yak\u0131\u015fmayan bir yap\u0131dad\u0131r. Hedefimiz t\u00fcm vatanda\u015flar\u0131m\u0131z\u0131n &#8216;benim anayasam&#8217; diyece\u011fi bir anayasa ortaya koymakt\u0131r. Umar\u0131m uzla\u015f\u0131 i\u00e7erisinde T\u00fcrkiye\u2019ye yak\u0131\u015f\u0131r birlikteli\u011fi ortaya koyarak anayasa metnimizi ortaya \u00e7\u0131kart\u0131r\u0131z. \u00c7a\u011fr\u0131m\u0131z t\u00fcm siyasi partilerimizin vaadi olan yeni anayasa konusunu bizlere yak\u0131\u015f\u0131r bir bi\u00e7imde neticelendirmek ve millete verdi\u011fimiz s\u00f6z\u00fc tutmak i\u00e7indir&#8221; \u015feklinde cevap verdi.<\/span><\/p>\n","protected":false},"excerpt":{"rendered":"<p>Cumhurba\u015fkan\u0131 Recep Tayyip Erdo\u011fan, Azerbaycan&#8217;a yapt\u0131\u011f\u0131 ziyaretin ard\u0131ndan T\u00fcrkiye&#8217;ye d\u00f6n\u00fc\u015f\u00fcnde u\u00e7akta gazetecilere de\u011ferlendirmelerde bulundu, sorular\u0131n\u0131 yan\u0131tlad\u0131. Cumhurba\u015fkan\u0131 Erdo\u011fan, &#8220;Menendez&#8217;in devreden<\/p>\n","protected":false},"author":3,"featured_media":15821,"comment_status":"open","ping_status":"open","sticky":false,"template":"","format":"standard","meta":{"colormag_page_container_layout":"default_layout","colormag_page_sidebar_layout":"default_layout","footnotes":""},"categories":[1,5,8],"tags":[],"class_list":["post-15819","post","type-post","status-publish","format-standard","has-post-thumbnail","hentry","category-genel","category-gundem","category-siyaset"],"_links":{"self":[{"href":"https:\/\/marmarayerelhizmet.com\/index.php\/wp-json\/wp\/v2\/posts\/15819","targetHints":{"allow":["GET"]}}],"collection":[{"href":"https:\/\/marmarayerelhizmet.com\/index.php\/wp-json\/wp\/v2\/posts"}],"about":[{"href":"https:\/\/marmarayerelhizmet.com\/index.php\/wp-json\/wp\/v2\/types\/post"}],"author":[{"embeddable":true,"href":"https:\/\/marmarayerelhizmet.com\/index.php\/wp-json\/wp\/v2\/users\/3"}],"replies":[{"embeddable":true,"href":"https:\/\/marmarayerelhizmet.com\/index.php\/wp-json\/wp\/v2\/comments?post=15819"}],"version-history":[{"count":0,"href":"https:\/\/marmarayerelhizmet.com\/index.php\/wp-json\/wp\/v2\/posts\/15819\/revisions"}],"wp:featuredmedia":[{"embeddable":true,"href":"https:\/\/marmarayerelhizmet.com\/index.php\/wp-json\/wp\/v2\/media\/15821"}],"wp:attachment":[{"href":"https:\/\/marmarayerelhizmet.com\/index.php\/wp-json\/wp\/v2\/media?parent=15819"}],"wp:term":[{"taxonomy":"category","embeddable":true,"href":"https:\/\/marmarayerelhizmet.com\/index.php\/wp-json\/wp\/v2\/categories?post=15819"},{"taxonomy":"post_tag","embeddable":true,"href":"https:\/\/marmarayerelhizmet.com\/index.php\/wp-json\/wp\/v2\/tags?post=15819"}],"curies":[{"name":"wp","href":"https:\/\/api.w.org\/{rel}","templated":true}]}}