{"id":15803,"date":"2023-09-26T10:29:45","date_gmt":"2023-09-26T07:29:45","guid":{"rendered":"https:\/\/marmarayerelhizmet.com\/?p=15803"},"modified":"2023-09-26T10:29:45","modified_gmt":"2023-09-26T07:29:45","slug":"engelliler-balikesirde-bulustu","status":"publish","type":"post","link":"https:\/\/marmarayerelhizmet.com\/index.php\/2023\/09\/26\/engelliler-balikesirde-bulustu\/","title":{"rendered":"Engelliler Bal\u0131kesir&#8217;de Bulu\u015ftu"},"content":{"rendered":"<p><strong><span style=\"font-family: arial, helvetica, sans-serif; font-size: 14px;\">T\u00fcrkiye Sakatlar Derne\u011fi(TSD) Bal\u0131kesir \u015eubesi ve Bal\u0131kesir Engelli Spor Kul\u00fcb\u00fc\u2019n\u00fcn payda\u015f\u0131 oldu\u011fu; Avrupa birli\u011fi program\u0131 dahilinde s\u00fcrd\u00fcr\u00fclen &#8220;Let&#8217;s Remove The Obstacles With Sports-&#8216;Engelleri sporla kald\u0131ral\u0131m'&#8221; ba\u015fl\u0131kl\u0131 gen\u00e7lik projesi; \u0130talya, Romanya, Litvanya, Polonya ve T\u00fcrkiye\u2019nin kat\u0131l\u0131m\u0131 ile projenin ilk aya\u011f\u0131 Bal\u0131kesir&#8217;de tamamland\u0131.<br \/>\n<\/span><\/strong><br \/>\n<span style=\"font-family: arial, helvetica, sans-serif; font-size: 14px;\">TSD \u015eube Ba\u015fkan\u0131 Zeki Uslu projenin temel konusunun engelli bireyleri sporun her alan\u0131nda aktif olmalar\u0131n\u0131 desteklemek ve g\u00f6r\u00fcn\u00fcrl\u00fc\u011f\u00fcn\u00fc sa\u011flamak oldu\u011funu, bu dahilde 14\u2019\u00fc engelli olmak \u00fczere 35 ki\u015filik bir kat\u0131l\u0131mc\u0131n\u0131m bu projede yer ald\u0131\u011f\u0131n\u0131, bir ba\u015fka y\u00f6n\u00fcyle bu projede k\u00fclt\u00fcrel etkile\u015fimin de ama\u00e7lanm\u0131\u015f oldu\u011funu. Ba\u015fta T\u00fcrk k\u00fclt\u00fcr ve adetleri olmak \u00fczere kat\u0131l\u0131mc\u0131 \u00fclkelerin k\u00fclt\u00fcrlerini ke\u015ffetmeleri ve anlamalar\u0131 i\u00e7in ayr\u0131ca Bal\u0131kesir \u0130linde engellilerin topluma kat\u0131l\u0131m\u0131n\u0131 destekleyen \u00e7al\u0131\u015fmalar\u0131n tan\u0131t\u0131m\u0131n\u0131n da bu projenin hedefleri aras\u0131nda yer ald\u0131\u011f\u0131n\u0131 s\u00f6yledi.<\/span><br \/>\n<span style=\"font-family: arial, helvetica, sans-serif; font-size: 14px;\">Ba\u015fkan Uslu bu bulu\u015fmada TSD Bal\u0131kesir \u015eubesinde Bal\u0131kesir Engelli Spor Kul\u00fcb\u00fc tak\u0131mlar\u0131 ile Geleneksel T\u00fcrk Ok\u00e7ulu\u011fu tan\u0131t\u0131m\u0131n\u0131n yap\u0131ld\u0131\u011f\u0131n\u0131, gelen misafirlerle birlikte Bocce ve Ok at\u0131\u015f\u0131 deneyimleyerek keyifli bir etkile\u015fim sergilendi\u011fini ifade etti.<\/span><br \/>\n<span style=\"font-family: arial, helvetica, sans-serif; font-size: 14px;\">Avrupa&#8217;n\u0131n de\u011fi\u015fik \u00fclkelerinden gelen misafir engellilere spor yapman\u0131n yan\u0131 s\u0131ra Bal\u0131kesir mant\u0131s\u0131 ve h\u00f6\u015fmerim ikram edilerek misafirler y\u00f6resel tatlar ile u\u011furland\u0131.<\/span><\/p>\n","protected":false},"excerpt":{"rendered":"<p>T\u00fcrkiye Sakatlar Derne\u011fi(TSD) Bal\u0131kesir \u015eubesi ve Bal\u0131kesir Engelli Spor Kul\u00fcb\u00fc\u2019n\u00fcn payda\u015f\u0131 oldu\u011fu; Avrupa birli\u011fi program\u0131 dahilinde s\u00fcrd\u00fcr\u00fclen &#8220;Let&#8217;s Remove The<\/p>\n","protected":false},"author":3,"featured_media":15805,"comment_status":"open","ping_status":"open","sticky":false,"template":"","format":"standard","meta":{"colormag_page_container_layout":"default_layout","colormag_page_sidebar_layout":"default_layout","footnotes":""},"categories":[1,5,9],"tags":[],"class_list":["post-15803","post","type-post","status-publish","format-standard","has-post-thumbnail","hentry","category-genel","category-gundem","category-spor"],"_links":{"self":[{"href":"https:\/\/marmarayerelhizmet.com\/index.php\/wp-json\/wp\/v2\/posts\/15803","targetHints":{"allow":["GET"]}}],"collection":[{"href":"https:\/\/marmarayerelhizmet.com\/index.php\/wp-json\/wp\/v2\/posts"}],"about":[{"href":"https:\/\/marmarayerelhizmet.com\/index.php\/wp-json\/wp\/v2\/types\/post"}],"author":[{"embeddable":true,"href":"https:\/\/marmarayerelhizmet.com\/index.php\/wp-json\/wp\/v2\/users\/3"}],"replies":[{"embeddable":true,"href":"https:\/\/marmarayerelhizmet.com\/index.php\/wp-json\/wp\/v2\/comments?post=15803"}],"version-history":[{"count":0,"href":"https:\/\/marmarayerelhizmet.com\/index.php\/wp-json\/wp\/v2\/posts\/15803\/revisions"}],"wp:featuredmedia":[{"embeddable":true,"href":"https:\/\/marmarayerelhizmet.com\/index.php\/wp-json\/wp\/v2\/media\/15805"}],"wp:attachment":[{"href":"https:\/\/marmarayerelhizmet.com\/index.php\/wp-json\/wp\/v2\/media?parent=15803"}],"wp:term":[{"taxonomy":"category","embeddable":true,"href":"https:\/\/marmarayerelhizmet.com\/index.php\/wp-json\/wp\/v2\/categories?post=15803"},{"taxonomy":"post_tag","embeddable":true,"href":"https:\/\/marmarayerelhizmet.com\/index.php\/wp-json\/wp\/v2\/tags?post=15803"}],"curies":[{"name":"wp","href":"https:\/\/api.w.org\/{rel}","templated":true}]}}