{"id":15799,"date":"2023-09-26T10:27:26","date_gmt":"2023-09-26T07:27:26","guid":{"rendered":"https:\/\/marmarayerelhizmet.com\/?p=15799"},"modified":"2023-09-26T10:27:26","modified_gmt":"2023-09-26T07:27:26","slug":"gozler-emekli-zamminda-olacak","status":"publish","type":"post","link":"https:\/\/marmarayerelhizmet.com\/index.php\/2023\/09\/26\/gozler-emekli-zamminda-olacak\/","title":{"rendered":"G\u00f6zler Emekli Zamm\u0131nda Olacak"},"content":{"rendered":"<p><strong><span style=\"font-family: arial, helvetica, sans-serif; font-size: 14px;\">Cumhurba\u015fkanl\u0131\u011f\u0131 Kabinesi toplant\u0131s\u0131nda masada, emekli maa\u015flar\u0131na yap\u0131lacak ek zam yer alacak.<br \/>\n<\/span><\/strong><br \/>\n<span style=\"font-family: arial, helvetica, sans-serif; font-size: 14px;\">Cumhurba\u015fkanl\u0131\u011f\u0131 Kabinesi\u2019nin Cumhurba\u015fkan\u0131 Recep Tayyip Erdo\u011fan Ba\u015fkanl\u0131\u011f\u0131\u2019nda bug\u00fcn toplanmas\u0131 bekleniyor. Toplant\u0131n\u0131n ana g\u00fcndem maddelerinden birisi emekli ayl\u0131klar\u0131na yap\u0131lacak maa\u015f zamm\u0131 olacak. Yap\u0131lan son Kabine toplant\u0131s\u0131 sonras\u0131nda Cumhurba\u015fkan\u0131 Erdo\u011fan, &#8220;Emeklilerle ilgili ayr\u0131ca Bakanl\u0131\u011f\u0131m\u0131z \u00e7al\u0131\u015fmalar\u0131n\u0131 s\u00fcrd\u00fcr\u00fcyor. Memurlar\u0131m\u0131za bu zamlar gelirken, emeklilerimize hi\u00e7bir \u015feyin gelmemesi olacak bir \u015fey de\u011fil. Onlar\u0131 da in\u015fallah memnun edecek ad\u0131mlar\u0131 ataca\u011f\u0131z&#8221; demi\u015fti. Ayr\u0131ca emekli maa\u015flar\u0131na ili\u015fkin yasal d\u00fczenleme i\u00e7in Cumhurba\u015fkan\u0131 Yard\u0131mc\u0131l\u0131\u011f\u0131, \u00c7al\u0131\u015fma ve Sosyal G\u00fcvenlik Bakanl\u0131\u011f\u0131 ile Hazine ve Maliye Bakanl\u0131\u011f\u0131&#8217;ndan olu\u015fan 3\u2019l\u00fc mekanizman\u0131n \u00e7al\u0131\u015fmalar\u0131 s\u00fcr\u00fcyor. Meclis&#8217;in a\u00e7\u0131lmas\u0131yla g\u00fcndeme gelecek d\u00fczenlemede gelinen a\u015famaya ili\u015fkin kabine toplant\u0131s\u0131nda g\u00f6r\u00fc\u015f al\u0131\u015fveri\u015finde bulunulmas\u0131 bekleniyor.<\/span><\/p>\n<p><strong><span style=\"font-family: arial, helvetica, sans-serif; font-size: 14px;\">Emekli maa\u015f\u0131 ek zam ne zaman<\/span><\/strong><br \/>\n<span style=\"font-family: arial, helvetica, sans-serif; font-size: 14px;\">Emekli maa\u015flar\u0131na yap\u0131lmas\u0131 planlanan en zam i\u00e7in g\u00f6zler Meclis&#8217;in a\u00e7\u0131laca\u011f\u0131 tarihe \u00e7evrilecek. Bu nedenle ekim ay\u0131nda \u00e7al\u0131\u015fmalar\u0131n tamamlanmas\u0131 ve kas\u0131m ay\u0131nda ise ek zamlar\u0131n ger\u00e7ekle\u015fmesi bekleniyor.<\/span><\/p>\n<p><strong><span style=\"font-family: arial, helvetica, sans-serif; font-size: 14px;\">En d\u00fc\u015f\u00fck emekli ayl\u0131\u011f\u0131 ne kadar olacak<\/span><\/strong><br \/>\n<span style=\"font-family: arial, helvetica, sans-serif; font-size: 14px;\">\u00d6te yandan 7 bin 500 lira olan en d\u00fc\u015f\u00fck emekli ayl\u0131\u011f\u0131n\u0131n da yap\u0131lacak d\u00fczenlemeyle art\u0131r\u0131lmas\u0131 bekleniyor. 2023 y\u0131l\u0131 mevcut enflasyon art\u0131\u015f\u0131na g\u00f6re en d\u00fc\u015f\u00fck emekli ayl\u0131\u011f\u0131na y\u00fczde 37.76 zam durumunda 7 bin 500 liral\u0131k en d\u00fc\u015f\u00fck emekli ayl\u0131\u011f\u0131n\u0131n 10 bin 332 liraya y\u00fckselece\u011fi g\u00f6r\u00fclmekte.<\/span><br \/>\n<span style=\"font-family: arial, helvetica, sans-serif; font-size: 14px;\">Sosyal G\u00fcvenlik Ba\u015fuzman\u0131 \u0130sa Karaka\u015f ise, haziran ay\u0131nda yap\u0131lan emekli zamlar\u0131n\u0131 ard\u0131ndan Asgari \u00fccretin 8 bin 500 en d\u00fc\u015f\u00fck emekli ayl\u0131\u011f\u0131n\u0131n 7 bin 500 oldu\u011funu ve en d\u00fc\u015f\u00fck emekli ayl\u0131\u011f\u0131n\u0131n asgari \u00fccretin y\u00fczde 88\u2019i kadar oldu\u011funu ifade etti. Karaka\u015f Sadece asgari \u00fccret baz\u0131nda bile emeklilerin maa\u015flar\u0131n\u0131n korunmas\u0131 halinde y\u00fcne y\u00fczde 88\u2019lik bir zamm\u0131n yap\u0131lmas\u0131 gerekti\u011fini s\u00f6yleyerek, \u201cBuradan hareketle \u015fu anda asgari \u00fccretin 11 bin 400 oldu\u011funu ele ald\u0131\u011f\u0131m\u0131zda en d\u00fc\u015f\u00fck emekli maa\u015f\u0131n\u0131n 10 lira civar\u0131nda olmas\u0131 gerekti\u011fini s\u00f6yleyebiliriz\u201d ifadelerini kullanm\u0131\u015ft\u0131.<\/span><\/p>\n","protected":false},"excerpt":{"rendered":"<p>Cumhurba\u015fkanl\u0131\u011f\u0131 Kabinesi toplant\u0131s\u0131nda masada, emekli maa\u015flar\u0131na yap\u0131lacak ek zam yer alacak. Cumhurba\u015fkanl\u0131\u011f\u0131 Kabinesi\u2019nin Cumhurba\u015fkan\u0131 Recep Tayyip Erdo\u011fan Ba\u015fkanl\u0131\u011f\u0131\u2019nda bug\u00fcn toplanmas\u0131<\/p>\n","protected":false},"author":3,"featured_media":15801,"comment_status":"open","ping_status":"open","sticky":false,"template":"","format":"standard","meta":{"colormag_page_container_layout":"default_layout","colormag_page_sidebar_layout":"default_layout","footnotes":""},"categories":[3,1,5,8],"tags":[],"class_list":["post-15799","post","type-post","status-publish","format-standard","has-post-thumbnail","hentry","category-ekonomi","category-genel","category-gundem","category-siyaset"],"_links":{"self":[{"href":"https:\/\/marmarayerelhizmet.com\/index.php\/wp-json\/wp\/v2\/posts\/15799","targetHints":{"allow":["GET"]}}],"collection":[{"href":"https:\/\/marmarayerelhizmet.com\/index.php\/wp-json\/wp\/v2\/posts"}],"about":[{"href":"https:\/\/marmarayerelhizmet.com\/index.php\/wp-json\/wp\/v2\/types\/post"}],"author":[{"embeddable":true,"href":"https:\/\/marmarayerelhizmet.com\/index.php\/wp-json\/wp\/v2\/users\/3"}],"replies":[{"embeddable":true,"href":"https:\/\/marmarayerelhizmet.com\/index.php\/wp-json\/wp\/v2\/comments?post=15799"}],"version-history":[{"count":0,"href":"https:\/\/marmarayerelhizmet.com\/index.php\/wp-json\/wp\/v2\/posts\/15799\/revisions"}],"wp:featuredmedia":[{"embeddable":true,"href":"https:\/\/marmarayerelhizmet.com\/index.php\/wp-json\/wp\/v2\/media\/15801"}],"wp:attachment":[{"href":"https:\/\/marmarayerelhizmet.com\/index.php\/wp-json\/wp\/v2\/media?parent=15799"}],"wp:term":[{"taxonomy":"category","embeddable":true,"href":"https:\/\/marmarayerelhizmet.com\/index.php\/wp-json\/wp\/v2\/categories?post=15799"},{"taxonomy":"post_tag","embeddable":true,"href":"https:\/\/marmarayerelhizmet.com\/index.php\/wp-json\/wp\/v2\/tags?post=15799"}],"curies":[{"name":"wp","href":"https:\/\/api.w.org\/{rel}","templated":true}]}}