{"id":15791,"date":"2023-09-26T10:24:44","date_gmt":"2023-09-26T07:24:44","guid":{"rendered":"https:\/\/marmarayerelhizmet.com\/?p=15791"},"modified":"2023-09-26T10:24:44","modified_gmt":"2023-09-26T07:24:44","slug":"orman-bolge-mudurlugune-ziyaret","status":"publish","type":"post","link":"https:\/\/marmarayerelhizmet.com\/index.php\/2023\/09\/26\/orman-bolge-mudurlugune-ziyaret\/","title":{"rendered":"Orman B\u00f6lge M\u00fcd\u00fcrl\u00fc\u011f\u00fc&#8217;ne Ziyaret"},"content":{"rendered":"<p><strong><span style=\"font-family: arial, helvetica, sans-serif; font-size: 14px;\">Bal\u0131kesir Orman B\u00f6lge M\u00fcd\u00fcrl\u00fc\u011f\u00fcn\u00fc ziyaret eden Vali \u0130smail Ustao\u011flu, Bal\u0131kesir Orman B\u00f6lge M\u00fcd\u00fcrl\u00fc\u011f\u00fc toplant\u0131 salonunda, B\u00f6lge M\u00fcd\u00fcr\u00fc Kemal Kay\u0131ran\u2019dan brifing ald\u0131.<br \/>\n<\/span><\/strong><br \/>\n<span style=\"font-family: arial, helvetica, sans-serif; font-size: 14px;\">B\u00f6lge M\u00fcd\u00fcrl\u00fc\u011f\u00fc, B\u00f6lge M\u00fcd\u00fcr Yard\u0131mc\u0131lar\u0131, \u015eube M\u00fcd\u00fcrleri ve Merkez \u0130\u015fletme M\u00fcd\u00fcr\u00fcn\u00fcn de haz\u0131r bulundu\u011fu toplant\u0131da B\u00f6lge M\u00fcd\u00fcr\u00fc Kay\u0131ran, sunu e\u015fli\u011finde Bal\u0131kesir Orman B\u00f6lge M\u00fcd\u00fcrl\u00fc\u011f\u00fcn\u00fcn te\u015fkilat yap\u0131s\u0131 ve tan\u0131t\u0131m\u0131, y\u00fcr\u00fct\u00fclen ormanc\u0131l\u0131k faaliyetleri, orman yang\u0131nlar\u0131 ile m\u00fccadelede son durum, ormanlar\u0131n halk\u0131n hizmetine sunulmas\u0131 ve ekoturizm faaliyetleri, \u00fclke ekonomisine sa\u011flanan katk\u0131lar ile Bal\u0131kesir Oman B\u00f6lge M\u00fcd\u00fcrl\u00fc\u011f\u00fcn\u00fcn \u00f6zellikli projelerinden olan ve ciddi manada yak\u0131t ve zamandan tasarruf sa\u011flayan termodinamik tohum \u00e7\u0131karma tesisi ile ENH altlar\u0131ndaki at\u0131l arazilerin, halk\u0131n gelirlerini art\u0131rmak amac\u0131yla \u201cGelir Getirici T\u00fcrler\u201d (GGT) ile bitkilendirilmesi konusunda bilgiler verdi.<\/span><br \/>\n<span style=\"font-family: arial, helvetica, sans-serif; font-size: 14px;\">Bal\u0131kesir Valisi \u0130smail Ustao\u011flu, B\u00f6lge M\u00fcd\u00fcrl\u00fc\u011f\u00fcnce y\u00fcr\u00fct\u00fclen ormanc\u0131l\u0131k faaliyetleriyle, \u00f6zellikle de orman yang\u0131nlar\u0131 ile etkin ve ba\u015far\u0131l\u0131 m\u00fccadeleye \u015fahit oldu\u011funu, ilimizin da\u011flar\u0131yla, ormanlar\u0131yla ve ovas\u0131yla sakl\u0131 bir hazine oldu\u011funu dile getirerek, Bal\u0131kesir\u2019in sadece sahil kesimiyle de\u011fil ormanlar\u0131yla, ormanlar\u0131nda bulunan do\u011fal g\u00fczellikleriyle ve ormanlarda olu\u015fturulan Eko turizm sahalar\u0131yla da ad\u0131ndan s\u00f6z ettirmesi gerekti\u011fini, jeotermalin sadece kapl\u0131ca olarak de\u011fil tar\u0131m ve enerji alan\u0131nda da etkin kullan\u0131lmas\u0131 gerekti\u011fini ifade ederek B\u00f6lge M\u00fcd\u00fcrl\u00fc\u011f\u00fcnce y\u00fcr\u00fct\u00fclen faaliyetlerden dolay\u0131 B\u00f6lge M\u00fcd\u00fcr\u00fc Kemal Kay\u0131ran\u2019a te\u015fekk\u00fcr ederek \u00e7al\u0131\u015fmalar\u0131m\u0131zda ba\u015far\u0131lar diledi.<\/span><\/p>\n","protected":false},"excerpt":{"rendered":"<p>Bal\u0131kesir Orman B\u00f6lge M\u00fcd\u00fcrl\u00fc\u011f\u00fcn\u00fc ziyaret eden Vali \u0130smail Ustao\u011flu, Bal\u0131kesir Orman B\u00f6lge M\u00fcd\u00fcrl\u00fc\u011f\u00fc toplant\u0131 salonunda, B\u00f6lge M\u00fcd\u00fcr\u00fc Kemal Kay\u0131ran\u2019dan brifing<\/p>\n","protected":false},"author":3,"featured_media":15793,"comment_status":"open","ping_status":"open","sticky":false,"template":"","format":"standard","meta":{"colormag_page_container_layout":"default_layout","colormag_page_sidebar_layout":"default_layout","footnotes":""},"categories":[1,5,8],"tags":[],"class_list":["post-15791","post","type-post","status-publish","format-standard","has-post-thumbnail","hentry","category-genel","category-gundem","category-siyaset"],"_links":{"self":[{"href":"https:\/\/marmarayerelhizmet.com\/index.php\/wp-json\/wp\/v2\/posts\/15791","targetHints":{"allow":["GET"]}}],"collection":[{"href":"https:\/\/marmarayerelhizmet.com\/index.php\/wp-json\/wp\/v2\/posts"}],"about":[{"href":"https:\/\/marmarayerelhizmet.com\/index.php\/wp-json\/wp\/v2\/types\/post"}],"author":[{"embeddable":true,"href":"https:\/\/marmarayerelhizmet.com\/index.php\/wp-json\/wp\/v2\/users\/3"}],"replies":[{"embeddable":true,"href":"https:\/\/marmarayerelhizmet.com\/index.php\/wp-json\/wp\/v2\/comments?post=15791"}],"version-history":[{"count":0,"href":"https:\/\/marmarayerelhizmet.com\/index.php\/wp-json\/wp\/v2\/posts\/15791\/revisions"}],"wp:featuredmedia":[{"embeddable":true,"href":"https:\/\/marmarayerelhizmet.com\/index.php\/wp-json\/wp\/v2\/media\/15793"}],"wp:attachment":[{"href":"https:\/\/marmarayerelhizmet.com\/index.php\/wp-json\/wp\/v2\/media?parent=15791"}],"wp:term":[{"taxonomy":"category","embeddable":true,"href":"https:\/\/marmarayerelhizmet.com\/index.php\/wp-json\/wp\/v2\/categories?post=15791"},{"taxonomy":"post_tag","embeddable":true,"href":"https:\/\/marmarayerelhizmet.com\/index.php\/wp-json\/wp\/v2\/tags?post=15791"}],"curies":[{"name":"wp","href":"https:\/\/api.w.org\/{rel}","templated":true}]}}