{"id":15783,"date":"2023-09-25T19:57:44","date_gmt":"2023-09-25T16:57:44","guid":{"rendered":"https:\/\/marmarayerelhizmet.com\/?p=15783"},"modified":"2023-09-25T19:57:44","modified_gmt":"2023-09-25T16:57:44","slug":"isitmeye-devam-et","status":"publish","type":"post","link":"https:\/\/marmarayerelhizmet.com\/index.php\/2023\/09\/25\/isitmeye-devam-et\/","title":{"rendered":"&#8216;\u0130\u015fitmeye Devam Et&#8217;"},"content":{"rendered":"<p><strong><span style=\"font-family: arial, helvetica, sans-serif; font-size: 14px;\">Esenler Belediyesi, Uluslararas\u0131 \u0130\u015fitme Engelliler Haftas\u0131\u2019na \u00f6zel \u201c\u0130\u015fitmeye Devam Et\u201d adl\u0131 programa ev sahipli\u011fi yapt\u0131. Moderat\u00f6rl\u00fc\u011f\u00fcn\u00fc Zahide Yeti\u015f\u2019in \u00fcstlendi\u011fi ve Do\u00e7 Dr. Yavuz Dizdar\u2019\u0131n i\u015fitme kayb\u0131n\u0131 etkileyen fakt\u00f6rleri ele ald\u0131\u011f\u0131 programda Dizdar, \u201cKemoterapi ila\u00e7lar\u0131 ve yanl\u0131\u015f beslenme i\u015fitme kayb\u0131na neden oluyor\u201d dedi.<br \/>\n<\/span><\/strong><br \/>\n<span style=\"font-family: arial, helvetica, sans-serif; font-size: 14px;\">Esenler Belediyesi, \u0130CAAD (\u0130\u015fitme Cihazlar\u0131 Akustik ve Odyoloji Derne\u011fi) ve Si-Ser \u0130\u015fitme Cihazlar\u0131 i\u015f birli\u011fiyle Zahide Yeti\u015f\u2019in sunuculu\u011funu yapt\u0131\u011f\u0131, Onkoloji Uzman\u0131 Do\u00e7. Dr. Yavuz Dizdar\u2019\u0131n ise konu\u015fmac\u0131 olarak kat\u0131ld\u0131\u011f\u0131 \u201c\u0130\u015fitmeye Devam Et\u201d adl\u0131 programa ev sahipli\u011fi yapt\u0131. Programda i\u015fitmenin \u00f6nemi vurgulanarak i\u015fitme kayb\u0131n\u0131 etkileyen fakt\u00f6rlere \u0131\u015f\u0131k tutuldu. Programda ayr\u0131ca kemoterapi s\u00fcreciyle ilgili s\u00fcre\u00e7ler hakk\u0131nda bilgi verildi. Programa kat\u0131lan herkese \u00fccretsiz olarak i\u015fitme testi yap\u0131ld\u0131.<\/span><\/p>\n<p><strong><span style=\"font-family: arial, helvetica, sans-serif; font-size: 14px;\">Kemoterapi ila\u00e7lar\u0131 i\u015fitmeyi azalt\u0131yor<\/span><\/strong><br \/>\n<span style=\"font-family: arial, helvetica, sans-serif; font-size: 14px;\">\u00c7ok say\u0131da Esenlerlinin kat\u0131ld\u0131\u011f\u0131 programda Dizdar, s\u00f6zlerine duymak ve i\u015fitmenin farkl\u0131 \u015feyler oldu\u011funu vurgulayarak ba\u015flad\u0131. Duyman\u0131n \u00e7evresel fakt\u00f6rlerin yan\u0131 s\u0131ra genetik olabilece\u011fini de kaydeden Dizdar, \u201cKanser tedavisinde g\u00f6r\u00fclen kemoterapi s\u00fcrecinde \u00e7o\u011fu ilac\u0131n i\u015fitmeye olumsuz etkisi olabiliyor. G\u00fcn\u00fcm\u00fczde T\u00fcrkiye\u2019de her 8 kad\u0131ndan 1\u2019i meme kanseri tan\u0131s\u0131 al\u0131yor. ABD\u2019de ise 3 kad\u0131ndan biri meme kanseriyle m\u00fccadele ediyor. Ne yaz\u0131k ki biz de ABD\u2019deki bu orana yakla\u015f\u0131yoruz. Yap\u0131lan ara\u015ft\u0131rmalara g\u00f6re kanser tedavisinde kullan\u0131lan ila\u00e7lar i\u015fitme kayb\u0131na neden oluyor. Ama bu ikinci bir unsurdur. \u0130lk problem di\u011fer \u00e7evresel fakt\u00f6rlerle ilgili oluyor. \u00d6rne\u011fin, genellikle gen\u00e7lerin kulakl\u0131klar\u0131n ses seviyesini y\u00fcksek bir \u015fekilde kullanmalar\u0131, i\u015fitmeyi ciddi oranda etkiliyor. Fazla gelen ses frekanslar\u0131yla duyulan sesler de y\u0131llar i\u00e7erisinde i\u015fitme kayb\u0131na sebep oluyor. Esnekli\u011fini yitiren kulak \u00e7ocuklar\u0131n okuldaki ba\u015far\u0131s\u0131n\u0131 etkiliyor. Yanl\u0131\u015f kulak temizli\u011fi ve bilin\u00e7sizce yap\u0131lan m\u00fcdahaleler kula\u011fa zarar veriyor\u201d ifadelerinde bulundu.<br \/>\n<\/span><br \/>\n<strong><span style=\"font-family: arial, helvetica, sans-serif; font-size: 14px;\">Toplumsal bir sorun haline geldi<\/span><\/strong><br \/>\n<span style=\"font-family: arial, helvetica, sans-serif; font-size: 14px;\">\u0130\u015fitme kayb\u0131na neden olan \u00e7evresel fakt\u00f6rlere paketlenmi\u015f g\u0131da t\u00fcketimini de ekleyen Dizdar, \u201cYenilen abur cuburlar ve paketlenmi\u015f g\u0131dalar\u0131n i\u00e7eri\u011fi i\u015fitmeyi uzun vadede etkileyen bir fakt\u00f6r. Tabii kulak yap\u0131s\u0131yla ilgili duyulan sesler farkl\u0131l\u0131k g\u00f6sterebiliyor. \u0130\u015fitme duyusu g\u00f6rmeye oranla daha fazla sezgisel kar\u015f\u0131l\u0131\u011f\u0131 olan bir duyudur. Bu sebeple i\u015fitme kayb\u0131n\u0131n yava\u015f yava\u015f ger\u00e7ekle\u015fmesi zamanla toplumsal bir sorun haline geliyor. Ayr\u0131ca \u00e7\u0131nlama problemi de tedavi edildi\u011fi s\u00fcrece g\u00fcn\u00fcm\u00fczde \u00e7\u00f6z\u00fcme ula\u015fabiliyor. Erken te\u015fhis ve m\u00fcdahale bu do\u011frultuda \u00e7ok \u00f6nemli\u201d \u015feklinde konu\u015ftu.<\/span><\/p>\n","protected":false},"excerpt":{"rendered":"<p>Esenler Belediyesi, Uluslararas\u0131 \u0130\u015fitme Engelliler Haftas\u0131\u2019na \u00f6zel \u201c\u0130\u015fitmeye Devam Et\u201d adl\u0131 programa ev sahipli\u011fi yapt\u0131. Moderat\u00f6rl\u00fc\u011f\u00fcn\u00fc Zahide Yeti\u015f\u2019in \u00fcstlendi\u011fi ve<\/p>\n","protected":false},"author":3,"featured_media":15785,"comment_status":"open","ping_status":"open","sticky":false,"template":"","format":"standard","meta":{"colormag_page_container_layout":"default_layout","colormag_page_sidebar_layout":"default_layout","footnotes":""},"categories":[1,5,7,8],"tags":[],"class_list":["post-15783","post","type-post","status-publish","format-standard","has-post-thumbnail","hentry","category-genel","category-gundem","category-saglik","category-siyaset"],"_links":{"self":[{"href":"https:\/\/marmarayerelhizmet.com\/index.php\/wp-json\/wp\/v2\/posts\/15783","targetHints":{"allow":["GET"]}}],"collection":[{"href":"https:\/\/marmarayerelhizmet.com\/index.php\/wp-json\/wp\/v2\/posts"}],"about":[{"href":"https:\/\/marmarayerelhizmet.com\/index.php\/wp-json\/wp\/v2\/types\/post"}],"author":[{"embeddable":true,"href":"https:\/\/marmarayerelhizmet.com\/index.php\/wp-json\/wp\/v2\/users\/3"}],"replies":[{"embeddable":true,"href":"https:\/\/marmarayerelhizmet.com\/index.php\/wp-json\/wp\/v2\/comments?post=15783"}],"version-history":[{"count":0,"href":"https:\/\/marmarayerelhizmet.com\/index.php\/wp-json\/wp\/v2\/posts\/15783\/revisions"}],"wp:featuredmedia":[{"embeddable":true,"href":"https:\/\/marmarayerelhizmet.com\/index.php\/wp-json\/wp\/v2\/media\/15785"}],"wp:attachment":[{"href":"https:\/\/marmarayerelhizmet.com\/index.php\/wp-json\/wp\/v2\/media?parent=15783"}],"wp:term":[{"taxonomy":"category","embeddable":true,"href":"https:\/\/marmarayerelhizmet.com\/index.php\/wp-json\/wp\/v2\/categories?post=15783"},{"taxonomy":"post_tag","embeddable":true,"href":"https:\/\/marmarayerelhizmet.com\/index.php\/wp-json\/wp\/v2\/tags?post=15783"}],"curies":[{"name":"wp","href":"https:\/\/api.w.org\/{rel}","templated":true}]}}