{"id":15775,"date":"2023-09-25T16:01:38","date_gmt":"2023-09-25T13:01:38","guid":{"rendered":"https:\/\/marmarayerelhizmet.com\/?p=15775"},"modified":"2023-09-25T16:01:38","modified_gmt":"2023-09-25T13:01:38","slug":"uzaya-cikacak-ilk-turkler-bursada","status":"publish","type":"post","link":"https:\/\/marmarayerelhizmet.com\/index.php\/2023\/09\/25\/uzaya-cikacak-ilk-turkler-bursada\/","title":{"rendered":"Uzaya \u00c7\u0131kacak \u0130lk T\u00fcrkler, Bursa&#8217;da"},"content":{"rendered":"<p><strong><span style=\"font-family: arial, helvetica, sans-serif; font-size: 14px;\">Tarihe &#8216;uzaya \u00e7\u0131kan ilk T\u00fcrk&#8217; olarak ge\u00e7ecek Alper Gezeravc\u0131 ve Tuva Cihangir Atasever ile 70 astronot ve kozmonot Bursa&#8217;da bulu\u015ftu.<br \/>\n<\/span><\/strong><br \/>\n<span style=\"font-family: arial, helvetica, sans-serif; font-size: 14px;\">Bursa, uzay ve havac\u0131l\u0131k alan\u0131nda tarihi bir organizasyona ev sahipli\u011fi yap\u0131yor. Bursa Ticaret ve Sanayi Odas\u0131&#8217;n\u0131n (BTSO) T\u00fcrkiye\u2019nin uzay ve havac\u0131l\u0131k temal\u0131 ilk interaktif e\u011fitim merkezi GUHEM ile i\u015f d\u00fcnyas\u0131 i\u00e7in referans e\u011fitim merkezi olarak kente kazand\u0131rd\u0131\u011f\u0131 Bursa Business School&#8217;un ev sahipli\u011finde 70 astronot ve kozmonot Bursa&#8217;da bulu\u015ftu.<\/span><br \/>\n<span style=\"font-family: arial, helvetica, sans-serif; font-size: 14px;\">Uluslararas\u0131 Uzay \u0130stasyonu&#8217;nda 14 g\u00fcn kalacak olan Alper Gezeravc\u0131, uzaya \u00e7\u0131kan ilk T\u00fcrk olarak tarihe ge\u00e7ecek. Gezeravc\u0131&#8217;n\u0131n herhangi bir sebepten dolay\u0131 uzaya \u00e7\u0131kamayacak olmas\u0131 halinde, yerine Tuva Cihangir Atasever ge\u00e7ecek. Amerika\u2019daki e\u011fitimlerine ara verip Bursa\u2019ya gelen Gezeravc\u0131 ve Atasever, bir araya geldi. Bas\u0131n mensuplar\u0131n\u0131n sorular\u0131n\u0131 cevaplayan Alper Gezeravc\u0131, &#8220;Sekt\u00f6r\u00fcnde \u00f6nc\u00fcleri temsil eden bir\u00e7ok g\u00f6reve imza atm\u0131\u015f ve tarihe ad\u0131n\u0131 yazd\u0131rm\u0131\u015f insanlar\u0131, bu sekt\u00f6rde hakikaten bir\u00e7ok \u00fclkenin vatanda\u015f\u0131na rol model te\u015fkil eden, 70\u2019e yak\u0131n astronotu, \u00fclkemizde bu vesile ile a\u011f\u0131rlamak b\u00fcy\u00fck bir mutluluk kayna\u011f\u0131. Bug\u00fcne kadar 33 defa yap\u0131lm\u0131\u015f, 34\u2019\u00fcnc\u00fcs\u00fc \u00fclkemize k\u0131smet olmu\u015f bu toplant\u0131n\u0131n, Cumhuriyet&#8217;imizin 100\u2019\u00fcnc\u00fc y\u0131l\u0131nda bizim de uzaya ilk ad\u0131m\u0131m\u0131z\u0131 atmay\u0131 planlad\u0131\u011f\u0131m\u0131z, bu \u00f6nemli y\u0131lda icra edilmi\u015f olmas\u0131, \u00e7ok de\u011ferli bir tesad\u00fcf ayn\u0131 zamanda&#8221; dedi.<\/span><br \/>\n<span style=\"font-family: arial, helvetica, sans-serif; font-size: 14px;\">Uzay yolculu\u011funun 2023\u2019\u00fcn sonlar\u0131na yak\u0131n icra edilece\u011fini belirten Gezeravc\u0131, &#8220;Amerika\u2019daki e\u011fitimler yo\u011fun bir \u015fekilde devam ediyor. S\u0131k\u0131 bir \u015fekilde e\u011fitimlerimizi s\u00fcrd\u00fcr\u00fcyoruz. F\u0131rlatman\u0131n ger\u00e7ekle\u015fece\u011fi tarihe kadar da yo\u011fun bir \u015fekilde bu program\u0131n ak\u0131\u015f\u0131 devam ediyor olacak. G\u00f6revin icra edilmesine y\u00f6nelik farkl\u0131 bile\u015fenler var. F\u0131rlatman\u0131n ger\u00e7ekle\u015ftirilecek oldu\u011fu roket, kaps\u00fcl, sonras\u0131nda IES&#8217;in i\u00e7erisinde icra edece\u011fimiz 14 g\u00fcnl\u00fck faaliyet takvimi ve sonras\u0131nda d\u00fcnyaya d\u00f6n\u00fc\u015f. Dolay\u0131s\u0131yla bu g\u00f6rev i\u00e7eriklerinin tamam\u0131n\u0131 kapsayacak \u015fekilde gerek nominal, rutin operasyonun ak\u0131\u015f\u0131, gerekse acil durum senaryolar\u0131na ili\u015fkin b\u00fct\u00fcn e\u011fitim i\u00e7eriklerini bug\u00fcne kadar kapsad\u0131k. Kalan s\u00fcrede de tamamlad\u0131\u011f\u0131m\u0131z bu e\u011fitimlerin f\u0131rlatmaya kadar, taze bilgiler olarak muhafaza edilmesi a\u00e7\u0131s\u0131ndan tekrarlar\u0131n\u0131 ger\u00e7ekle\u015ftiriyor olaca\u011f\u0131z&#8221; diye konu\u015ftu.<\/span><\/p>\n<p><strong><span style=\"font-family: arial, helvetica, sans-serif; font-size: 14px;\">&#8220;Bu g\u00f6rev hikayenin var\u0131\u015f\u0131 de\u011fil, ba\u015flang\u0131c\u0131d\u0131r&#8221;<\/span><\/strong><br \/>\n<span style=\"font-family: arial, helvetica, sans-serif; font-size: 14px;\">B\u00fcy\u00fck bir onur ve heyecan ya\u015fad\u0131klar\u0131n\u0131 belirten Gezeravc\u0131, &#8220;Ancak, bu son dakikada dahil oldu\u011fumuz ya da son dakikada adapte olmaya \u00e7al\u0131\u015ft\u0131\u011f\u0131m\u0131z bir g\u00f6rev de\u011fil. Bunun mental haz\u0131rl\u0131\u011f\u0131n\u0131 \u00e7ok daha \u00f6nceden zaten yapm\u0131\u015f durumday\u0131z. Gerek mental gerekse ruhsal a\u00e7\u0131dan g\u00f6rev i\u00e7in haz\u0131r\u0131z. Benim a\u00e7\u0131mdan en de\u011ferli kazan\u0131m, T\u00fcrkiye\u2019nin gelecek nesillerinin \u00f6z g\u00fcvenini aya\u011fa kald\u0131racak olan bir g\u00f6revdir. Bug\u00fcne kadar hayallerimizin limitini, s\u0131n\u0131r\u0131n\u0131 g\u00f6z\u00fcm\u00fczle g\u00f6rebildi\u011fimiz g\u00f6ky\u00fcz\u00fc olu\u015ftururken, art\u0131k bu g\u00f6revle birlikte gelecek nesillerimiz uzay\u0131n derinliklerine ad\u0131m at\u0131yor. Bu g\u00f6rev bir hikayenin var\u0131\u015f noktas\u0131 de\u011fil, ba\u015flang\u0131\u00e7 noktas\u0131n\u0131 te\u015fkil ediyor ve dolay\u0131s\u0131yla gelecek nesillerimiz i\u00e7in \u00e7ok b\u00fcy\u00fck bir ivme kazand\u0131racak. Onlar\u0131n ufuklar\u0131n\u0131 g\u00f6zleriyle g\u00f6rebildi\u011fi g\u00f6ky\u00fcz\u00fcn\u00fcn \u00e7ok \u00f6tesine ta\u015f\u0131yacak olan bir g\u00f6revdir&#8221; \u015feklinde konu\u015ftu.<\/span><br \/>\n<span style=\"font-family: arial, helvetica, sans-serif; font-size: 14px;\">Gezeravc\u0131&#8217;n\u0131n gidememesi halinde onun yerine 14 g\u00fcn g\u00f6rev alacak Tuva Cihangir Atasever ise, &#8220;Son derece heyecanl\u0131y\u0131z. E\u011fitimlerimiz nisan ay\u0131ndan beri devam ediyor. Amerika Birle\u015fik Devletleri&#8217;nde ve tabii ki Uluslararas\u0131 Uzay \u0130stasyonu&#8217;nda kendi mod\u00fcl\u00fcne sahip di\u011fer \u00fclkelerde, Japonya, Avrupa gibi ilgili mod\u00fcllerde a\u015final\u0131k e\u011fitimlerimizle devam ettirdik. Olduk\u00e7a yo\u011fun, olduk\u00e7a seyahatli, olduk\u00e7a da heyecanl\u0131 bir e\u011fitim program\u0131 devam ediyor. F\u0131rlatma yakla\u015ft\u0131k\u00e7a tabii ki bu heyecan gitgide artacak. Biz de b\u00fcy\u00fck bir merakla o g\u00fcn\u00fc, o kutlu an\u0131 bekliyoruz&#8221; dedi.<\/span><br \/>\n<span style=\"font-family: arial, helvetica, sans-serif; font-size: 14px;\">Atasever, konu\u015fmas\u0131n\u0131 \u015f\u00f6yle s\u00fcrd\u00fcrd\u00fc:<\/span><br \/>\n<span style=\"font-family: arial, helvetica, sans-serif; font-size: 14px;\">&#8220;Bu yolculuk tabii ki bizim esas\u0131nda, insanl\u0131 uzay yolculu\u011fumuzun bu ger\u00e7ekle\u015ftirece\u011fimiz g\u00f6rev ba\u015flang\u0131c\u0131 niteli\u011finde olacak. \u015eu anda ilk ad\u0131m\u0131 at\u0131yoruz. Bu bir ilk ad\u0131m g\u00f6revi, devam\u0131nda gelecek nesillerin bu s\u00fcreci devam ettirmesi \u00e7ok k\u0131ymetli. Onlara benim verece\u011fim en b\u00fcy\u00fck tavsiye na\u00e7izane, heyecan duyduklar\u0131, g\u00f6n\u00fcllerinde ger\u00e7ekten onlar\u0131 heyecana b\u00fcr\u00fcyen disiplin, u\u011fra\u015f her neyse onun b\u00fcy\u00fck bir heyecanla pe\u015finden ko\u015fsunlar. Ona devam etsinler. Mesele illa m\u00fchendis olmak, illa bilim insan\u0131 olmak, illa teknik bir alanda bir kariyer sahibi olmak de\u011fil. Art\u0131k uzay \u00e7ok geni\u015f bir yelpazeye yay\u0131l\u0131yor. Ticarile\u015fiyor. Ticarile\u015fen uzayda hem al\u00e7ak d\u00fcnya y\u00f6r\u00fcngesinde hem de derin uzayda, Ay ve \u00f6tesindeki ara\u015ft\u0131rmalarda her disiplinden insana ihtiyac\u0131m\u0131z var. Dolay\u0131s\u0131yla onlar\u0131 heyecanland\u0131ran alan her neyse ona b\u00fcy\u00fck bir \u015fevkle sar\u0131ls\u0131nlar. Pe\u015finden ko\u015fsunlar. E\u011fer uzay onlar\u0131n heyecan\u0131n\u0131 b\u00f6yle canland\u0131ran bir olgu ise e\u011fitimini g\u00f6rd\u00fckleri alan her neyse onunla uzay\u0131 birle\u015ftirmeleri art\u0131k \u00e7ok daha kolay.&#8221;<\/span><br \/>\n<span style=\"font-family: arial, helvetica, sans-serif; font-size: 14px;\">Kendisinin de uzaya gidecekmi\u015f gibi haz\u0131rland\u0131\u011f\u0131n\u0131 belirten Atasever, &#8220;Bizim esas\u0131nda iki farkl\u0131 g\u00f6revimiz var. Uluslararas\u0131 Uzay \u0130stasyonu&#8217;nda icra edece\u011fimiz, T\u00fcrk astronot ve bilim misyonu projesinin yan\u0131 s\u0131ra, bu misyon \u00e7er\u00e7evesinde ayn\u0131 zamanda Virgin Galactic firmas\u0131 ile muhtemelen 2024 y\u0131l\u0131n\u0131n ilk \u00e7eyre\u011fi i\u00e7erisinde bir y\u00f6r\u00fcnge alt\u0131 u\u00e7u\u015f ger\u00e7ekle\u015ftirece\u011fiz. Ben hem Uluslararas\u0131 Uzay \u0130stasyonu g\u00f6revinin bir yede\u011fi olarak, Alper Gezeravc\u0131&#8217;n\u0131n yede\u011fi olarak hem oradaki s\u00fcre\u00e7lere vak\u0131f olup oradaki e\u011fitimlere kat\u0131l\u0131yorum hem de Virgin Galactic u\u00e7u\u015fumuzda ger\u00e7ekle\u015ftirece\u011fimiz bir tak\u0131m bilimsel deneylerle ilgili \u00e7al\u0131\u015fmalar\u0131ma devam ediyorum. Oradaki e\u011fitim s\u00fcre\u00e7leri devam ediyor. Dolay\u0131s\u0131yla benim bu projeye ilk ba\u015flarken ki duygu ve d\u00fc\u015f\u00fcncem asil veya yedek, ondan ba\u011f\u0131ms\u0131z olarak hi\u00e7bir \u00f6nem ifade etmeden, misyonun ba\u015far\u0131yla ger\u00e7ekle\u015ftirebilmesi i\u00e7in elimden gelen b\u00fct\u00fcn deste\u011fi vermek \u015feklindeydi. Hala daha ayn\u0131 duygu ve d\u00fc\u015f\u00fcnceleri devam ettiriyorum&#8221; diye konu\u015ftu.<\/span><\/p>\n","protected":false},"excerpt":{"rendered":"<p>Tarihe &#8216;uzaya \u00e7\u0131kan ilk T\u00fcrk&#8217; olarak ge\u00e7ecek Alper Gezeravc\u0131 ve Tuva Cihangir Atasever ile 70 astronot ve kozmonot Bursa&#8217;da bulu\u015ftu.<\/p>\n","protected":false},"author":3,"featured_media":15777,"comment_status":"open","ping_status":"open","sticky":false,"template":"","format":"standard","meta":{"colormag_page_container_layout":"default_layout","colormag_page_sidebar_layout":"default_layout","footnotes":""},"categories":[1,5],"tags":[],"class_list":["post-15775","post","type-post","status-publish","format-standard","has-post-thumbnail","hentry","category-genel","category-gundem"],"_links":{"self":[{"href":"https:\/\/marmarayerelhizmet.com\/index.php\/wp-json\/wp\/v2\/posts\/15775","targetHints":{"allow":["GET"]}}],"collection":[{"href":"https:\/\/marmarayerelhizmet.com\/index.php\/wp-json\/wp\/v2\/posts"}],"about":[{"href":"https:\/\/marmarayerelhizmet.com\/index.php\/wp-json\/wp\/v2\/types\/post"}],"author":[{"embeddable":true,"href":"https:\/\/marmarayerelhizmet.com\/index.php\/wp-json\/wp\/v2\/users\/3"}],"replies":[{"embeddable":true,"href":"https:\/\/marmarayerelhizmet.com\/index.php\/wp-json\/wp\/v2\/comments?post=15775"}],"version-history":[{"count":0,"href":"https:\/\/marmarayerelhizmet.com\/index.php\/wp-json\/wp\/v2\/posts\/15775\/revisions"}],"wp:featuredmedia":[{"embeddable":true,"href":"https:\/\/marmarayerelhizmet.com\/index.php\/wp-json\/wp\/v2\/media\/15777"}],"wp:attachment":[{"href":"https:\/\/marmarayerelhizmet.com\/index.php\/wp-json\/wp\/v2\/media?parent=15775"}],"wp:term":[{"taxonomy":"category","embeddable":true,"href":"https:\/\/marmarayerelhizmet.com\/index.php\/wp-json\/wp\/v2\/categories?post=15775"},{"taxonomy":"post_tag","embeddable":true,"href":"https:\/\/marmarayerelhizmet.com\/index.php\/wp-json\/wp\/v2\/tags?post=15775"}],"curies":[{"name":"wp","href":"https:\/\/api.w.org\/{rel}","templated":true}]}}