{"id":15764,"date":"2023-09-25T10:02:14","date_gmt":"2023-09-25T07:02:14","guid":{"rendered":"https:\/\/marmarayerelhizmet.com\/?p=15764"},"modified":"2023-09-25T10:02:14","modified_gmt":"2023-09-25T07:02:14","slug":"cocuklar-doyasiya-eglendi","status":"publish","type":"post","link":"https:\/\/marmarayerelhizmet.com\/index.php\/2023\/09\/25\/cocuklar-doyasiya-eglendi\/","title":{"rendered":"\u00c7ocuklar Doyas\u0131ya E\u011flendi"},"content":{"rendered":"<p><strong><span style=\"font-family: arial, helvetica, sans-serif; font-size: 14px;\">\u00c7ekmek\u00f6y Belediyesi\u2019nin 4 y\u0131ld\u0131r aral\u0131ks\u0131z \u015fekilde d\u00fczenledi\u011fi \u00c7ekmek\u00f6y \u00c7ocuk \u015eenli\u011fi, bu y\u0131l da \u015eehit \u00dcste\u011fmen Arif Kalafat Do\u011fa Park\u0131\u2019nda 50 bini a\u015fk\u0131n \u00e7ocuk ve ailelerinin kat\u0131l\u0131m\u0131yla ger\u00e7ekle\u015fti.<br \/>\n<\/span><\/strong><br \/>\n<span style=\"font-family: arial, helvetica, sans-serif; font-size: 14px;\">\u00c7ekmek\u00f6y Belediyesi 4. \u00c7ekmek\u00f6y \u00c7ocuk \u015eenli\u011fi \u015eehit \u00dcste\u011fmen Arif Kalafat Do\u011fa Park\u0131\u2019nda ger\u00e7ekle\u015fti. \u00c7ocuklar\u0131n severek izledi\u011fi Kral \u015eakir ve Sevimli Dostlar \u00e7izgi film karakterlerinin olu\u015fturdu\u011fu m\u00fczikal gruplar\u0131n\u0131n sahne ald\u0131\u011f\u0131 \u015fenlikte \u00c7ekmek\u00f6y Belediye Ba\u015fkan\u0131 Ahmet Poyraz\u2019da \u00e7ocuklar\u0131n heyecan\u0131na ortak oldu. Birbirinden renkli \u015fi\u015fme oyun gruplar\u0131nda doyas\u0131ya e\u011flenen \u00e7ocuklar; y\u00fcz boyama, sosis balon at\u00f6lyelerinde keyif vakit ge\u00e7irdiler. Alana giren binlerce \u00e7ocu\u011fa rengarenk balonlar\u0131n da\u011f\u0131t\u0131ld\u0131\u011f\u0131 programda; \u00e7izgi film karakterleri ve \u00c7ekmek\u00f6y \u00c7ocuk Dergisi\u2019nin sevilen karakterleri Bilge \u0130le Ka\u011fan\u2019da \u00e7ocuklar\u0131n ne\u015fesine ne\u015fe katt\u0131lar.<\/span><br \/>\n<span style=\"font-family: arial, helvetica, sans-serif; font-size: 14px;\">D\u00f6rd\u00fcnc\u00fcs\u00fcn\u00fc d\u00fczenledi\u011fimiz \u00e7ocuk \u015fenli\u011fimizde \u00e7ocuklar\u0131m\u0131z\u0131n heyecan\u0131 g\u00f6r\u00fclmeye de\u011fer diyen \u00c7ekmek\u00f6y Belediye Ba\u015fkan\u0131 Ahmet Poyraz, \u201c\u0130ki g\u00fcnd\u00fcr ger\u00e7ekten on binlerce evlad\u0131m\u0131z\u0131 ve ailelerini burada a\u011f\u0131rlad\u0131k. \u00c7ocuklar ve anne babalar mutlu olunca biz de mutlu oluyoruz. Tabii bu sene e\u011fitim alan\u0131nda da \u00e7ok ciddi destekler de yapt\u0131k. 50 bin \u00f6\u011frencimiz var devlet okullar\u0131m\u0131zda okuyan, bu \u00f6\u011frencilerimize k\u0131rtasiye yard\u0131m\u0131 yapt\u0131k. Yine il\u00e7emizde oturan \u00dcniversite \u00f6\u011frencilerimize de 7 bin lira destek verdik. B\u00f6ylelikle hem e\u011fitime, hem gen\u00e7lerimize destek verip, d\u00fczenledi\u011fimiz \u015fenlikle bug\u00fcn b\u00fct\u00fcn evlatlar\u0131m\u0131z\u0131 aileleriyle birlikte mutlu ederek onlar\u0131n yan\u0131nda oldu\u011fumuzu g\u00f6sterdik&#8221; dedi.<\/span><br \/>\n<span style=\"font-family: arial, helvetica, sans-serif; font-size: 14px;\">Kral \u015eakir karakterini \u00e7izen Varol Ya\u015faro\u011flu \u015fenli\u011fin son g\u00fcn\u00fcnde imza g\u00fcn\u00fc d\u00fczenledi. Varol Ya\u015far O\u011flu, \u201cMutlu oluyorum yani bu t\u00fcr \u00e7ocuk \u015fenliklerine geldi\u011fimde \u00f6zellikle b\u00f6yle co\u015fkulu bir bi\u00e7imde ge\u00e7en b\u00fcy\u00fck \u00e7ocuk \u015fenlikleri beni ger\u00e7ekten \u00e7ok motive ediyor. \u0130nan\u0131lmaz bir co\u015fku var burada. \u00c7ocuklar\u0131n aileleriyle birlikte payla\u015f\u0131p b\u00f6yle mutlu olabilecekleri alanlar\u0131 \u00e7ok de\u011ferli buluyorum. \u00c7ekmek\u00f6y Belediyesi\u2019ni tebrik ediyorum b\u00f6yle bir g\u00fczel \u00e7ocuk d\u00fczenledi\u011fi i\u00e7in\u201c dedi.<\/span><br \/>\n<span style=\"font-family: arial, helvetica, sans-serif; font-size: 14px;\">\u015eenli\u011fe kat\u0131lan \u00dcmit Topalo\u011flu, &#8220;\u00c7ok g\u00fczel bir etkinlik. \u00dc\u00e7 saattir buraday\u0131z. Dolu dolu \u00e7ocuklar i\u00e7in e\u011flenceli g\u00fczel planlanm\u0131\u015f. \u0130mza g\u00fcn\u00fcne geldik, imzam\u0131z\u0131 da alaca\u011f\u0131z. Eme\u011fi ge\u00e7en herkese te\u015fekk\u00fcr ediyoruz&#8221; dedi.<\/span><br \/>\n<span style=\"font-family: arial, helvetica, sans-serif; font-size: 14px;\">\u015eenli\u011fe \u00e7ocu\u011fuyla kat\u0131lan Elif Erdem, &#8220;Karde\u015flerim ve ben oyun oynuyoruz. Ailece \u00e7ok e\u011fleniyoruz. Hem k\u00fc\u00e7\u00fckler i\u00e7in hem b\u00fcy\u00fckler i\u00e7in hem de ya\u015flar i\u00e7in g\u00fczel. Bunu d\u00fczenleyenlere \u00e7ok te\u015fekk\u00fcr ediyorum&#8221; dedi.<\/span><br \/>\n<span style=\"font-family: arial, helvetica, sans-serif; font-size: 14px;\">\u00d6te yandan, \u00c7ekmek\u00f6yl\u00fc \u00c7ocuklar i\u00e7in \u00f6zel haz\u0131rlanan \u201c\u00c7ekmek\u00f6y\u2019\u00fcn \u00c7etin Cevzileri\u201d \u00e7izgi filmi de b\u00fcy\u00fck bir be\u011feniyle izlendi.<\/span><\/p>\n","protected":false},"excerpt":{"rendered":"<p>\u00c7ekmek\u00f6y Belediyesi\u2019nin 4 y\u0131ld\u0131r aral\u0131ks\u0131z \u015fekilde d\u00fczenledi\u011fi \u00c7ekmek\u00f6y \u00c7ocuk \u015eenli\u011fi, bu y\u0131l da \u015eehit \u00dcste\u011fmen Arif Kalafat Do\u011fa Park\u0131\u2019nda 50<\/p>\n","protected":false},"author":3,"featured_media":15766,"comment_status":"open","ping_status":"open","sticky":false,"template":"","format":"standard","meta":{"colormag_page_container_layout":"default_layout","colormag_page_sidebar_layout":"default_layout","footnotes":""},"categories":[1,5,6,8],"tags":[],"class_list":["post-15764","post","type-post","status-publish","format-standard","has-post-thumbnail","hentry","category-genel","category-gundem","category-kultur-sanat","category-siyaset"],"_links":{"self":[{"href":"https:\/\/marmarayerelhizmet.com\/index.php\/wp-json\/wp\/v2\/posts\/15764","targetHints":{"allow":["GET"]}}],"collection":[{"href":"https:\/\/marmarayerelhizmet.com\/index.php\/wp-json\/wp\/v2\/posts"}],"about":[{"href":"https:\/\/marmarayerelhizmet.com\/index.php\/wp-json\/wp\/v2\/types\/post"}],"author":[{"embeddable":true,"href":"https:\/\/marmarayerelhizmet.com\/index.php\/wp-json\/wp\/v2\/users\/3"}],"replies":[{"embeddable":true,"href":"https:\/\/marmarayerelhizmet.com\/index.php\/wp-json\/wp\/v2\/comments?post=15764"}],"version-history":[{"count":0,"href":"https:\/\/marmarayerelhizmet.com\/index.php\/wp-json\/wp\/v2\/posts\/15764\/revisions"}],"wp:featuredmedia":[{"embeddable":true,"href":"https:\/\/marmarayerelhizmet.com\/index.php\/wp-json\/wp\/v2\/media\/15766"}],"wp:attachment":[{"href":"https:\/\/marmarayerelhizmet.com\/index.php\/wp-json\/wp\/v2\/media?parent=15764"}],"wp:term":[{"taxonomy":"category","embeddable":true,"href":"https:\/\/marmarayerelhizmet.com\/index.php\/wp-json\/wp\/v2\/categories?post=15764"},{"taxonomy":"post_tag","embeddable":true,"href":"https:\/\/marmarayerelhizmet.com\/index.php\/wp-json\/wp\/v2\/tags?post=15764"}],"curies":[{"name":"wp","href":"https:\/\/api.w.org\/{rel}","templated":true}]}}