{"id":15756,"date":"2023-09-25T09:42:36","date_gmt":"2023-09-25T06:42:36","guid":{"rendered":"https:\/\/marmarayerelhizmet.com\/?p=15756"},"modified":"2023-09-25T09:42:36","modified_gmt":"2023-09-25T06:42:36","slug":"350-yillik-osmanli-hamami-bulundu","status":"publish","type":"post","link":"https:\/\/marmarayerelhizmet.com\/index.php\/2023\/09\/25\/350-yillik-osmanli-hamami-bulundu\/","title":{"rendered":"350 Y\u0131ll\u0131k Osmanl\u0131 Hamam\u0131 Bulundu"},"content":{"rendered":"<p><strong><span style=\"font-family: arial, helvetica, sans-serif; font-size: 14px;\">\u00c7anakkale Biga il\u00e7esine ba\u011fl\u0131 Kemer k\u00f6y\u00fcnde 2 bin 700 y\u0131ll\u0131k ge\u00e7mi\u015fe sahip olup, Roma \u0130mparatorluk d\u00f6neminde \u00f6nemli bir liman kenti konumunda olan Parion Antik Kenti\u2019nde kaz\u0131 \u00e7al\u0131\u015fmalar\u0131na devam eden kaz\u0131 ekibi taraf\u0131ndan 350 y\u0131ll\u0131k Osmanl\u0131 Hamam\u0131 g\u00fcn y\u00fcz\u00fcne \u00e7\u0131kar\u0131ld\u0131. Atat\u00fcrk \u00dcniversitesi Arkeoloji B\u00f6l\u00fcm\u00fc \u00d6\u011fretim \u00dcyesi Parion Kaz\u0131 Ba\u015fkan Yard\u0131mc\u0131s\u0131 Do\u00e7. Dr. Hasan Kasapo\u011flu, \u201cAntik kentin konumland\u0131\u011f\u0131 co\u011frafyan\u0131n g\u00fcn\u00fcm\u00fczdeki devaml\u0131l\u0131\u011f\u0131 niteli\u011findeki Kemer K\u00f6y\u00fc\u2019ndeki modern yap\u0131lar aras\u0131nda sakl\u0131 kalm\u0131\u015f ve bu k\u00f6ydeki 350 y\u0131l \u00f6ncesine uzanan Osmanl\u0131-T\u00fcrk varl\u0131\u011f\u0131n\u0131n koruna gelmi\u015f en belirgin mimari tek yap\u0131s\u0131\u201d dedi.<br \/>\n<\/span><\/strong><br \/>\n<span style=\"font-family: arial, helvetica, sans-serif; font-size: 14px;\">Biga il\u00e7esine ba\u011fl\u0131 Kemer k\u00f6y\u00fc s\u0131n\u0131rlar\u0131ndaki 2 bin 700 y\u0131ll\u0131k liman \u015fehri Parion\u2019da, 2005 y\u0131l\u0131nda kurtarma kaz\u0131s\u0131yla ba\u015flayan \u00e7al\u0131\u015fmalar, 2015 y\u0131l\u0131ndan itibaren Ondokuz May\u0131s \u00dcniversitesi \u00d6\u011fretim \u00dcyesi Prof. Dr. Vedat Kele\u015f ba\u015fkanl\u0131\u011f\u0131ndaki ekip ile s\u00fcrd\u00fcr\u00fcl\u00fcyor. K\u00fclt\u00fcr ve Turizm Bakanl\u0131\u011f\u0131, K\u00fclt\u00fcr Varl\u0131klar\u0131 ve M\u00fczeler Genel M\u00fcd\u00fcrl\u00fc\u011f\u00fc&#8217;n\u00fcn izniyle, T\u00fcrk Tarih Kurumu ve \u0130\u00c7DA\u015e A.\u015e. resmi sponsorlu\u011funda, K\u00fclt\u00fcr ve Turizm Bakanl\u0131\u011f\u0131\u2019n\u0131n 4 y\u0131l \u00f6nceki karar\u0131yla kaz\u0131 \u00e7al\u0131\u015fmalar\u0131n\u0131n 12 aya \u00e7\u0131kar\u0131ld\u0131\u011f\u0131 antik kentler aras\u0131nda yer alan Parion\u2019da, \u00e7al\u0131\u015fmalar Haziran ay\u0131nda ba\u015flad\u0131. 2023 y\u0131l\u0131 kaz\u0131 \u00e7al\u0131\u015fmalar\u0131 Samsun, Atat\u00fcrk, Hitit, Ankara \u00dcniversitesi ile Rusya High school University Arkeoloji Departman\u0131\u2019ndan kat\u0131lan 55 ki\u015filik ekiple Tiyatro, Agora, D\u00fckkanlar, Yama\u00e7 Hamam\u0131, Odeion, G\u00fcney-Tav\u015fandere Nekropolisi ile Kemer K\u00f6y\u00fc\u2019nde yak\u0131n d\u00f6nemi mimarisinin oldu\u011fu hamamda \u00e7al\u0131\u015fmalar ger\u00e7ekle\u015ftirildi.<br \/>\n<\/span><br \/>\n<strong><span style=\"font-family: arial, helvetica, sans-serif; font-size: 14px;\">350 y\u0131ll\u0131k Osmanl\u0131 Hamam\u0131 g\u00fcn y\u00fcz\u00fcne \u00e7\u0131kar\u0131ld\u0131.<\/span><\/strong><br \/>\n<span style=\"font-family: arial, helvetica, sans-serif; font-size: 14px;\">Biga il\u00e7esine ba\u011fl\u0131 Kemer k\u00f6y\u00fcnde 2 bin 700 y\u0131ll\u0131k ge\u00e7mi\u015fe sahip Roma \u0130mparatorlu\u011fu&#8217;nun liman kenti Parion Antik Kenti\u2019nde kaz\u0131 \u00e7al\u0131\u015fmalar\u0131na devam eden kaz\u0131 ekibi taraf\u0131ndan 350 y\u0131ll\u0131k Osmanl\u0131 Hamam\u0131 g\u00fcn y\u00fcz\u00fcne \u00e7\u0131kar\u0131ld\u0131. Hamam\u0131n bulundu\u011fu b\u00f6lgede \u00e7evre temizli\u011fi yap\u0131ld\u0131. Hamam\u0131n i\u00e7i ge\u00e7ici olarak \u00e7elik konstr\u00fcksiyon ile g\u00fc\u00e7lendirildi.<\/span><br \/>\n<span style=\"font-family: arial, helvetica, sans-serif; font-size: 14px;\">Atat\u00fcrk \u00dcniversitesi Arkeoloji B\u00f6l\u00fcm\u00fc \u00d6\u011fretim \u00dcyesi Parion Kaz\u0131 Ba\u015fkan Yard\u0131mc\u0131s\u0131 Do\u00e7. Dr. Hasan Kasapo\u011flu, \u201c2023 y\u0131l\u0131 \u00e7al\u0131\u015fmalar\u0131ndaki yeni vizyon projelerimizden biri de Kemer k\u00f6y\u00fcn\u00fcn i\u00e7erisinde yer alan ve asl\u0131nda k\u00f6ydeki mevcut haliyle koruna gelmi\u015f Osmanl\u0131 d\u00f6nemi tek yap\u0131s\u0131 olan bu Osmanl\u0131 Hamam\u0131\u2019nda bir \u00e7al\u0131\u015fma ger\u00e7ekle\u015ftirildi. K\u00f6ydeki Osmanl\u0131 d\u00f6nemi verilerine dahil daha \u00f6nceki d\u00f6nemlerde kaz\u0131 heyet \u00fcyelerimizden, sanat tarih\u00e7ilerinin yapt\u0131\u011f\u0131 ara\u015ft\u0131rmalarla mezar ta\u015flar\u0131 \u00fczerinde 1700\u2019lere tarihlenen iki \u00f6rnekte hamamc\u0131 ve yard\u0131mc\u0131s\u0131 olarak nitelendirebilece\u011fimiz iki ki\u015fiden bahsediliyordu. \u0130ki ki\u015finin mezar ta\u015f\u0131 vard\u0131. Ondan \u00e7\u0131kan veriler sonras\u0131 bu yap\u0131 da bir \u00e7al\u0131\u015fma ger\u00e7ekle\u015ftirildi ve buran\u0131n bir hamam oldu\u011fu ortaya \u00e7\u0131kar\u0131ld\u0131. Asl\u0131nda T\u00fcrk-\u0130slam Arkeolojisi yada Osmanl\u0131 Arkeolojisi anlam\u0131nda yeni bir vizyon projesi olarak da de\u011ferlendirilebilir. Bu y\u0131l bu yap\u0131n\u0131n bulundu\u011fu alandaki moloz ve \u00e7\u00f6p y\u0131\u011f\u0131n\u0131 tamamen temizlenip, genel hatlar\u0131yla yap\u0131 belirginle\u015ftirildi ve Sanat Tarihi ekibi ve Restorasyon ekibi taraf\u0131ndan i\u00e7 k\u0131s\u0131mda ge\u00e7ici bir \u00e7elik konstr\u00fcksiyon ile konsolidasyonu sa\u011fland\u0131. \u00d6n\u00fcm\u00fczdeki y\u0131llarda T\u00fcrk-\u0130slam arkeolojisi yada Osmanl\u0131 arkeolojisi vizyonuyla k\u00f6ydeki en erken tarihli bu Osmanl\u0131 d\u00f6nemi yap\u0131s\u0131n\u0131n restorasyonuyla daha korunabilir ve gezilebilir hale getirilmesini planlamaktay\u0131z. Bu Osmanl\u0131 hamam\u0131 1700\u2019l\u00fc y\u0131llara tarihleniyor. G\u00fcn\u00fcm\u00fczden ortalama 300-350 y\u0131l \u00f6ncesine tarihlenen yani k\u00f6ydeki ortalama 350 y\u0131l \u00f6nceki Osmanl\u0131-T\u00fcrk varl\u0131\u011f\u0131n\u0131n koruna gelmi\u015f en belirgin mimari tek yap\u0131s\u0131. Dolay\u0131s\u0131yla bu anlamda da \u00f6nemli bir yere sahip. Parion Antik Kenti\u2019nde 2700 y\u0131l \u00f6ncesinden itibaren varl\u0131\u011f\u0131n\u0131 bildi\u011fimiz k\u00fclt\u00fcrel ge\u00e7mi\u015fin devaml\u0131l\u0131\u011f\u0131n\u0131n Milattan Sonra 1700\u2019lerde de burada aktif olarak s\u00fcrd\u00fcr\u00fcld\u00fc\u011f\u00fcn\u00fcn ve bunun devam\u0131nda da modern d\u00f6nemde devam etti\u011fini yani asl\u0131nda b\u00f6lgedeki 2700 y\u0131ll\u0131k k\u00fclt\u00fcrel devaml\u0131l\u0131\u011f\u0131n aral\u0131ks\u0131z g\u00fcn\u00fcm\u00fcze kadar gelebilece\u011fini g\u00f6steren \u00f6nemli verilerden biri ile kar\u015f\u0131 kar\u015f\u0131ya oldu\u011fumuzu s\u00f6yleyebiliriz\u201d dedi.<\/span><\/p>\n","protected":false},"excerpt":{"rendered":"<p>\u00c7anakkale Biga il\u00e7esine ba\u011fl\u0131 Kemer k\u00f6y\u00fcnde 2 bin 700 y\u0131ll\u0131k ge\u00e7mi\u015fe sahip olup, Roma \u0130mparatorluk d\u00f6neminde \u00f6nemli bir liman kenti<\/p>\n","protected":false},"author":3,"featured_media":15758,"comment_status":"open","ping_status":"open","sticky":false,"template":"","format":"standard","meta":{"colormag_page_container_layout":"default_layout","colormag_page_sidebar_layout":"default_layout","footnotes":""},"categories":[1,5],"tags":[],"class_list":["post-15756","post","type-post","status-publish","format-standard","has-post-thumbnail","hentry","category-genel","category-gundem"],"_links":{"self":[{"href":"https:\/\/marmarayerelhizmet.com\/index.php\/wp-json\/wp\/v2\/posts\/15756","targetHints":{"allow":["GET"]}}],"collection":[{"href":"https:\/\/marmarayerelhizmet.com\/index.php\/wp-json\/wp\/v2\/posts"}],"about":[{"href":"https:\/\/marmarayerelhizmet.com\/index.php\/wp-json\/wp\/v2\/types\/post"}],"author":[{"embeddable":true,"href":"https:\/\/marmarayerelhizmet.com\/index.php\/wp-json\/wp\/v2\/users\/3"}],"replies":[{"embeddable":true,"href":"https:\/\/marmarayerelhizmet.com\/index.php\/wp-json\/wp\/v2\/comments?post=15756"}],"version-history":[{"count":0,"href":"https:\/\/marmarayerelhizmet.com\/index.php\/wp-json\/wp\/v2\/posts\/15756\/revisions"}],"wp:featuredmedia":[{"embeddable":true,"href":"https:\/\/marmarayerelhizmet.com\/index.php\/wp-json\/wp\/v2\/media\/15758"}],"wp:attachment":[{"href":"https:\/\/marmarayerelhizmet.com\/index.php\/wp-json\/wp\/v2\/media?parent=15756"}],"wp:term":[{"taxonomy":"category","embeddable":true,"href":"https:\/\/marmarayerelhizmet.com\/index.php\/wp-json\/wp\/v2\/categories?post=15756"},{"taxonomy":"post_tag","embeddable":true,"href":"https:\/\/marmarayerelhizmet.com\/index.php\/wp-json\/wp\/v2\/tags?post=15756"}],"curies":[{"name":"wp","href":"https:\/\/api.w.org\/{rel}","templated":true}]}}