{"id":15722,"date":"2023-09-24T19:30:49","date_gmt":"2023-09-24T16:30:49","guid":{"rendered":"https:\/\/marmarayerelhizmet.com\/?p=15722"},"modified":"2023-09-24T19:30:49","modified_gmt":"2023-09-24T16:30:49","slug":"bursada-renkli-kosu-festivali","status":"publish","type":"post","link":"https:\/\/marmarayerelhizmet.com\/index.php\/2023\/09\/24\/bursada-renkli-kosu-festivali\/","title":{"rendered":"Bursa&#8217;da Renkli Ko\u015fu Festivali"},"content":{"rendered":"<p><strong><span style=\"font-family: arial, helvetica, sans-serif; font-size: 14px;\">Bursa&#8217;da ger\u00e7ekle\u015fen renkli ko\u015fu festivali, heyecan dolu anlara sahne oldu. Rengarenk boyanan y\u00fczlerce vatanda\u015f, 5 kilometrelik parkurda keyifli anlar ya\u015fad\u0131.<br \/>\n<\/span><\/strong><br \/>\n<span style=\"font-family: arial, helvetica, sans-serif; font-size: 14px;\">Bursa Botanik Park&#8217;ta bir araya gelen yakla\u015f\u0131k bin ki\u015fi, kay\u0131t esnas\u0131nda da\u011f\u0131t\u0131lan renkli tozlarla kendilerini tepeden t\u0131rna\u011fa boyad\u0131. Adeta g\u00f6k ku\u015fa\u011f\u0131na d\u00f6nen vatanda\u015flar\u0131n aras\u0131ndaki \u00e7ocuklar ve bebekler ise dikkat \u00e7ekti. Sar\u0131, pembe, mor, ye\u015fil renkte tozlarla kendini boyayan vatanda\u015flar, 5 kilometrelik parkurda kurulan boya noktalar\u0131nda da b\u00fcy\u00fck heyecan ya\u015fad\u0131. Parkur sonunda festival alan\u0131nda toplanan kat\u0131l\u0131mc\u0131lar, m\u00fczik e\u015fli\u011finde dans ederek birbirlerini boyamaya devam etti. Etkinli\u011fe kat\u0131lan gencinden ya\u015fl\u0131s\u0131na bir\u00e7ok ki\u015fi, \u201c\u00c7ok e\u011flenceli bir etkinlik oldu. Rengarenk olmak \u00e7ok g\u00fczelmi\u015f. Arkada\u015flar\u0131n tavsiyesiyle geldik. \u00c7ok g\u00fczel e\u011flendik. Ummad\u0131\u011f\u0131n\u0131z anda boyalar\u0131n gelmesi \u00e7ok de\u011fi\u015fik oldu\u201d dedi.<\/span><\/p>\n","protected":false},"excerpt":{"rendered":"<p>Bursa&#8217;da ger\u00e7ekle\u015fen renkli ko\u015fu festivali, heyecan dolu anlara sahne oldu. Rengarenk boyanan y\u00fczlerce vatanda\u015f, 5 kilometrelik parkurda keyifli anlar ya\u015fad\u0131.<\/p>\n","protected":false},"author":3,"featured_media":15724,"comment_status":"open","ping_status":"open","sticky":false,"template":"","format":"standard","meta":{"colormag_page_container_layout":"default_layout","colormag_page_sidebar_layout":"default_layout","footnotes":""},"categories":[1,5,9],"tags":[],"class_list":["post-15722","post","type-post","status-publish","format-standard","has-post-thumbnail","hentry","category-genel","category-gundem","category-spor"],"_links":{"self":[{"href":"https:\/\/marmarayerelhizmet.com\/index.php\/wp-json\/wp\/v2\/posts\/15722","targetHints":{"allow":["GET"]}}],"collection":[{"href":"https:\/\/marmarayerelhizmet.com\/index.php\/wp-json\/wp\/v2\/posts"}],"about":[{"href":"https:\/\/marmarayerelhizmet.com\/index.php\/wp-json\/wp\/v2\/types\/post"}],"author":[{"embeddable":true,"href":"https:\/\/marmarayerelhizmet.com\/index.php\/wp-json\/wp\/v2\/users\/3"}],"replies":[{"embeddable":true,"href":"https:\/\/marmarayerelhizmet.com\/index.php\/wp-json\/wp\/v2\/comments?post=15722"}],"version-history":[{"count":0,"href":"https:\/\/marmarayerelhizmet.com\/index.php\/wp-json\/wp\/v2\/posts\/15722\/revisions"}],"wp:featuredmedia":[{"embeddable":true,"href":"https:\/\/marmarayerelhizmet.com\/index.php\/wp-json\/wp\/v2\/media\/15724"}],"wp:attachment":[{"href":"https:\/\/marmarayerelhizmet.com\/index.php\/wp-json\/wp\/v2\/media?parent=15722"}],"wp:term":[{"taxonomy":"category","embeddable":true,"href":"https:\/\/marmarayerelhizmet.com\/index.php\/wp-json\/wp\/v2\/categories?post=15722"},{"taxonomy":"post_tag","embeddable":true,"href":"https:\/\/marmarayerelhizmet.com\/index.php\/wp-json\/wp\/v2\/tags?post=15722"}],"curies":[{"name":"wp","href":"https:\/\/api.w.org\/{rel}","templated":true}]}}