{"id":15704,"date":"2023-09-24T12:45:41","date_gmt":"2023-09-24T09:45:41","guid":{"rendered":"https:\/\/marmarayerelhizmet.com\/?p=15704"},"modified":"2023-09-24T12:45:41","modified_gmt":"2023-09-24T09:45:41","slug":"evliya-celebinin-izinde-2","status":"publish","type":"post","link":"https:\/\/marmarayerelhizmet.com\/index.php\/2023\/09\/24\/evliya-celebinin-izinde-2\/","title":{"rendered":"&#8216;Evliya \u00c7elebi&#8217;nin \u0130zinde&#8217;"},"content":{"rendered":"<p><strong><span style=\"font-family: arial, helvetica, sans-serif; font-size: 14px;\">Esenler Belediyesi, Evliya \u00c7elebi K\u00fclt\u00fcr Sanat Sezonu\u2019nu \u2018Evliya \u00c7elebi\u2019nin M\u00fczi\u011fi\u2019 program\u0131yla ta\u00e7land\u0131rd\u0131. Sezona \u00f6zel olarak d\u00fczenlenen son programda Evliya \u00c7elebi\u2019nin devasa eseri Seyahatname\u2019de ge\u00e7en t\u00fcrk\u00fcler, ilahiler ve mehter formlar\u0131 \u2018Meydan Musiki Toplulu\u011fu\u2019 taraf\u0131ndan icra edildi. Programda sezona \u00f6zel olarak d\u00fczenlenen \u201cEvliya \u00c7elebi&#8217;nin \u0130zinde\u201d adl\u0131 gezi ve foto\u011fraf yar\u0131\u015fmas\u0131n\u0131n \u00f6d\u00fcl t\u00f6reni de yap\u0131ld\u0131.<br \/>\n<\/span><\/strong><br \/>\n<span style=\"font-family: arial, helvetica, sans-serif; font-size: 14px;\">Esenler Belediyesi, dolu dolu ge\u00e7en 2022-2023 Evliya \u00c7elebi K\u00fclt\u00fcr Sanat Sezonu\u2019nu \u201cEvliya \u00c7elebi\u2019nin M\u00fczi\u011fi\u201d adl\u0131 programla sonland\u0131rd\u0131. Sezona \u00f6zel olarak d\u00fczenlenen son programda Evliya \u00c7elebi\u2019nin devasa eseri Seyahatname\u2019de ge\u00e7en t\u00fcrk\u00fcler, ilahiler ve mehter formlar\u0131 \u201cMeydan Musiki Toplulu\u011fu\u201d taraf\u0131ndan icra edildi. Programda ayr\u0131ca Evliya \u00c7elebi\u2019nin Seyahatnamesi\u2019nde bulunan esnaf z\u00fcmreleri ile ilgili b\u00f6l\u00fcmlerden esinlenen sanat\u00e7\u0131 G\u00f6khan Gen\u00e7&#8217;in yapay zeka destekli \u201cMidjourney\u201d botu ile tasarlad\u0131\u011f\u0131 38 eser merakl\u0131lar\u0131n ilgisine sunuldu. Programda yine sezona \u00f6zel olarak d\u00fczenlenen \u201cEvliya \u00c7elebi&#8217;nin \u0130zinde\u201d gezi ve foto\u011fraf yar\u0131\u015fmas\u0131n\u0131n \u00f6d\u00fcl t\u00f6reni yap\u0131ld\u0131. Yar\u0131\u015fmaya kat\u0131lan foto\u011fraflar, sanatseverlerle bulu\u015ftu.<\/span><\/p>\n<p><strong><span style=\"font-family: arial, helvetica, sans-serif; font-size: 14px;\">\u201cBenim iki tane sergileme \u00f6d\u00fcl\u00fcm var burada\u201d<\/span><\/strong><br \/>\n<span style=\"font-family: arial, helvetica, sans-serif; font-size: 14px;\">Sanat\u00e7\u0131 Deniz Kalayc\u0131, \u201cBenim iki tane sergileme \u00f6d\u00fcl\u00fcm var burada. Bir tanesini Rize\u2019de \u00e7ekti\u011fim K\u0131bleda\u011f\u0131 Camii ile yine Rize&#8217;de \u00e7ekti\u011fim iki tane sohbet eden arkada \u00e7ay toplayan kad\u0131nlar\u0131n foto\u011fraf\u0131. Yakla\u015f\u0131k 15 y\u0131ld\u0131r foto\u011frafla ilgileniyorum\u201d dedi.<\/span><\/p>\n<p><strong><span style=\"font-family: arial, helvetica, sans-serif; font-size: 14px;\">&#8220;Esenler Belediyesi \u00fc\u00e7 kulvarda g\u00fczel bir yar\u0131\u015fma d\u00fczenlemi\u015f oldu&#8221;<\/span><\/strong><br \/>\n<span style=\"font-family: arial, helvetica, sans-serif; font-size: 14px;\">\u00d6d\u00fcl alan Nurettin Boydak ise, \u201cEsenler Belediyesi\u2019nin d\u00fczenlemi\u015f oldu\u011fu yar\u0131\u015fmada Kud\u00fcs foto\u011fraf\u0131yla \u00f6d\u00fcl ald\u0131m. Esenler Belediyesi\u2019ni tebrik ederiz. Hem gezi hem yapay zeka ve foto\u011fraf yar\u0131\u015fmas\u0131yla ilgili \u00fc\u00e7 kulvarda g\u00fczel bir yar\u0131\u015fma d\u00fczenlemi\u015f oldu\u201d \u015feklinde konu\u015ftu.<\/span><\/p>\n","protected":false},"excerpt":{"rendered":"<p>Esenler Belediyesi, Evliya \u00c7elebi K\u00fclt\u00fcr Sanat Sezonu\u2019nu \u2018Evliya \u00c7elebi\u2019nin M\u00fczi\u011fi\u2019 program\u0131yla ta\u00e7land\u0131rd\u0131. Sezona \u00f6zel olarak d\u00fczenlenen son programda Evliya \u00c7elebi\u2019nin<\/p>\n","protected":false},"author":3,"featured_media":15706,"comment_status":"open","ping_status":"open","sticky":false,"template":"","format":"standard","meta":{"colormag_page_container_layout":"default_layout","colormag_page_sidebar_layout":"default_layout","footnotes":""},"categories":[1,5,6,8],"tags":[],"class_list":["post-15704","post","type-post","status-publish","format-standard","has-post-thumbnail","hentry","category-genel","category-gundem","category-kultur-sanat","category-siyaset"],"_links":{"self":[{"href":"https:\/\/marmarayerelhizmet.com\/index.php\/wp-json\/wp\/v2\/posts\/15704","targetHints":{"allow":["GET"]}}],"collection":[{"href":"https:\/\/marmarayerelhizmet.com\/index.php\/wp-json\/wp\/v2\/posts"}],"about":[{"href":"https:\/\/marmarayerelhizmet.com\/index.php\/wp-json\/wp\/v2\/types\/post"}],"author":[{"embeddable":true,"href":"https:\/\/marmarayerelhizmet.com\/index.php\/wp-json\/wp\/v2\/users\/3"}],"replies":[{"embeddable":true,"href":"https:\/\/marmarayerelhizmet.com\/index.php\/wp-json\/wp\/v2\/comments?post=15704"}],"version-history":[{"count":0,"href":"https:\/\/marmarayerelhizmet.com\/index.php\/wp-json\/wp\/v2\/posts\/15704\/revisions"}],"wp:featuredmedia":[{"embeddable":true,"href":"https:\/\/marmarayerelhizmet.com\/index.php\/wp-json\/wp\/v2\/media\/15706"}],"wp:attachment":[{"href":"https:\/\/marmarayerelhizmet.com\/index.php\/wp-json\/wp\/v2\/media?parent=15704"}],"wp:term":[{"taxonomy":"category","embeddable":true,"href":"https:\/\/marmarayerelhizmet.com\/index.php\/wp-json\/wp\/v2\/categories?post=15704"},{"taxonomy":"post_tag","embeddable":true,"href":"https:\/\/marmarayerelhizmet.com\/index.php\/wp-json\/wp\/v2\/tags?post=15704"}],"curies":[{"name":"wp","href":"https:\/\/api.w.org\/{rel}","templated":true}]}}