{"id":15700,"date":"2023-09-24T12:43:34","date_gmt":"2023-09-24T09:43:34","guid":{"rendered":"https:\/\/marmarayerelhizmet.com\/?p=15700"},"modified":"2023-09-24T12:43:34","modified_gmt":"2023-09-24T09:43:34","slug":"cekmekoyde-cocuk-senligi","status":"publish","type":"post","link":"https:\/\/marmarayerelhizmet.com\/index.php\/2023\/09\/24\/cekmekoyde-cocuk-senligi\/","title":{"rendered":"\u00c7ekmek\u00f6y&#8217;de \u00c7ocuk \u015eenli\u011fi"},"content":{"rendered":"<p><strong><span style=\"font-family: arial, helvetica, sans-serif; font-size: 14px;\">\u00c7ekmek\u00f6y Belediyesi taraf\u0131ndan d\u00fczenlenen \u00e7ocuk \u015fenli\u011fi b\u00fcy\u00fck bir e\u011flenceye sahne oldu. \u00c7ocuklar ve aileleri bir\u00e7ok aktivitenin yer ald\u0131\u011f\u0131 etkinlikte keyifli ve e\u011flenceli anlar ya\u015fad\u0131.<br \/>\n<\/span><\/strong><br \/>\n<span style=\"font-family: arial, helvetica, sans-serif; font-size: 14px;\">\u00c7ekmek\u00f6y Belediyesi taraf\u0131ndan d\u00fczenlenen \u00e7ocuk etkinli\u011finde \u00e7ocuklar ve aileleri e\u011flenceli dakikalar ge\u00e7irdi. \u015eehit \u00dcste\u011fmen Arif Kalafat Do\u011fa Park\u0131\u2019nda ger\u00e7ekle\u015fen etkinlikte Sevimli Dostlar ve Kral \u015eakir sahne al\u0131rken \u015fi\u015fme oyun gruplar\u0131, jongl\u00f6rler, sahne ve ill\u00fczyon g\u00f6sterileri ile \u00e7ocuklar ve aileleri doyas\u0131ya e\u011flendi.<\/span><br \/>\n<span style=\"font-family: arial, helvetica, sans-serif; font-size: 14px;\">G\u00f6steriyi izlemeye gelen \u00e7ocuklardan Eyl\u00fcl Esma, &#8220;Sevimli dostlar g\u00f6sterilerini izledik ve \u00e7ok be\u011fendik. Trambolin parklar\u0131n\u0131 \u00e7ok be\u011fendim. Her \u015fey \u00e7ok g\u00fczeldi \u00e7ok be\u011fendim&#8221; dedi.<\/span><br \/>\n<span style=\"font-family: arial, helvetica, sans-serif; font-size: 14px;\">\u00c7ocuklardan Zeynep Sar\u0131\u00e7i\u00e7ek ise, &#8220;Bug\u00fcn \u00e7ok g\u00fczel bir g\u00fcnd\u00fc, ba\u015fkan\u0131m\u0131za te\u015fekk\u00fcr ederiz. Sevdi\u011fim \u00e7izgi filmler g\u00f6sterildi&#8221; diye konu\u015ftu.<\/span><br \/>\n<span style=\"font-family: arial, helvetica, sans-serif; font-size: 14px;\">Kat\u0131l\u0131mc\u0131lardan Sinan Horasan da, &#8220;Bence artt\u0131r\u0131lmas\u0131 laz\u0131m, gayet g\u00fczel organizasyon burada insanlar sosyalle\u015fiyor, \u00e7oluk \u00e7ocuk burada bir araya geliyor. Umar\u0131m artarak devam eder. \u00c7ekmek\u00f6y Belediyesine te\u015fekk\u00fcr ederiz&#8221; dedi.<\/span><br \/>\n<span style=\"font-family: arial, helvetica, sans-serif; font-size: 14px;\">Etkinlik hakk\u0131nda bilgi veren \u00c7ekmek\u00f6y Belediye Ba\u015fkan\u0131 Ahmet Poyraz, &#8220;Bu yapt\u0131\u011f\u0131m\u0131z \u00e7ocuk \u015fenli\u011fi bug\u00fcn ve yar\u0131n devam edecek in\u015fallah. On binlerce \u00e7ocu\u011fumuz ailesiyle beraber \u00e7ok mutlu ve g\u00fczel bir g\u00fcn ge\u00e7irdiler. Tabi yaz boyu devam eden bu etkinliklerimizin finaline do\u011fru yakla\u015f\u0131yoruz. Ve \u00e7ocuklar\u0131m\u0131z\u0131n hem sevgisini hem bizimle olan ileti\u015fimimizi biraz daha g\u00fc\u00e7lendiriyoruz. Anneler babalar mutlu, \u00e7ocuklar\u0131m\u0131z mutlu. Onlar\u0131 mutlu g\u00f6rmemiz bizi de mutlu ediyor. \u0130n\u015fallah yar\u0131n da devam edecek bu \u00e7al\u0131\u015fmalar\u0131m\u0131z&#8221; ifadelerini kulland\u0131.<\/span><\/p>\n","protected":false},"excerpt":{"rendered":"<p>\u00c7ekmek\u00f6y Belediyesi taraf\u0131ndan d\u00fczenlenen \u00e7ocuk \u015fenli\u011fi b\u00fcy\u00fck bir e\u011flenceye sahne oldu. \u00c7ocuklar ve aileleri bir\u00e7ok aktivitenin yer ald\u0131\u011f\u0131 etkinlikte keyifli<\/p>\n","protected":false},"author":3,"featured_media":15702,"comment_status":"open","ping_status":"open","sticky":false,"template":"","format":"standard","meta":{"colormag_page_container_layout":"default_layout","colormag_page_sidebar_layout":"default_layout","footnotes":""},"categories":[1,5,6,8],"tags":[],"class_list":["post-15700","post","type-post","status-publish","format-standard","has-post-thumbnail","hentry","category-genel","category-gundem","category-kultur-sanat","category-siyaset"],"_links":{"self":[{"href":"https:\/\/marmarayerelhizmet.com\/index.php\/wp-json\/wp\/v2\/posts\/15700","targetHints":{"allow":["GET"]}}],"collection":[{"href":"https:\/\/marmarayerelhizmet.com\/index.php\/wp-json\/wp\/v2\/posts"}],"about":[{"href":"https:\/\/marmarayerelhizmet.com\/index.php\/wp-json\/wp\/v2\/types\/post"}],"author":[{"embeddable":true,"href":"https:\/\/marmarayerelhizmet.com\/index.php\/wp-json\/wp\/v2\/users\/3"}],"replies":[{"embeddable":true,"href":"https:\/\/marmarayerelhizmet.com\/index.php\/wp-json\/wp\/v2\/comments?post=15700"}],"version-history":[{"count":0,"href":"https:\/\/marmarayerelhizmet.com\/index.php\/wp-json\/wp\/v2\/posts\/15700\/revisions"}],"wp:featuredmedia":[{"embeddable":true,"href":"https:\/\/marmarayerelhizmet.com\/index.php\/wp-json\/wp\/v2\/media\/15702"}],"wp:attachment":[{"href":"https:\/\/marmarayerelhizmet.com\/index.php\/wp-json\/wp\/v2\/media?parent=15700"}],"wp:term":[{"taxonomy":"category","embeddable":true,"href":"https:\/\/marmarayerelhizmet.com\/index.php\/wp-json\/wp\/v2\/categories?post=15700"},{"taxonomy":"post_tag","embeddable":true,"href":"https:\/\/marmarayerelhizmet.com\/index.php\/wp-json\/wp\/v2\/tags?post=15700"}],"curies":[{"name":"wp","href":"https:\/\/api.w.org\/{rel}","templated":true}]}}