{"id":15688,"date":"2023-09-23T23:05:06","date_gmt":"2023-09-23T20:05:06","guid":{"rendered":"https:\/\/marmarayerelhizmet.com\/?p=15688"},"modified":"2023-09-23T23:05:06","modified_gmt":"2023-09-23T20:05:06","slug":"kargo-gemisi-ariza-yapti-2","status":"publish","type":"post","link":"https:\/\/marmarayerelhizmet.com\/index.php\/2023\/09\/23\/kargo-gemisi-ariza-yapti-2\/","title":{"rendered":"Kargo Gemisi Ar\u0131za Yapt\u0131"},"content":{"rendered":"<p><strong><span style=\"font-family: arial, helvetica, sans-serif; font-size: 14px;\">\u00c7anakkale Bo\u011faz\u0131\u2019ndan ge\u00e7erken d\u00fcmen ar\u0131zas\u0131 yapan 112 metre uzunlu\u011fundaki kargo gemisi, r\u00f6mork\u00f6r e\u015fli\u011finde Karanl\u0131k Liman B\u00f6lgesi&#8217;ne g\u00f6t\u00fcr\u00fclerek demirletildi.<\/span><\/strong><\/p>\n<p><span style=\"font-family: arial, helvetica, sans-serif; font-size: 14px;\">Portekiz\u2019den Gemlik\u2019e giden, 112 metre uzunlu\u011fundaki \u2018NAVIN EAGLE\u2019 isimli genel kargo gemisi, \u00c7anakkale Bo\u011faz\u0131\u2019ndan ge\u00e7i\u015fi s\u0131ras\u0131nda Karanl\u0131k Liman mevkiinde d\u00fcmen ar\u0131zas\u0131 yapt\u0131. Gemi kaptan\u0131n\u0131n durumu telsizle \u00c7anakkale Bo\u011faz\u0131 Gemi Trafik Hizmetleri M\u00fcd\u00fcrl\u00fc\u011f\u00fcne bildirmesi \u00fczerine, b\u00f6lgeye K\u0131y\u0131 Emniyeti Genel M\u00fcd\u00fcrl\u00fc\u011f\u00fcne (KEGM) ba\u011fl\u0131 \u2018T\u00fcrkeli\u2019 r\u00f6mork\u00f6r\u00fc sevk edildi. Bo\u011faz\u0131 ge\u00e7ecek di\u011fer gemiler ise ar\u0131za hakk\u0131nda bilgilendirildi.<\/span><br \/>\n<span style=\"font-family: arial, helvetica, sans-serif; font-size: 14px;\">Gemi, k\u0131lavuz kaptan ve r\u00f6mork\u00f6r refakatinde Karanl\u0131k Liman Demir B\u00f6lgesi&#8217;ne g\u00f6t\u00fcr\u00fclerek demirletildi.<\/span><\/p>\n","protected":false},"excerpt":{"rendered":"<p>\u00c7anakkale Bo\u011faz\u0131\u2019ndan ge\u00e7erken d\u00fcmen ar\u0131zas\u0131 yapan 112 metre uzunlu\u011fundaki kargo gemisi, r\u00f6mork\u00f6r e\u015fli\u011finde Karanl\u0131k Liman B\u00f6lgesi&#8217;ne g\u00f6t\u00fcr\u00fclerek demirletildi. Portekiz\u2019den Gemlik\u2019e<\/p>\n","protected":false},"author":3,"featured_media":15690,"comment_status":"open","ping_status":"open","sticky":false,"template":"","format":"standard","meta":{"colormag_page_container_layout":"default_layout","colormag_page_sidebar_layout":"default_layout","footnotes":""},"categories":[1,5],"tags":[],"class_list":["post-15688","post","type-post","status-publish","format-standard","has-post-thumbnail","hentry","category-genel","category-gundem"],"_links":{"self":[{"href":"https:\/\/marmarayerelhizmet.com\/index.php\/wp-json\/wp\/v2\/posts\/15688","targetHints":{"allow":["GET"]}}],"collection":[{"href":"https:\/\/marmarayerelhizmet.com\/index.php\/wp-json\/wp\/v2\/posts"}],"about":[{"href":"https:\/\/marmarayerelhizmet.com\/index.php\/wp-json\/wp\/v2\/types\/post"}],"author":[{"embeddable":true,"href":"https:\/\/marmarayerelhizmet.com\/index.php\/wp-json\/wp\/v2\/users\/3"}],"replies":[{"embeddable":true,"href":"https:\/\/marmarayerelhizmet.com\/index.php\/wp-json\/wp\/v2\/comments?post=15688"}],"version-history":[{"count":0,"href":"https:\/\/marmarayerelhizmet.com\/index.php\/wp-json\/wp\/v2\/posts\/15688\/revisions"}],"wp:featuredmedia":[{"embeddable":true,"href":"https:\/\/marmarayerelhizmet.com\/index.php\/wp-json\/wp\/v2\/media\/15690"}],"wp:attachment":[{"href":"https:\/\/marmarayerelhizmet.com\/index.php\/wp-json\/wp\/v2\/media?parent=15688"}],"wp:term":[{"taxonomy":"category","embeddable":true,"href":"https:\/\/marmarayerelhizmet.com\/index.php\/wp-json\/wp\/v2\/categories?post=15688"},{"taxonomy":"post_tag","embeddable":true,"href":"https:\/\/marmarayerelhizmet.com\/index.php\/wp-json\/wp\/v2\/tags?post=15688"}],"curies":[{"name":"wp","href":"https:\/\/api.w.org\/{rel}","templated":true}]}}