{"id":15680,"date":"2023-09-23T23:02:07","date_gmt":"2023-09-23T20:02:07","guid":{"rendered":"https:\/\/marmarayerelhizmet.com\/?p=15680"},"modified":"2023-09-23T23:02:07","modified_gmt":"2023-09-23T20:02:07","slug":"basaksehir-1-galatasaray-2","status":"publish","type":"post","link":"https:\/\/marmarayerelhizmet.com\/index.php\/2023\/09\/23\/basaksehir-1-galatasaray-2\/","title":{"rendered":"Ba\u015fak\u015fehir: 1 &#8211; Galatasaray: 2"},"content":{"rendered":"<p><strong><span style=\"font-family: arial, helvetica, sans-serif; font-size: 14px;\">Trendyol S\u00fcper Lig\u2019in 6. haftas\u0131nda RAMS Ba\u015fak\u015fehir, sahas\u0131nda kar\u015f\u0131la\u015ft\u0131\u011f\u0131 Galatasaray\u2019a 2-1\u2019lik skorla ma\u011flup oldu.<\/span><\/strong><\/p>\n<p><span style=\"font-family: arial, helvetica, sans-serif; font-size: 14px;\"><strong>Ma\u00e7tan dakikalar<\/strong><br \/>\n6. dakikada Boey\u2019in pas\u0131yla sa\u011f tarafta topa sahip olan Tete\u2019nin ceza sahas\u0131 d\u0131\u015f\u0131 sa\u011f \u00e7apraz\u0131ndan yapt\u0131\u011f\u0131 plase vuru\u015fta me\u015fin yuvarlak az farkla d\u0131\u015far\u0131 gitti.<br \/>\n10. dakikada kaleci Volkan Babacan\u2019\u0131n k\u0131sa d\u00fc\u015fen pas\u0131nda Karzev\u2019in topa kayarak m\u00fcdahale etmesiyle Ziyech ceza sahas\u0131 i\u00e7inde topun sahibi oldu. Ziyech\u2019in aktarmaya \u00e7al\u0131\u015ft\u0131\u011f\u0131 pasta top yerde bulunan Torreira\u2019ya \u00e7arpt\u0131 ve Ba\u015fak\u015fehir savunmas\u0131n\u0131n \u00f6n\u00fcnde kald\u0131. Berkay \u00d6zcan me\u015fin yuvarla\u011f\u0131 kornere g\u00f6nderdi.<br \/>\n26. dakikada ceza sahas\u0131na sokulan Karzev\u2019in yapt\u0131\u011f\u0131 vuru\u015fta Abdulkerim\u2019e \u00e7arparak havalanan topa \u00fcst dire\u011fe \u00e7arparak kornere gitti.<br \/>\n36. dakikada Karzev\u2019in ceza sahas\u0131 d\u0131\u015f\u0131 sol \u00e7apraz\u0131ndan yapt\u0131\u011f\u0131 sert vuru\u015fta me\u015fin yuvarlak uzak direk taraf\u0131ndan auta gitti.<br \/>\n43. dakikada Tete\u2019nin pas\u0131nda ceza yay\u0131 i\u00e7inde topla bulu\u015fan Ziyech\u2019in d\u00fczeltip yapt\u0131\u011f\u0131 vuru\u015fta me\u015fin yuvarlak filelere gitti. 0-1<br \/>\n45+1. dakikada sol kanattan Abdulkerim\u2019in i\u00e7eri yapt\u0131\u011f\u0131 ortada Oliveira kafa vuru\u015funu yapt\u0131. Me\u015fin yuvarlak \u00fcst direkten oyun alan\u0131na d\u00f6nd\u00fc. D\u00f6nen topu takip eden Tete\u2019nin \u015futunda me\u015fin yuvarlak \u00fcstten auta gitti.<br \/>\n<\/span><span style=\"font-family: arial, helvetica, sans-serif; font-size: 14px;\">48. dakikada Ba\u2019n\u0131n ceza sahas\u0131 i\u00e7inde Kerem Akt\u00fcrko\u011flu\u2019na yapt\u0131\u011f\u0131 m\u00fcdahaleyi hakem Kadir Sa\u011flam penalt\u0131 olarak de\u011ferlendirdi.<\/span><br \/>\n<span style=\"font-family: arial, helvetica, sans-serif; font-size: 14px;\">50. dakikada Icardi\u2019nin kulland\u0131\u011f\u0131 penalt\u0131 at\u0131\u015f\u0131nda me\u015fin yuvarlak filelere gitti. 0-2<\/span><br \/>\n<span style=\"font-family: arial, helvetica, sans-serif; font-size: 14px;\">64. dakikada Deniz T\u00fcr\u00fc\u00e7\u2019\u00fcn pas\u0131nda ceza sahas\u0131 i\u00e7i sa\u011f taraf\u0131nda topla bulu\u015fan Dubois\u2019in orta \u015fut kar\u0131\u015f\u0131m\u0131 vuru\u015funda me\u015fin yuvarlak filelere gitti. 1-2<\/span><br \/>\n<span style=\"font-family: arial, helvetica, sans-serif; font-size: 14px;\">82. dakikada Kerem Demirbay\u2019\u0131n ceza sahas\u0131 d\u0131\u015f\u0131 sa\u011f \u00e7apraz\u0131ndan direkt olarak kaleye kulland\u0131\u011f\u0131 serbest vuru\u015fta me\u015fin yuvarlak dire\u011fin yan\u0131ndan auta gitti.<\/span><br \/>\n<span style=\"font-family: arial, helvetica, sans-serif; font-size: 14px;\">86. dakikada sol kanattan Kerem Demirbay\u2019\u0131n i\u00e7eri yapt\u0131\u011f\u0131 ortada Davinson Sanchez\u2019in yapt\u0131\u011f\u0131 kafa vuru\u015funda me\u015fin yuvarlak kaleci Volkan\u2019dan oyun alan\u0131na d\u00f6nd\u00fc.<\/span><br \/>\n<span style=\"font-family: arial, helvetica, sans-serif; font-size: 14px;\">89. dakikada Icardi\u2019nin pas\u0131nda ceza sahas\u0131 i\u00e7i sol \u00e7apraz\u0131nda topla bulu\u015fan Zaha\u2019n\u0131n bekletmeden yapt\u0131\u011f\u0131 vuru\u015fta me\u015fin yuvarlak \u00fcstten auta gitti.<\/span><\/p>\n<p><span style=\"font-family: arial, helvetica, sans-serif; font-size: 14px;\">Hakemler: Kadir Sa\u011flam, Abdullah Bora \u00d6zkara, Hakan Yemi\u015fken<\/span><br \/>\n<span style=\"font-family: arial, helvetica, sans-serif; font-size: 14px;\">RAMS Ba\u015fak\u015fehir: Volkan Babacan, Dubois (Cemali Sertel dk. 75), Duarte, Ba, Lima, Berkay \u00d6zcan (Pelkas dk. 75), Karzev (Abeid dk. 60), Serdar G\u00fcrler, Dennis (Deniz T\u00fcr\u00fc\u00e7 dk. 46), Aleksic (Figueiredo dk. 60) Piatek<\/span><br \/>\n<span style=\"font-family: arial, helvetica, sans-serif; font-size: 14px;\">Yedekler: Deniz Dilmen, Opoku, Onur Erg\u00fcn, Keny, Mahmut Tekdemir<\/span><br \/>\n<span style=\"font-family: arial, helvetica, sans-serif; font-size: 14px;\">Teknik Direkt\u00f6r: \u00c7a\u011fda\u015f Atan<\/span><br \/>\n<span style=\"font-family: arial, helvetica, sans-serif; font-size: 14px;\">Galatasaray: Muslera, Boey, Sanchez, Abdulkerim Bardakc\u0131, Kaz\u0131mcan Karata\u015f (Kaan Ayhan dk. 28), Toreira, Oliveira (Kerem Demirbay dk. 46), Tete (Ndombele dk. 80), Bar\u0131\u015f Alper Y\u0131lmaz (Kerem Akt\u00fcrko\u011flu dk. 46), Ziyech (Zaha dk. 64), Icardi<\/span><br \/>\n<span style=\"font-family: arial, helvetica, sans-serif; font-size: 14px;\">Yedekler: G\u00fcnay G\u00fcven\u00e7, Angelino, Mertens, Halil Dervi\u015fo\u011flu, Bakambu<\/span><br \/>\n<span style=\"font-family: arial, helvetica, sans-serif; font-size: 14px;\">Teknik Direkt\u00f6r: Okan Buruk<\/span><br \/>\n<span style=\"font-family: arial, helvetica, sans-serif; font-size: 14px;\">Goller: Ziyech (dk. 43), Icardi (dk. 50 pen.) (Galatasaray), Dubois (dk. 64) (RAMS Ba\u015fak\u015fehir)<\/span><br \/>\n<span style=\"font-family: arial, helvetica, sans-serif; font-size: 14px;\">Sar\u0131 kartlar: Dennis, Berkay \u00d6zcan, Lima (RAMS Ba\u015fak\u015fehir), Oliveira, Kerem Demirbay (Galatasaray)<\/span><\/p>\n","protected":false},"excerpt":{"rendered":"<p>Trendyol S\u00fcper Lig\u2019in 6. haftas\u0131nda RAMS Ba\u015fak\u015fehir, sahas\u0131nda kar\u015f\u0131la\u015ft\u0131\u011f\u0131 Galatasaray\u2019a 2-1\u2019lik skorla ma\u011flup oldu. Ma\u00e7tan dakikalar 6. dakikada Boey\u2019in pas\u0131yla<\/p>\n","protected":false},"author":3,"featured_media":15682,"comment_status":"open","ping_status":"open","sticky":false,"template":"","format":"standard","meta":{"colormag_page_container_layout":"default_layout","colormag_page_sidebar_layout":"default_layout","footnotes":""},"categories":[1,5,9],"tags":[],"class_list":["post-15680","post","type-post","status-publish","format-standard","has-post-thumbnail","hentry","category-genel","category-gundem","category-spor"],"_links":{"self":[{"href":"https:\/\/marmarayerelhizmet.com\/index.php\/wp-json\/wp\/v2\/posts\/15680","targetHints":{"allow":["GET"]}}],"collection":[{"href":"https:\/\/marmarayerelhizmet.com\/index.php\/wp-json\/wp\/v2\/posts"}],"about":[{"href":"https:\/\/marmarayerelhizmet.com\/index.php\/wp-json\/wp\/v2\/types\/post"}],"author":[{"embeddable":true,"href":"https:\/\/marmarayerelhizmet.com\/index.php\/wp-json\/wp\/v2\/users\/3"}],"replies":[{"embeddable":true,"href":"https:\/\/marmarayerelhizmet.com\/index.php\/wp-json\/wp\/v2\/comments?post=15680"}],"version-history":[{"count":0,"href":"https:\/\/marmarayerelhizmet.com\/index.php\/wp-json\/wp\/v2\/posts\/15680\/revisions"}],"wp:featuredmedia":[{"embeddable":true,"href":"https:\/\/marmarayerelhizmet.com\/index.php\/wp-json\/wp\/v2\/media\/15682"}],"wp:attachment":[{"href":"https:\/\/marmarayerelhizmet.com\/index.php\/wp-json\/wp\/v2\/media?parent=15680"}],"wp:term":[{"taxonomy":"category","embeddable":true,"href":"https:\/\/marmarayerelhizmet.com\/index.php\/wp-json\/wp\/v2\/categories?post=15680"},{"taxonomy":"post_tag","embeddable":true,"href":"https:\/\/marmarayerelhizmet.com\/index.php\/wp-json\/wp\/v2\/tags?post=15680"}],"curies":[{"name":"wp","href":"https:\/\/api.w.org\/{rel}","templated":true}]}}