{"id":15672,"date":"2023-09-23T11:42:20","date_gmt":"2023-09-23T08:42:20","guid":{"rendered":"https:\/\/marmarayerelhizmet.com\/?p=15672"},"modified":"2023-09-23T11:42:20","modified_gmt":"2023-09-23T08:42:20","slug":"astronotlar-turkiyede-bulusuyor","status":"publish","type":"post","link":"https:\/\/marmarayerelhizmet.com\/index.php\/2023\/09\/23\/astronotlar-turkiyede-bulusuyor\/","title":{"rendered":"Astronotlar T\u00fcrkiye\u2019de Bulu\u015fuyor"},"content":{"rendered":"<p><strong><span style=\"font-family: arial, helvetica, sans-serif; font-size: 14px;\">Sanayi ve Teknoloji Bakan\u0131 Mehmet Fatih Kac\u0131r, T\u00fcrkiye\u2019nin 5 g\u00fcn boyunca 70\u2019i a\u015fk\u0131n d\u00fcnyaca \u00fcnl\u00fc astronotu a\u011f\u0131rlayaca\u011f\u0131n\u0131 belirterek, etkinli\u011fin T\u00fcrkiye\u2019nin Milli Uzay Program\u0131\u2019n\u0131n meyvelerini toplamas\u0131 bak\u0131m\u0131ndan \u00f6nemli oldu\u011funu s\u00f6yledi.<br \/>\n<\/span><\/strong><br \/>\n<span style=\"font-family: arial, helvetica, sans-serif; font-size: 14px;\">Uzay merakl\u0131lar\u0131n\u0131n G\u00f6kmen Uzay Havac\u0131l\u0131k E\u011fitim Merkezi\u2019nde (GUHEM) ger\u00e7ekle\u015ftirilecek zirvede bir araya gelece\u011fini belirten Bakan Kac\u0131r, &#8220;D\u00fcnyada \u00fcn yapm\u0131\u015f astronot ve kozmonotlar\u0131n da kat\u0131laca\u011f\u0131 etkinlik i\u00e7in T\u00fcrkiye\u2019nin se\u00e7ilmesi, Milli Uzay Program\u0131\u2019n\u0131n meyvelerinin toplamas\u0131 bak\u0131m\u0131ndan \u00f6nemli. B\u00fct\u00fcn uzay merakl\u0131lar\u0131n\u0131 bekliyoruz. Gen\u00e7lerimizin, hayallerinin pe\u015finden gitmesi, gelece\u011fin uzay yolcular\u0131n\u0131n onlar\u0131n aras\u0131ndan \u00e7\u0131kaca\u011f\u0131n\u0131 bilmeleri gerekiyor. Gelece\u011fin Aziz Sancar\u2019lar\u0131, milli teknolojinin gen\u00e7 neferleri aras\u0131ndan yeti\u015fiyor. Biz de gen\u00e7lerimizi ve uzaya ilgi duyan milletimize her zaman s\u00f6yledi\u011fimiz gibi sizlerle birlikteyiz, desteklerimizle her zaman yan\u0131n\u0131zday\u0131z&#8221; dedi.<br \/>\n<\/span><br \/>\n<strong><span style=\"font-family: arial, helvetica, sans-serif; font-size: 14px;\">Milli Uzay Program\u0131<\/span><\/strong><br \/>\n<span style=\"font-family: arial, helvetica, sans-serif; font-size: 14px;\">T\u00fcrkiye\u2019nin, Milli Uzay Program\u0131 istikametinde uzaya dair gelecek vizyonunu ortaya koydu\u011funu dikkati \u00e7eken Bakan Kac\u0131r, \u201cT\u00fcrkiye Y\u00fczy\u0131l\u0131\u2019n\u0131 in\u015fa ederken uzay alan\u0131ndaki yetkinliklerimizi daha da ileriye ta\u015f\u0131mak istiyoruz. Orta Vadeli Program\u2019da da Milli Uzay Program\u0131 \u00e7er\u00e7evesinde izleyece\u011fimiz politikay\u0131 vurgulad\u0131k. Program \u00e7er\u00e7evesinde, T\u00fcrkiye\u2019deki uydu geli\u015ftirme ve pazarlama faaliyetlerini koordine ederek, nano ve mikro uydu ile mega tak\u0131m uydu gibi yeni teknolojik alanlarda AR-GE ve \u00fcr\u00fcn geli\u015ftirme \u00e7al\u0131\u015fmalar\u0131n\u0131 ger\u00e7ekle\u015ftirece\u011fiz.\u201d ifadelerini kulland\u0131.<br \/>\n<\/span><br \/>\n<strong><span style=\"font-family: arial, helvetica, sans-serif; font-size: 14px;\">GUHEM\u2019de Uluslararas\u0131 Dev Bulu\u015fma<\/span><\/strong><br \/>\n<span style=\"font-family: arial, helvetica, sans-serif; font-size: 14px;\">T\u00fcrkiye\u2019nin uzay havac\u0131l\u0131k temal\u0131 ilk interaktif e\u011fitim merkezi GUHEM, uluslararas\u0131 dev etkinliklere ev sahipli\u011fi yapmaya devam ediyor. GUHEM ve Bursa Business School organizasyonuyla Bursa\u2019ya gelecek 70\u2019ten fazla astronot 5 g\u00fcn boyunca birbirinden \u00f6nemli etkinliklerde yer alacak.<br \/>\n<\/span><br \/>\n<strong><span style=\"font-family: arial, helvetica, sans-serif; font-size: 14px;\">25-29 Eyl\u00fcl\u2019de Bursa\u2019da<\/span><\/strong><br \/>\n<span style=\"font-family: arial, helvetica, sans-serif; font-size: 14px;\">Bursa Ticaret ve Sanayi Odas\u0131 (BTSO) ve T\u00fcrkiye Bilimsel ve Teknolojik Ara\u015ft\u0131rma Kurumu (T\u00dcB\u0130TAK) i\u015f birli\u011finde, Bursa B\u00fcy\u00fck\u015fehir Belediyesi destekleriyle hayata ge\u00e7irilen GUHEM, Uzay Ka\u015fifleri Derne\u011fi&#8217;nin (Association of Space Explorers- ASE) d\u00fczenledi\u011fi Planetary Congress&#8217;e ev sahipli\u011fi yapmaya haz\u0131rlan\u0131yor. 25-29 Eyl\u00fcl tarihlerinde Bursa&#8217;da ger\u00e7ekle\u015fecek kongrede uzayda yapt\u0131klar\u0131 \u00e7al\u0131\u015fmalarla ad\u0131n\u0131 duyurmu\u015f astronot ve kozmonotlar uzay fark\u0131ndal\u0131\u011f\u0131n\u0131 art\u0131rmak i\u00e7in \u00e7al\u0131\u015fmalarda bulunacak.<br \/>\n<\/span><br \/>\n<strong><span style=\"font-family: arial, helvetica, sans-serif; font-size: 14px;\">19 \u00dclkeden 70\u2019in \u00dczerinde Astronot<\/span><\/strong><br \/>\n<span style=\"font-family: arial, helvetica, sans-serif; font-size: 14px;\">Kongrede, Artemis II g\u00f6reviyle Ay y\u00f6r\u00fcngesine gidecek arac\u0131n pilotu Amerikal\u0131 Victor Grover\u2019dan, iki g\u00f6revde uzayda toplamda 191 g\u00fcn kalm\u0131\u015f \u00c7inli Junlong Fei\u2019ye, uzayda 747 g\u00fcn ge\u00e7iren Rus Kozmonot Sergei Andeev\u2019den, Kanada eski Genel Valisi Astronot Julie Payette\u2019e kadar 19 \u00fclkeden 70\u2019in \u00fczerinde astronot ve uzay \u00e7al\u0131\u015fmalar\u0131 konusunda \u00f6nc\u00fc isimler yer alacak.<\/span><br \/>\n<span style=\"font-family: arial, helvetica, sans-serif; font-size: 14px;\">Uzay konusunda d\u00fcnyan\u0131n en prestijli isimlerini bir araya getirecek olan etkinli\u011fin teknik oturumlar\u0131, BTSO taraf\u0131ndan hayata ge\u00e7irilen i\u015f d\u00fcnyas\u0131n\u0131n e\u011fitim ve geli\u015fim merkezi Bursa Business School Uluda\u011f Kamp\u00fcs\u00fc\u2019nde ger\u00e7ekle\u015ftirilecek. 25 Eyl\u00fcl Pazartesi g\u00fcn\u00fc d\u00fczenlenecek a\u00e7\u0131l\u0131\u015f organizasyonunun ard\u0131ndan T\u00dcB\u0130TAK Ba\u015fkan\u0131 Prof. Dr. Hasan Mandal, TUA Ba\u015fkan\u0131 Serdar H\u00fcseyin Y\u0131ld\u0131r\u0131m, T\u00fcrksat CEO\u2019su H\u00fcseyin Ertok, Plan-S CEO\u2019su Tugay G\u00fczel, T\u00dcB\u0130TAK Uzay Enstit\u00fc M\u00fcd\u00fcr Yard\u0131mc\u0131s\u0131 Alime Y\u0131ld\u0131r\u0131m ve Delta V Genel M\u00fcd\u00fcr\u00fc Arif Karabeyo\u011flu gibi \u00f6nemli isimler teknik oturumlarda bilgi ve deneyimlerini payla\u015facak.<br \/>\n<\/span><br \/>\n<strong><span style=\"font-family: arial, helvetica, sans-serif; font-size: 14px;\">T\u00fcrkiye\u2019nin \u0130lk Uzay Yolcular\u0131 Kat\u0131l\u0131yor<\/span><\/strong><br \/>\n<span style=\"font-family: arial, helvetica, sans-serif; font-size: 14px;\">T\u00fcrkiye\u2019nin ilk uzay yolcular\u0131 Alper Gezeravc\u0131 ve Tuva Atasever de etkinlikler \u00e7er\u00e7evesinde T\u00fcrkiye\u2019nin Gelecek Projeksiyonu oturumu \u00e7er\u00e7evesinde uzay merakl\u0131lar\u0131yla bulu\u015facak. Ayr\u0131ca Yeni Uzay Ekonomisi ile Yer Y\u00f6r\u00fcngesi ve \u00d6tesinde \u00c7al\u0131\u015fmalar oturumlar\u0131nda da Michael Lopez Alegria, Thomas Marshburn, Fei Junlong, John D. Olivas, Anton Shkaplerov, Denis Matveev ve Sergey Korsakov gibi d\u00fcnyaca \u00fcnl\u00fc astronotlar yer alacak. T\u00fcrkiye Cumhuriyeti\u2019nin 100. y\u0131l\u0131nda Bursa&#8217;da ger\u00e7ekle\u015ftirilecek bu b\u00fcy\u00fck organizasyonun temas\u0131 ise Cumhuriyetimizin kurucusu Mustafa Kemal Atat\u00fcrk\u2019\u00fcn \u201c\u0130stikbal G\u00f6klerdedir\u201d s\u00f6z\u00fcnden yola \u00e7\u0131k\u0131larak belirlendi. \u00dclke a\u00e7\u0131s\u0131ndan da tarihi bir kongre niteli\u011findeki bu e\u015fsiz organizasyonda be\u015f g\u00fcn boyunca uzayla ilgili yap\u0131lacak teknik oturumlar\u0131n yan\u0131 s\u0131ra bilim ve toplum etkinlikleriyle, seminerler, s\u00f6yle\u015filer ve \u00e7evrimi\u00e7i platformlarda \u00f6\u011frenci bulu\u015fmalar\u0131 gibi bir\u00e7ok etkinlik d\u00fczenlenecek.<br \/>\n<\/span><br \/>\n<strong><span style=\"font-family: arial, helvetica, sans-serif; font-size: 14px;\">Astronotlar, Vatanda\u015flarla Bir Araya Gelecek<\/span><\/strong><br \/>\n<span style=\"font-family: arial, helvetica, sans-serif; font-size: 14px;\">27 Eyl\u00fcl \u00c7ar\u015famba g\u00fcn\u00fc GUHEM\u2019i ziyaret edecek astronotlar ayr\u0131ca \u2018Bilim-Toplum\u2019 etkinlikleri \u00e7er\u00e7evesinde Merinos Atat\u00fcrk Kongre ve K\u00fclt\u00fcr Merkezi Osmangazi Salonu\u2019nda vatanda\u015flar ve \u00f6\u011frenciler ile bir araya gelecek. BTSO Y\u00f6netim Kurulu Ba\u015fkan\u0131 \u0130brahim Burkay, uzay ve havac\u0131l\u0131k teknolojilerinin d\u00fcnyada b\u00fcy\u00fck bir rekabet alan\u0131na d\u00f6n\u00fc\u015ft\u00fc\u011f\u00fcn\u00fc s\u00f6yledi. T\u00fcrkiye\u2019nin bu alanda Cumhurba\u015fkan\u0131 Recep Tayyip Erdo\u011fan\u2019\u0131n himayelerinde ve Sanayi ve Teknoloji Bakanl\u0131\u011f\u0131\u2019n\u0131n liderli\u011finde gerekli altyap\u0131n\u0131n kurulmas\u0131 a\u00e7\u0131s\u0131ndan \u00f6nemli hamlelere imza att\u0131\u011f\u0131n\u0131 belirten Ba\u015fkan Burkay, T\u00fcrkiye Bilimsel ve Teknolojik Ara\u015ft\u0131rma Kurumu (T\u00dcB\u0130TAK) ortakl\u0131\u011f\u0131 ve Bursa B\u00fcy\u00fck\u015fehir Belediyesi i\u015f birli\u011fiyle hayata ge\u00e7irdikleri GUHEM\u2019in de uzay ve havac\u0131l\u0131k alan\u0131nda nitelikli insan kayna\u011f\u0131 yeti\u015ftirme misyonuyla \u00e7al\u0131\u015fmalar\u0131n\u0131 s\u00fcrd\u00fcrd\u00fc\u011f\u00fcn\u00fc ifade etti. Alan\u0131nda Avrupa\u2019n\u0131n en b\u00fcy\u00fck uzay, havac\u0131l\u0131k ve deneyimleme merkezi olarak Bursa\u2019da hayata ge\u00e7en GUHEM\u2019in uluslararas\u0131 d\u00fczeyde ses getiren nitelikli organizasyonlarla da ad\u0131ndan s\u00f6z ettirdi\u011fini dile getiren \u0130brahim Burkay, bu \u00e7er\u00e7evede Uzay Ka\u015fifleri Derne\u011fi\u2019nin dev organizasyonuna Bursa\u2019da ev sahipli\u011fi yapmaya haz\u0131rland\u0131klar\u0131n\u0131 s\u00f6yledi.<br \/>\n<\/span><br \/>\n<strong><span style=\"font-family: arial, helvetica, sans-serif; font-size: 14px;\">Uluslararas\u0131 Nitelikte Dev Zirve<\/span><\/strong><br \/>\n<span style=\"font-family: arial, helvetica, sans-serif; font-size: 14px;\">Bug\u00fcne kadar \u00e7ok az say\u0131da insan\u0131n uzay s\u0131n\u0131r\u0131n\u0131 a\u015fma \u015fans\u0131na sahip oldu\u011funa i\u015faret eden BTSO Y\u00f6netim Kurulu Ba\u015fkan\u0131 Burkay, \u201cD\u00fcnyaca \u00fcnl\u00fc astronot ve kozmonotlar 5 g\u00fcn boyunca GUHEM ve Bursa Business School organizasyonuyla Bursa\u2019da bizlerle birlikte olacaklar. Uluslararas\u0131 nitelikteki bu derne\u011fin 39 y\u0131ld\u0131r farkl\u0131 \u00fclkelerde uzay \u00e7al\u0131\u015fmalar\u0131 hakk\u0131ndaki yapt\u0131klar\u0131 zirvenin Bursa\u2019da ger\u00e7ekle\u015ftiriliyor olmas\u0131, uzay \u00e7al\u0131\u015fmalar\u0131 hakk\u0131nda deneyimleri ve yenilik\u00e7i \u00e7al\u0131\u015fmalar\u0131 de\u011ferlendirme f\u0131rsat\u0131 sunacak. Bu dev zirve, gen\u00e7lerimizin de uzay ve havac\u0131l\u0131k alan\u0131ndaki fark\u0131ndal\u0131klar\u0131n\u0131 art\u0131rmam\u0131z a\u00e7\u0131s\u0131ndan b\u00fcy\u00fck \u00f6nem ta\u015f\u0131yor. Cumhuriyetimizin 100\u2019\u00fcnc\u00fc y\u0131l\u0131nda \u2018\u0130stikbal G\u00f6klerdedir\u2019 ana temas\u0131yla ev sahipli\u011fi yapmaya haz\u0131rland\u0131\u011f\u0131m\u0131z kongrenin kentimiz ve \u00fclkemiz ad\u0131na \u015fimdiden hay\u0131rl\u0131 olmas\u0131n\u0131 temenni ediyorum\u201d dedi.<\/span><\/p>\n","protected":false},"excerpt":{"rendered":"<p>Sanayi ve Teknoloji Bakan\u0131 Mehmet Fatih Kac\u0131r, T\u00fcrkiye\u2019nin 5 g\u00fcn boyunca 70\u2019i a\u015fk\u0131n d\u00fcnyaca \u00fcnl\u00fc astronotu a\u011f\u0131rlayaca\u011f\u0131n\u0131 belirterek, etkinli\u011fin T\u00fcrkiye\u2019nin<\/p>\n","protected":false},"author":3,"featured_media":15674,"comment_status":"open","ping_status":"open","sticky":false,"template":"","format":"standard","meta":{"colormag_page_container_layout":"default_layout","colormag_page_sidebar_layout":"default_layout","footnotes":""},"categories":[1,5,8],"tags":[],"class_list":["post-15672","post","type-post","status-publish","format-standard","has-post-thumbnail","hentry","category-genel","category-gundem","category-siyaset"],"_links":{"self":[{"href":"https:\/\/marmarayerelhizmet.com\/index.php\/wp-json\/wp\/v2\/posts\/15672","targetHints":{"allow":["GET"]}}],"collection":[{"href":"https:\/\/marmarayerelhizmet.com\/index.php\/wp-json\/wp\/v2\/posts"}],"about":[{"href":"https:\/\/marmarayerelhizmet.com\/index.php\/wp-json\/wp\/v2\/types\/post"}],"author":[{"embeddable":true,"href":"https:\/\/marmarayerelhizmet.com\/index.php\/wp-json\/wp\/v2\/users\/3"}],"replies":[{"embeddable":true,"href":"https:\/\/marmarayerelhizmet.com\/index.php\/wp-json\/wp\/v2\/comments?post=15672"}],"version-history":[{"count":0,"href":"https:\/\/marmarayerelhizmet.com\/index.php\/wp-json\/wp\/v2\/posts\/15672\/revisions"}],"wp:featuredmedia":[{"embeddable":true,"href":"https:\/\/marmarayerelhizmet.com\/index.php\/wp-json\/wp\/v2\/media\/15674"}],"wp:attachment":[{"href":"https:\/\/marmarayerelhizmet.com\/index.php\/wp-json\/wp\/v2\/media?parent=15672"}],"wp:term":[{"taxonomy":"category","embeddable":true,"href":"https:\/\/marmarayerelhizmet.com\/index.php\/wp-json\/wp\/v2\/categories?post=15672"},{"taxonomy":"post_tag","embeddable":true,"href":"https:\/\/marmarayerelhizmet.com\/index.php\/wp-json\/wp\/v2\/tags?post=15672"}],"curies":[{"name":"wp","href":"https:\/\/api.w.org\/{rel}","templated":true}]}}