{"id":15668,"date":"2023-09-23T10:05:25","date_gmt":"2023-09-23T07:05:25","guid":{"rendered":"https:\/\/marmarayerelhizmet.com\/?p=15668"},"modified":"2023-09-23T10:05:25","modified_gmt":"2023-09-23T07:05:25","slug":"beyoglu-millet-kutuphanesine-kavustu","status":"publish","type":"post","link":"https:\/\/marmarayerelhizmet.com\/index.php\/2023\/09\/23\/beyoglu-millet-kutuphanesine-kavustu\/","title":{"rendered":"Beyo\u011flu Millet K\u00fct\u00fcphanesine Kavu\u015ftu"},"content":{"rendered":"<p><strong><span style=\"font-family: arial, helvetica, sans-serif; font-size: 14px;\">Beyo\u011flu\u2019nda restorasyonu tamamlanan tarihi Esgher Sinagogu, Hask\u00f6y Gen\u00e7lik Merkezi ve Millet K\u00fct\u00fcphanesi olarak hizmete a\u00e7\u0131ld\u0131. Beyo\u011flu Belediye Ba\u015fkan\u0131 Haydar Ali Y\u0131ld\u0131z, \u201cBuras\u0131 gen\u00e7lerin tarihle, kitapla bulu\u015ftu\u011fu bir mekan haline geldi\u201d dedi.<br \/>\n<\/span><\/strong><br \/>\n<span style=\"font-family: arial, helvetica, sans-serif; font-size: 14px;\">Beyo\u011flu\u2019nda her semte bir k\u00fct\u00fcphane hedefiyle yola \u00e7\u0131kan Belediye Ba\u015fkan\u0131 Haydar Ali Y\u0131ld\u0131z, bir k\u00fct\u00fcphanenin daha a\u00e7\u0131l\u0131\u015f\u0131n\u0131 ger\u00e7ekle\u015ftirdi. Beyo\u011flu Belediyesince restorasyonu tamamlanan Tarihi Esgher Sinagogu, gen\u00e7lerin yeni bulu\u015fma noktas\u0131 olacak Hask\u00f6y Gen\u00e7lik Merkezi ve Millet K\u00fct\u00fcphanesine d\u00f6n\u00fc\u015ft\u00fcr\u00fcld\u00fc. Yakla\u015f\u0131k bir y\u0131ld\u0131r hizmet veren k\u00fct\u00fcphanenin bug\u00fcnk\u00fc resmi a\u00e7\u0131l\u0131\u015f t\u00f6reninde konu\u015fan Haydar Ali Y\u0131ld\u0131z, bu mekan\u0131 gen\u00e7lerin tarih ve kitapla bulu\u015ftu\u011fu bir yer haline getirdiklerini ve cumhuriyetin 100\u2019\u00fcnc\u00fc y\u0131l\u0131nda, T\u00fcrkiye Y\u00fczy\u0131l\u0131na yak\u0131\u015facak projeleri hayata ge\u00e7irmeye devam edeceklerini belirtti.<\/span><\/p>\n<p><strong><span style=\"font-family: arial, helvetica, sans-serif; font-size: 14px;\">\u201cBuras\u0131 gen\u00e7lerin tarihle, kitapla bulu\u015ftu\u011fu bir mekan haline geldi\u201d<\/span><\/strong><br \/>\n<span style=\"font-family: arial, helvetica, sans-serif; font-size: 14px;\">Cumhuriyetin 100\u2019\u00fcnc\u00fc y\u0131l\u0131nda Beyo\u011flu\u2019na yak\u0131\u015f\u0131r projeleri hayata ge\u00e7irmeye devam edecekleri s\u00f6yleyen Ba\u015fkan Y\u0131ld\u0131z, \u201cBeyo\u011flu\u2019nun neredeyse en eski tarihi mekanlar\u0131ndan biri olan bir eserin \u00f6n\u00fcndeyiz. Bu mekan, gen\u00e7lerin burada tarihle bulu\u015ftu\u011fu, kitapla bulu\u015ftu\u011fu bir mekan haline geldi. Tarihi mekanlar\u0131n kitapla ve onlar\u0131 okuyacak gen\u00e7lerle, \u00e7ocuklarla bulu\u015fmas\u0131 ve onlar\u0131n gelece\u011fi haz\u0131rlanmas\u0131 bizim i\u00e7in fevkalade \u00f6nem arz ediyor. Cumhuriyetimizin 100\u2019\u00fcnc\u00fc y\u0131l\u0131nday\u0131z. Bize bu vatan\u0131 emanet eden Sultan Alparslan\u2019dan, cumhuriyetimizi ilan eden ve bir istiklal m\u00fccadelesiyle Kurtulu\u015f Sava\u015f\u0131\u2019ndan zaferle \u00e7\u0131kan kurucu Cumhurba\u015fkan\u0131m\u0131z Mustafa Kemal Atat\u00fcrk\u2019e, bizlere emanet etti\u011fi cumhuriyetin 100\u2019\u00fcnc\u00fc y\u0131l\u0131nda o y\u00fczy\u0131la yak\u0131\u015fan eserleri Beyo\u011flu\u2019na kazand\u0131rmal\u0131y\u0131z. Lafla olmuyor, yapt\u0131\u011f\u0131n\u0131z eserlerle cumhuriyete katk\u0131 sunman\u0131z, cumhuriyeti ta\u00e7land\u0131rman\u0131z gerekiyor. Bize d\u00fc\u015fen, Beyo\u011flu\u2019na yak\u0131\u015fan da tarihi eserleri 100\u2019\u00fcnc\u00fc y\u0131la yak\u0131\u015fan bir tona getirmektir. B\u00fct\u00fcn bu \u00e7al\u0131\u015fmalarda bizden himayesini, deste\u011fini esirgemeyen Cumhurba\u015fkan\u0131m\u0131z Say\u0131n Recep Tayyip Erdo\u011fan\u2019a te\u015fekk\u00fcr ediyor, hay\u0131rl\u0131 olsun diyorum\u201d dedi.<\/span><\/p>\n<p><strong><span style=\"font-family: arial, helvetica, sans-serif; font-size: 14px;\">Bu k\u00fct\u00fcphanede \u00e7al\u0131\u015farak KPPS\u2019de dereceye girdi<\/span><\/strong><br \/>\n<span style=\"font-family: arial, helvetica, sans-serif; font-size: 14px;\">K\u00fct\u00fcphanenin a\u00e7\u0131lmas\u0131yla birlikte burada ders \u00e7al\u0131\u015fmaya ba\u015flad\u0131\u011f\u0131n\u0131 ve sonucunda da KPSS\u2019de dereceye girdi\u011fini s\u00f6yleyen Furkan Almaz ise, \u201cBen k\u00fct\u00fcphanemizde KPSS \u00e7al\u0131\u015farak T\u00fcrk Dili ve Edebiyat\u0131 \u00d6\u011fretmenli\u011finde 3\u2019\u00fcnc\u00fc olmu\u015f bulunmaktay\u0131m. Bizlere bu g\u00fczel imkanlar\u0131 sa\u011flad\u0131\u011f\u0131 i\u00e7in Beyo\u011flu Belediye Ba\u015fkan\u0131m\u0131z Say\u0131n Haydar Ali Y\u0131ld\u0131z\u2019a \u00e7ok te\u015fekk\u00fcr ediyorum. \u0130nsanlar evlerinde arad\u0131\u011f\u0131 konforu buradaki k\u00fct\u00fcphanelerde bulmaktalar. Ayn\u0131 zamanda bizlere bu hizmeti sa\u011flarken kendimizi evimizde hissettiren buradaki say\u0131n \u00e7al\u0131\u015fanlara da \u00e7ok te\u015fekk\u00fcr ediyorum\u201d diye konu\u015ftu.<\/span><\/p>\n","protected":false},"excerpt":{"rendered":"<p>Beyo\u011flu\u2019nda restorasyonu tamamlanan tarihi Esgher Sinagogu, Hask\u00f6y Gen\u00e7lik Merkezi ve Millet K\u00fct\u00fcphanesi olarak hizmete a\u00e7\u0131ld\u0131. Beyo\u011flu Belediye Ba\u015fkan\u0131 Haydar Ali<\/p>\n","protected":false},"author":3,"featured_media":15670,"comment_status":"open","ping_status":"open","sticky":false,"template":"","format":"standard","meta":{"colormag_page_container_layout":"default_layout","colormag_page_sidebar_layout":"default_layout","footnotes":""},"categories":[45,1,5,8],"tags":[],"class_list":["post-15668","post","type-post","status-publish","format-standard","has-post-thumbnail","hentry","category-egitim","category-genel","category-gundem","category-siyaset"],"_links":{"self":[{"href":"https:\/\/marmarayerelhizmet.com\/index.php\/wp-json\/wp\/v2\/posts\/15668","targetHints":{"allow":["GET"]}}],"collection":[{"href":"https:\/\/marmarayerelhizmet.com\/index.php\/wp-json\/wp\/v2\/posts"}],"about":[{"href":"https:\/\/marmarayerelhizmet.com\/index.php\/wp-json\/wp\/v2\/types\/post"}],"author":[{"embeddable":true,"href":"https:\/\/marmarayerelhizmet.com\/index.php\/wp-json\/wp\/v2\/users\/3"}],"replies":[{"embeddable":true,"href":"https:\/\/marmarayerelhizmet.com\/index.php\/wp-json\/wp\/v2\/comments?post=15668"}],"version-history":[{"count":0,"href":"https:\/\/marmarayerelhizmet.com\/index.php\/wp-json\/wp\/v2\/posts\/15668\/revisions"}],"wp:featuredmedia":[{"embeddable":true,"href":"https:\/\/marmarayerelhizmet.com\/index.php\/wp-json\/wp\/v2\/media\/15670"}],"wp:attachment":[{"href":"https:\/\/marmarayerelhizmet.com\/index.php\/wp-json\/wp\/v2\/media?parent=15668"}],"wp:term":[{"taxonomy":"category","embeddable":true,"href":"https:\/\/marmarayerelhizmet.com\/index.php\/wp-json\/wp\/v2\/categories?post=15668"},{"taxonomy":"post_tag","embeddable":true,"href":"https:\/\/marmarayerelhizmet.com\/index.php\/wp-json\/wp\/v2\/tags?post=15668"}],"curies":[{"name":"wp","href":"https:\/\/api.w.org\/{rel}","templated":true}]}}